{"id":207952,"date":"2025-07-20T23:29:58","date_gmt":"2025-07-20T20:29:58","guid":{"rendered":"https:\/\/www.tgrthaber.com\/mavikadin\/?p=207952"},"modified":"2025-07-20T23:29:58","modified_gmt":"2025-07-20T20:29:58","slug":"sibel-canin-kizi-melisa-uraldan-dikkat-ceken-aciklama-annesiyle-ilgili-sozleri-cok-konusulacak","status":"publish","type":"post","link":"https:\/\/www.tgrthaber.com\/mavikadin\/sibel-canin-kizi-melisa-uraldan-dikkat-ceken-aciklama-annesiyle-ilgili-sozleri-cok-konusulacak\/","title":{"rendered":"Sibel Can&#8217;\u0131n k\u0131z\u0131 Melisa Ural&#8217;dan dikkat \u00e7eken a\u00e7\u0131klama! Annesiyle ilgili s\u00f6zleri \u00e7ok konu\u015fulacak"},"content":{"rendered":"<p>Y\u0131llar\u0131n usta sanat\u00e7\u0131s\u0131 Sibel Can, Harbiye A\u00e7\u0131khava&#8217;da sahneye \u00e7\u0131kmadan \u00f6nce, k\u0131z\u0131 Melisa Ural konser alan\u0131nda kendisine y\u00f6neltilen sorular\u0131 cevaplad\u0131. Melisa Ural yaz planlar\u0131na dair ipu\u00e7lar\u0131 da verirken, annesi Sibel Can&#8217;a dair yapt\u0131\u011f\u0131 dikkat \u00e7eken a\u00e7\u0131klamalarla da g\u00fcndemdeki yerini ald\u0131. \u0130\u015fte Melisa Ural&#8217;dan annesi Sibel Can&#8217;\u0131n Harbiye konseri \u00f6ncesi yapt\u0131\u011f\u0131 dikkat \u00e7eken a\u00e7\u0131klamalar&#8230;<\/p>\n<h3>S\u0130BEL CAN&#8217;IN KIZI MEL\u0130SA URAL&#8217;DAN D\u0130KKAT \u00c7EKEN A\u00c7IKLAMA!<\/h3>\n<p>Sibel Can&#8217;\u0131n Harbiye konseri \u00f6ncesi k\u0131z\u0131 Melisa Ural kameralar\u0131n kar\u015f\u0131s\u0131na ge\u00e7erek \u00e7arp\u0131c\u0131 ve dikkat \u00e7eken a\u00e7\u0131klamalarda bulundu. Melisa Ural annesinin sahneye her \u00e7\u0131k\u0131\u015f\u0131nda ayn\u0131 \u015fekilde heyecanland\u0131\u011f\u0131n\u0131 ve annesinin heyecan\u0131n\u0131 kendisininde ya\u015fad\u0131\u011f\u0131n\u0131 dile getirdi.<\/p>\n<p><img loading=\"lazy\" decoding=\"async\" class=\"alignnone wp-image-207971\" src=\"https:\/\/www.tgrthaber.com\/mavikadin\/wp-content\/uploads\/1200x627-sibel-canin-biricik-kizi-melisa-ural-evleniyor-mu-romantik-kutlamada-dikkat-ceken-detay-melisa-urala-surpriz-e-1683720324808-300x157.webp\" alt=\"\" width=\"1208\" height=\"631\" title=\"\" srcset=\"https:\/\/www.tgrthaber.com\/mavikadin\/wp-content\/uploads\/1200x627-sibel-canin-biricik-kizi-melisa-ural-evleniyor-mu-romantik-kutlamada-dikkat-ceken-detay-melisa-urala-surpriz-e-1683720324808-300x157.webp 300w, https:\/\/www.tgrthaber.com\/mavikadin\/wp-content\/uploads\/1200x627-sibel-canin-biricik-kizi-melisa-ural-evleniyor-mu-romantik-kutlamada-dikkat-ceken-detay-melisa-urala-surpriz-e-1683720324808-1024x535.webp 1024w, https:\/\/www.tgrthaber.com\/mavikadin\/wp-content\/uploads\/1200x627-sibel-canin-biricik-kizi-melisa-ural-evleniyor-mu-romantik-kutlamada-dikkat-ceken-detay-melisa-urala-surpriz-e-1683720324808-768x401.webp 768w, https:\/\/www.tgrthaber.com\/mavikadin\/wp-content\/uploads\/1200x627-sibel-canin-biricik-kizi-melisa-ural-evleniyor-mu-romantik-kutlamada-dikkat-ceken-detay-melisa-urala-surpriz-e-1683720324808.webp 1200w\" sizes=\"(max-width: 1208px) 100vw, 1208px\" \/><\/p>\n<hr \/>\n<p>Hakan Ural ve Sibel Can&#8217;\u0131n k\u0131zlar\u0131 olan Melisa Ural, &#8216;O heyecan\u0131 \u00f6nce ben ya\u015f\u0131yorum. Annemin b\u00fct\u00fcn konserlerinde hep ayn\u0131 duygular\u0131 ya\u015f\u0131yorum, \u00e7ok g\u00fczel ge\u00e7ecek in\u015fallah&#8217; diyerek ya\u015fad\u0131\u011f\u0131 duygular\u0131 t\u00fcm samimiyetiyle aktard\u0131.<\/p>\n<p><img loading=\"lazy\" decoding=\"async\" class=\"alignnone wp-image-207972\" src=\"https:\/\/www.tgrthaber.com\/mavikadin\/wp-content\/uploads\/sibel_candan_kizina_mezuniyet_hediyesi_1526621998_32-300x169.webp\" alt=\"\" width=\"1208\" height=\"680\" title=\"\" srcset=\"https:\/\/www.tgrthaber.com\/mavikadin\/wp-content\/uploads\/sibel_candan_kizina_mezuniyet_hediyesi_1526621998_32-300x169.webp 300w, https:\/\/www.tgrthaber.com\/mavikadin\/wp-content\/uploads\/sibel_candan_kizina_mezuniyet_hediyesi_1526621998_32-1024x576.webp 1024w, https:\/\/www.tgrthaber.com\/mavikadin\/wp-content\/uploads\/sibel_candan_kizina_mezuniyet_hediyesi_1526621998_32-768x432.webp 768w, https:\/\/www.tgrthaber.com\/mavikadin\/wp-content\/uploads\/sibel_candan_kizina_mezuniyet_hediyesi_1526621998_32.webp 1280w\" sizes=\"(max-width: 1208px) 100vw, 1208px\" \/><\/p>\n<hr \/>\n<p>Melisa Ural kendisine y\u00f6neltilen &#8216;Sizin m\u00fczik yetene\u011finiz var m\u0131&#8217; sorusuna ise, &#8216;Bu benim alan\u0131m de\u011fil, bu konuda fazla yetene\u011fim oldu\u011fu s\u00f6ylenemez&#8217; diyerek net bir tav\u0131r sergiledi. Melisa Ural ayn\u0131 zamanda annesi Sibel Can&#8217;\u0131n her zaman yeni bir \u015fark\u0131 haz\u0131rl\u0131\u011f\u0131nda oldu\u011funuda s\u00f6ylemeden ge\u00e7medi. Melisa Ural; &#8216;Annem yeni bir alb\u00fcm \u00e7\u0131karm\u0131\u015f olsa bile her zaman bir yeni \u015fark\u0131 haz\u0131rl\u0131\u011f\u0131nda olur&#8217; diyerek Sibel Can hayranlar\u0131na da yeni bir \u015fark\u0131n\u0131n gelece\u011fi y\u00f6n\u00fcnde ipu\u00e7lar\u0131 verdi.<\/p>\n<p><img loading=\"lazy\" decoding=\"async\" class=\"alignnone wp-image-207973\" src=\"https:\/\/www.tgrthaber.com\/mavikadin\/wp-content\/uploads\/Adsiz-tasarim-7-37-300x169.png\" alt=\"\" width=\"1208\" height=\"680\" title=\"\" srcset=\"https:\/\/www.tgrthaber.com\/mavikadin\/wp-content\/uploads\/Adsiz-tasarim-7-37-300x169.png 300w, https:\/\/www.tgrthaber.com\/mavikadin\/wp-content\/uploads\/Adsiz-tasarim-7-37-1024x576.png 1024w, https:\/\/www.tgrthaber.com\/mavikadin\/wp-content\/uploads\/Adsiz-tasarim-7-37-768x432.png 768w, https:\/\/www.tgrthaber.com\/mavikadin\/wp-content\/uploads\/Adsiz-tasarim-7-37-1536x864.png 1536w, https:\/\/www.tgrthaber.com\/mavikadin\/wp-content\/uploads\/Adsiz-tasarim-7-37.png 1920w\" sizes=\"(max-width: 1208px) 100vw, 1208px\" \/><\/p>\n<hr \/>\n<h3>ANNES\u0130YLE \u0130LG\u0130L\u0130 S\u00d6ZLER\u0130 \u00c7OK KONU\u015eULACAK<\/h3>\n<p>Melisa Ural Harbiye konseri \u00f6ncesi yapt\u0131\u011f\u0131 a\u00e7\u0131klamalarda \u00f6zellikle annesi Sibel Can&#8217;a dair s\u00f6yledi\u011fi s\u00f6zlerle dikkat \u00e7ekti. B\u00fct\u00fcn yaz\u0131 annesiyle ge\u00e7irdi\u011fini belirten Melisa Ural; &#8216;Yaz benim i\u00e7in gayet g\u00fczel ge\u00e7iyor. Biraz yo\u011fun ama zaten hep annemle birlikteyiz. B\u00fct\u00fcn turnelere birlikte gidiyoruz, annemle beraberiz&#8217; dedi.<\/p>\n<p><img loading=\"lazy\" decoding=\"async\" class=\"alignnone wp-image-207974\" src=\"https:\/\/www.tgrthaber.com\/mavikadin\/wp-content\/uploads\/Sibel-Canin-Kizi-Melisa-Ural-1-1100x627-1-300x171.jpg\" alt=\"\" width=\"1208\" height=\"689\" title=\"\" srcset=\"https:\/\/www.tgrthaber.com\/mavikadin\/wp-content\/uploads\/Sibel-Canin-Kizi-Melisa-Ural-1-1100x627-1-300x171.jpg 300w, https:\/\/www.tgrthaber.com\/mavikadin\/wp-content\/uploads\/Sibel-Canin-Kizi-Melisa-Ural-1-1100x627-1-1024x584.jpg 1024w, https:\/\/www.tgrthaber.com\/mavikadin\/wp-content\/uploads\/Sibel-Canin-Kizi-Melisa-Ural-1-1100x627-1-768x438.jpg 768w, https:\/\/www.tgrthaber.com\/mavikadin\/wp-content\/uploads\/Sibel-Canin-Kizi-Melisa-Ural-1-1100x627-1.jpg 1100w\" sizes=\"(max-width: 1208px) 100vw, 1208px\" \/><\/p>\n<hr \/>\n<p>Melisa Ural \u00f6zellikle kendisine y\u00f6neltilen &#8216;Sibel Can&#8217;\u0131n k\u0131z\u0131 olmak nas\u0131l bir duygu?&#8217; sorusuna ise &#8216;Benim i\u00e7in Sibel Can&#8217;\u0131n k\u0131z\u0131 olmaktarifsiz bir duygu&#8217; cevab\u0131n\u0131 verdi.<\/p>\n","protected":false},"excerpt":{"rendered":"<p>Sibel Can&#8217;\u0131n harbiye konseri \u00f6ncesi, kameralara tak\u0131lan ve ayak\u00fcst\u00fc sohbet ger\u00e7ekle\u015ftiren Melisa Ural, annesi Sibel Can ile ilgili dikkat \u00e7eken a\u00e7\u0131klamalarda bulundu. \u0130\u015fte Melisa Ural&#8217;dan \u00e7ok konu\u015fulacak Sibel Can a\u00e7\u0131klamas\u0131&#8230;<\/p>\n","protected":false},"author":35,"featured_media":207954,"comment_status":"closed","ping_status":"closed","sticky":false,"template":"","format":"standard","meta":{"rank_math_lock_modified_date":false,"footnotes":""},"categories":[76],"tags":[28907,133,18171,28908,2810],"class_list":["post-207952","post","type-post","status-publish","format-standard","has-post-thumbnail","hentry","category-magazin","tag-harbiye-konseri","tag-magazin","tag-melisa-ural","tag-melisa-ural-sibel-can-aciklamasi","tag-sibel-can"],"_links":{"self":[{"href":"https:\/\/www.tgrthaber.com\/mavikadin\/wp-json\/wp\/v2\/posts\/207952"}],"collection":[{"href":"https:\/\/www.tgrthaber.com\/mavikadin\/wp-json\/wp\/v2\/posts"}],"about":[{"href":"https:\/\/www.tgrthaber.com\/mavikadin\/wp-json\/wp\/v2\/types\/post"}],"author":[{"embeddable":true,"href":"https:\/\/www.tgrthaber.com\/mavikadin\/wp-json\/wp\/v2\/users\/35"}],"replies":[{"embeddable":true,"href":"https:\/\/www.tgrthaber.com\/mavikadin\/wp-json\/wp\/v2\/comments?post=207952"}],"version-history":[{"count":1,"href":"https:\/\/www.tgrthaber.com\/mavikadin\/wp-json\/wp\/v2\/posts\/207952\/revisions"}],"predecessor-version":[{"id":207975,"href":"https:\/\/www.tgrthaber.com\/mavikadin\/wp-json\/wp\/v2\/posts\/207952\/revisions\/207975"}],"wp:featuredmedia":[{"embeddable":true,"href":"https:\/\/www.tgrthaber.com\/mavikadin\/wp-json\/wp\/v2\/media\/207954"}],"wp:attachment":[{"href":"https:\/\/www.tgrthaber.com\/mavikadin\/wp-json\/wp\/v2\/media?parent=207952"}],"wp:term":[{"taxonomy":"category","embeddable":true,"href":"https:\/\/www.tgrthaber.com\/mavikadin\/wp-json\/wp\/v2\/categories?post=207952"},{"taxonomy":"post_tag","embeddable":true,"href":"https:\/\/www.tgrthaber.com\/mavikadin\/wp-json\/wp\/v2\/tags?post=207952"}],"curies":[{"name":"wp","href":"https:\/\/api.w.org\/{rel}","templated":true}]}}