{"id":207956,"date":"2025-07-20T23:10:53","date_gmt":"2025-07-20T20:10:53","guid":{"rendered":"https:\/\/www.tgrthaber.com\/mavikadin\/?p=207956"},"modified":"2025-07-20T23:10:54","modified_gmt":"2025-07-20T20:10:54","slug":"bahar-sahin-ihtarnamenin-bir-kopyasini-paylasti-zalim-istanbul-dizi-setinde-mobbing-iddiasi-buyuyor","status":"publish","type":"post","link":"https:\/\/www.tgrthaber.com\/mavikadin\/bahar-sahin-ihtarnamenin-bir-kopyasini-paylasti-zalim-istanbul-dizi-setinde-mobbing-iddiasi-buyuyor\/","title":{"rendered":"Bahar \u015eahin ihtarnamenin bir kopyas\u0131n\u0131 payla\u015ft\u0131! Zalim \u0130stanbul dizi setinde mobbing iddias\u0131 b\u00fcy\u00fcyor!"},"content":{"rendered":"<p>Zalim \u0130stanbul dizi setinde 2019 y\u0131l\u0131nda ya\u015fad\u0131\u011f\u0131 zorbal\u0131klar\u0131 anlatan Bahar \u015eahin, delilleri sundu. Programda anlat\u0131lanlar\u0131 reddeden Mine Tugay\u2019\u0131n a\u00e7\u0131klamalar\u0131na kar\u015f\u0131 oyuncudan cevap gecikmedi. \u00dcnl\u00fc oyuncu Bahar \u015eahin resmi instagram hesab\u0131ndan 2022 y\u0131l\u0131nda avukat\u0131 arac\u0131l\u0131\u011f\u0131yla haz\u0131rlanan ihtarnamenin kopyas\u0131n\u0131 payla\u015ft\u0131.<\/p>\n<h3>BAHAR \u015eAH\u0130N\u2019DEN \u0130HTARNAME PAYLA\u015eIMI<\/h3>\n<p>Oyuncu Bahar \u015eahin\u2019in Youtube kanal\u0131nda yapt\u0131\u011f\u0131 a\u00e7\u0131klamalar g\u00fcndem oldu. \u00a0Zalim \u0130stanbul dizisi \u00e7ekimleri s\u0131ras\u0131nda Bahar \u015eahin setteki arkada\u015flar\u0131 taraf\u0131ndan a\u011f\u0131r ithamlara maruz kald\u0131\u011f\u0131n\u0131 ifade etti. O d\u00f6nemde psikolojik olarak ya\u015fad\u0131\u011f\u0131 zorluklar\u0131 anlatan Bahar \u015eahin\u2019in s\u00f6ylemleri, program\u0131 izleyenler taraf\u0131ndan birlikte rol ald\u0131\u011f\u0131 Mine Tugay\u2019a itham edildi.<\/p>\n<p><img loading=\"lazy\" decoding=\"async\" class=\"alignnone wp-image-207947 size-full\" src=\"https:\/\/www.tgrthaber.com\/mavikadin\/wp-content\/uploads\/Adsiz-tasarim-3-60.jpg\" alt=\"\" width=\"1208\" height=\"680\" title=\"\" srcset=\"https:\/\/www.tgrthaber.com\/mavikadin\/wp-content\/uploads\/Adsiz-tasarim-3-60.jpg 1208w, https:\/\/www.tgrthaber.com\/mavikadin\/wp-content\/uploads\/Adsiz-tasarim-3-60-300x169.jpg 300w, https:\/\/www.tgrthaber.com\/mavikadin\/wp-content\/uploads\/Adsiz-tasarim-3-60-1024x576.jpg 1024w, https:\/\/www.tgrthaber.com\/mavikadin\/wp-content\/uploads\/Adsiz-tasarim-3-60-768x432.jpg 768w\" sizes=\"(max-width: 1208px) 100vw, 1208px\" \/><\/p>\n<hr \/>\n<p>Zalim \u0130stanbul dizisinin bir\u00e7ok sahnesinde rol gere\u011fi kar\u015f\u0131 kar\u015f\u0131ya gelen Bahar \u015eahin ve Mine Tugay\u2019\u0131n sahneleri sosyal medyada viral oldu. Dizi i\u00e7erisinde de anla\u015famayan ve s\u00fcrekli tart\u0131\u015fan karakteri oynayan ikilinin o sahneleri g\u00fcndemde tazeli\u011fini koruyor.<\/p>\n<p><img loading=\"lazy\" decoding=\"async\" class=\"alignnone wp-image-207957 size-full\" src=\"https:\/\/www.tgrthaber.com\/mavikadin\/wp-content\/uploads\/Adsiz-tasarim-5-46.jpg\" alt=\"\" width=\"1208\" height=\"680\" title=\"\" srcset=\"https:\/\/www.tgrthaber.com\/mavikadin\/wp-content\/uploads\/Adsiz-tasarim-5-46.jpg 1208w, https:\/\/www.tgrthaber.com\/mavikadin\/wp-content\/uploads\/Adsiz-tasarim-5-46-300x169.jpg 300w, https:\/\/www.tgrthaber.com\/mavikadin\/wp-content\/uploads\/Adsiz-tasarim-5-46-1024x576.jpg 1024w, https:\/\/www.tgrthaber.com\/mavikadin\/wp-content\/uploads\/Adsiz-tasarim-5-46-768x432.jpg 768w\" sizes=\"(max-width: 1208px) 100vw, 1208px\" \/><\/p>\n<hr \/>\n<p>Bahar \u015eahin Mine Tugay\u2019\u0131n resmi instagram hesab\u0131nda yapt\u0131\u011f\u0131 a\u00e7\u0131klaman\u0131n ard\u0131ndan t\u00fcm ger\u00e7ekleri sosyal medya hesab\u0131ndan payla\u015ft\u0131. 2022 y\u0131l\u0131nda Zalim \u0130stanbul setinde ya\u015fad\u0131\u011f\u0131 zorbal\u0131klar\u0131n ger\u00e7ek oldu\u011funu konuyla ili\u015fkin olarak da ihtarname haz\u0131rlay\u0131p yap\u0131m ekibine verdi\u011fini a\u00e7\u0131klad\u0131. Zalim \u0130stanbul yap\u0131m \u015firketinden herhangi bir a\u00e7\u0131klama gelmezken Mine Tugay taraf\u0131ndan bir a\u00e7\u0131klama gelip gelmeyece\u011fi ise merak ediliyor.<\/p>\n<p><img loading=\"lazy\" decoding=\"async\" class=\"alignnone wp-image-207958 size-full\" src=\"https:\/\/www.tgrthaber.com\/mavikadin\/wp-content\/uploads\/Adsiz-tasarim-7-50.jpg\" alt=\"\" width=\"1208\" height=\"680\" title=\"\" srcset=\"https:\/\/www.tgrthaber.com\/mavikadin\/wp-content\/uploads\/Adsiz-tasarim-7-50.jpg 1208w, https:\/\/www.tgrthaber.com\/mavikadin\/wp-content\/uploads\/Adsiz-tasarim-7-50-300x169.jpg 300w, https:\/\/www.tgrthaber.com\/mavikadin\/wp-content\/uploads\/Adsiz-tasarim-7-50-1024x576.jpg 1024w, https:\/\/www.tgrthaber.com\/mavikadin\/wp-content\/uploads\/Adsiz-tasarim-7-50-768x432.jpg 768w\" sizes=\"(max-width: 1208px) 100vw, 1208px\" \/><\/p>\n<hr \/>\n<h3>BAHAR \u015eAH\u0130N \u201c S\u00d6YLEYECEK BA\u015eKA H\u0130\u00c7B\u0130R \u015eEY\u0130M YOK\u201d<\/h3>\n<p>\u00dcnl\u00fc oyuncu Mine Tugay ve Bahar \u015eahin aras\u0131nda sular durulmuyor. \u0130kili aras\u0131nda kar\u015f\u0131l\u0131kl\u0131 yap\u0131lan a\u00e7\u0131klamalara bir yenisi daha eklendi. Bahar \u015eahin sosyal medya hesab\u0131ndan 2019 y\u0131l\u0131nda ekibine kat\u0131ld\u0131\u011f\u0131 Zalim \u0130stanbul dizisinin setinde ya\u015fad\u0131\u011f\u0131 zorbal\u0131klar kar\u015f\u0131s\u0131nda 2022 y\u0131l\u0131nda haz\u0131rlatt\u0131\u011f\u0131 ihtarnameyi yay\u0131nlad\u0131.<\/p>\n<p><img loading=\"lazy\" decoding=\"async\" class=\"alignnone wp-image-207959 size-full\" src=\"https:\/\/www.tgrthaber.com\/mavikadin\/wp-content\/uploads\/bahar-sahin-itharname-paylasti.jpg\" alt=\"\" width=\"1208\" height=\"680\" title=\"\" srcset=\"https:\/\/www.tgrthaber.com\/mavikadin\/wp-content\/uploads\/bahar-sahin-itharname-paylasti.jpg 1208w, https:\/\/www.tgrthaber.com\/mavikadin\/wp-content\/uploads\/bahar-sahin-itharname-paylasti-300x169.jpg 300w, https:\/\/www.tgrthaber.com\/mavikadin\/wp-content\/uploads\/bahar-sahin-itharname-paylasti-1024x576.jpg 1024w, https:\/\/www.tgrthaber.com\/mavikadin\/wp-content\/uploads\/bahar-sahin-itharname-paylasti-768x432.jpg 768w\" sizes=\"(max-width: 1208px) 100vw, 1208px\" \/><\/p>\n<hr \/>\n<p>Bahar \u015eahin, \u201c Bu itharname 2022 y\u0131l\u0131nda ait olup bir n\u00fcshas\u0131 yap\u0131m \u015firketine iletilmi\u015ftir. Kendimi ve sa\u011fl\u0131\u011f\u0131m\u0131 koruyabilmek ad\u0131na at\u0131lm\u0131\u015f bir ad\u0131md\u0131r. S\u00f6yleyecek ba\u015fka hi\u00e7bir \u015feyim yok, te\u015fekk\u00fcr ederim.\u201d s\u00f6zlerini kulland\u0131.<\/p>\n","protected":false},"excerpt":{"rendered":"<p>Bahar \u015eahin, kat\u0131ld\u0131\u011f\u0131 YouTube program\u0131nda \u2018Zalim \u0130stanbul\u2019 setinde ya\u015fad\u0131\u011f\u0131 mobbingi anlatm\u0131\u015ft\u0131. \u0130ddialar\u0131n hedefindeki isim Mine Tugay ise iddialar\u0131 reddetmi\u015fti. Bahar \u015eahin ise \u015fimdi, 2022 y\u0131l\u0131nda imzalad\u0131\u011f\u0131 ihtarnamenin bir kopyas\u0131n\u0131 payla\u015ft\u0131.<\/p>\n","protected":false},"author":10,"featured_media":207960,"comment_status":"closed","ping_status":"closed","sticky":false,"template":"","format":"standard","meta":{"rank_math_lock_modified_date":false,"footnotes":""},"categories":[76],"tags":[28902,28903,133,2218,4336],"class_list":["post-207956","post","type-post","status-publish","format-standard","has-post-thumbnail","hentry","category-magazin","tag-bahar-sahin-itharname","tag-bahar-sahin-zalim-istanbul-dizisi","tag-magazin","tag-magazin-haberleri","tag-mine-tugay"],"_links":{"self":[{"href":"https:\/\/www.tgrthaber.com\/mavikadin\/wp-json\/wp\/v2\/posts\/207956"}],"collection":[{"href":"https:\/\/www.tgrthaber.com\/mavikadin\/wp-json\/wp\/v2\/posts"}],"about":[{"href":"https:\/\/www.tgrthaber.com\/mavikadin\/wp-json\/wp\/v2\/types\/post"}],"author":[{"embeddable":true,"href":"https:\/\/www.tgrthaber.com\/mavikadin\/wp-json\/wp\/v2\/users\/10"}],"replies":[{"embeddable":true,"href":"https:\/\/www.tgrthaber.com\/mavikadin\/wp-json\/wp\/v2\/comments?post=207956"}],"version-history":[{"count":1,"href":"https:\/\/www.tgrthaber.com\/mavikadin\/wp-json\/wp\/v2\/posts\/207956\/revisions"}],"predecessor-version":[{"id":207961,"href":"https:\/\/www.tgrthaber.com\/mavikadin\/wp-json\/wp\/v2\/posts\/207956\/revisions\/207961"}],"wp:featuredmedia":[{"embeddable":true,"href":"https:\/\/www.tgrthaber.com\/mavikadin\/wp-json\/wp\/v2\/media\/207960"}],"wp:attachment":[{"href":"https:\/\/www.tgrthaber.com\/mavikadin\/wp-json\/wp\/v2\/media?parent=207956"}],"wp:term":[{"taxonomy":"category","embeddable":true,"href":"https:\/\/www.tgrthaber.com\/mavikadin\/wp-json\/wp\/v2\/categories?post=207956"},{"taxonomy":"post_tag","embeddable":true,"href":"https:\/\/www.tgrthaber.com\/mavikadin\/wp-json\/wp\/v2\/tags?post=207956"}],"curies":[{"name":"wp","href":"https:\/\/api.w.org\/{rel}","templated":true}]}}