{"id":207978,"date":"2025-07-21T00:32:06","date_gmt":"2025-07-20T21:32:06","guid":{"rendered":"https:\/\/www.tgrthaber.com\/mavikadin\/?p=207978"},"modified":"2025-07-21T00:32:06","modified_gmt":"2025-07-20T21:32:06","slug":"sevdigim-sensin-dizisine-bomba-bir-transfer-daha-deniz-isin-bakin-hangi-rolle-geliyor","status":"publish","type":"post","link":"https:\/\/www.tgrthaber.com\/mavikadin\/sevdigim-sensin-dizisine-bomba-bir-transfer-daha-deniz-isin-bakin-hangi-rolle-geliyor\/","title":{"rendered":"Sevdi\u011fim Sensin dizisine bomba bir transfer daha! Deniz I\u015f\u0131n bak\u0131n hangi rolle geliyor"},"content":{"rendered":"<p>Yeni sezona damga vurmaya haz\u0131rlanan Sevdi\u011fim Sensin, kadrosuna katt\u0131\u011f\u0131 bomba bir transferle g\u00fcndemde. Gazeteci Birsen Altunta\u015f&#8217;\u0131n haberine g\u00f6re, g\u00fczel oyuncu Deniz I\u015f\u0131n, merakla beklenen proje Sevdi\u011fim Sensin dizisinin oyuncu kadrosuna dahil oldu. Ay yap\u0131m imzas\u0131 ta\u015f\u0131yan dizide Deniz I\u015f\u0131n, Nil\u00fcfer&#8217;i oynayacak. Son d\u00f6nemde oyunculuk performans\u0131yla ad\u0131ndan s\u00f6z ettiren ba\u015far\u0131l\u0131 oyuncu Deniz I\u015f\u0131n&#8217;\u0131n yeni rol\u00fc ise \u015fimdiden kulisleri hareketlendirdi. \u0130\u015fte Sevdi\u011fim Sensin kadrosuna kat\u0131lan Deniz I\u015f\u0131n&#8217;\u0131n dizideki rol\u00fcne dair t\u00fcm detaylar&#8230;<\/p>\n<h3>SEVD\u0130\u011e\u0130M SENS\u0130N D\u0130Z\u0130S\u0130 KONUSUYLA EKRANLARA DAMGA VURMAYA HAZIRLANIYOR<\/h3>\n<p>Sezon haz\u0131rl\u0131klar\u0131n\u0131 s\u00fcrd\u00fcren Sevdi\u011fim Sensin dizisi konusuyla dikkatleri daha ba\u015flamadan \u00e7ekti. Dizide yer alan Erkan, askerlik g\u00f6revi i\u00e7in A\u011fr\u0131&#8217;ya gidiyor. Burada Erkan&#8217;\u0131n yolu Rojda ile kesi\u015fiyor.<\/p>\n<p><img loading=\"lazy\" decoding=\"async\" class=\"alignnone wp-image-207987\" src=\"https:\/\/www.tgrthaber.com\/mavikadin\/wp-content\/uploads\/sevdigim-sensin-1-300x169.webp\" alt=\"\" width=\"1208\" height=\"680\" title=\"\" srcset=\"https:\/\/www.tgrthaber.com\/mavikadin\/wp-content\/uploads\/sevdigim-sensin-1-300x169.webp 300w, https:\/\/www.tgrthaber.com\/mavikadin\/wp-content\/uploads\/sevdigim-sensin-1-1024x576.webp 1024w, https:\/\/www.tgrthaber.com\/mavikadin\/wp-content\/uploads\/sevdigim-sensin-1-768x432.webp 768w, https:\/\/www.tgrthaber.com\/mavikadin\/wp-content\/uploads\/sevdigim-sensin-1.webp 1280w\" sizes=\"(max-width: 1208px) 100vw, 1208px\" \/><\/p>\n<hr \/>\n<p>&nbsp;<\/p>\n<p>Askerlik yapt\u0131\u011f\u0131 esnada deprem ya\u015fayan Erkan&#8217;\u0131n hayat\u0131n\u0131 Rojda kurtar\u0131yor. Birbirine tamamen z\u0131t olan ikilinin hayat\u0131nda bir d\u00f6n\u00fcm noktas\u0131 olan bu olay, \u0130stanbul&#8217;da bamba\u015fka bir ser\u00fcvenle hikaye devam ediyor. Birbirinden \u00e7ok farkl\u0131 d\u00fcnyalara sahip Erkan ve Rojda&#8217;n\u0131n aras\u0131nda zorluklara ra\u011fmen g\u00fczel bir a\u015fk ba\u015fl\u0131yor.<\/p>\n<p><img loading=\"lazy\" decoding=\"async\" class=\"alignnone wp-image-207988\" src=\"https:\/\/www.tgrthaber.com\/mavikadin\/wp-content\/uploads\/leyla_ile_mecnundaki_yeni_leyla_kimdir_deniz_isin_kimdir_ve_nerelidir_1630653536_2257-300x169.webp\" alt=\"\" width=\"1208\" height=\"680\" title=\"\" srcset=\"https:\/\/www.tgrthaber.com\/mavikadin\/wp-content\/uploads\/leyla_ile_mecnundaki_yeni_leyla_kimdir_deniz_isin_kimdir_ve_nerelidir_1630653536_2257-300x169.webp 300w, https:\/\/www.tgrthaber.com\/mavikadin\/wp-content\/uploads\/leyla_ile_mecnundaki_yeni_leyla_kimdir_deniz_isin_kimdir_ve_nerelidir_1630653536_2257-1024x576.webp 1024w, https:\/\/www.tgrthaber.com\/mavikadin\/wp-content\/uploads\/leyla_ile_mecnundaki_yeni_leyla_kimdir_deniz_isin_kimdir_ve_nerelidir_1630653536_2257-768x432.webp 768w, https:\/\/www.tgrthaber.com\/mavikadin\/wp-content\/uploads\/leyla_ile_mecnundaki_yeni_leyla_kimdir_deniz_isin_kimdir_ve_nerelidir_1630653536_2257.webp 1280w\" sizes=\"(max-width: 1208px) 100vw, 1208px\" \/><\/p>\n<hr \/>\n<h3>SEVD\u0130\u011e\u0130M SENS\u0130N D\u0130Z\u0130S\u0130NE BOMBA TRANSFER! DEN\u0130Z I\u015eIN BAKIN HANG\u0130 ROLLE GEL\u0130YOR<\/h3>\n<p>Dizide Erkan rol\u00fcn\u00fc \u00fcstlenen Ayta\u00e7 \u015ea\u015fmaz ve Tahir rol\u00fcnde g\u00f6rece\u011fimiz Cihat S\u00fcvario\u011flu&#8217;nun k\u0131z karde\u015fi Nil\u00fcfer&#8217;i oynayacak olan Deniz I\u015f\u0131n, diziye g\u00fc\u00e7l\u00fc bir kad\u0131n karakter olarak dahil olacak. Aldur ailesinin k\u0131z\u0131 olan Nil\u00fcfer&#8217;i, ba\u015far\u0131l\u0131 oyuncu Deniz I\u015f\u0131n&#8217;\u0131n oynayaca\u011f\u0131 haberi, diziye olan heyecan\u0131 ikiye katlam\u0131\u015f durumda. I\u015f\u0131n hayranlar\u0131, g\u00fczel oyuncunun Nil\u00fcfer rol\u00fcnde nas\u0131l bir performans sergileyece\u011fini, daha \u015fimdiden merak etmeye ba\u015flad\u0131 bile.<\/p>\n<p><img loading=\"lazy\" decoding=\"async\" class=\"alignnone wp-image-207991\" src=\"https:\/\/www.tgrthaber.com\/mavikadin\/wp-content\/uploads\/helin-kandemir-sevdigim-sensin-dizisiyle-ekranlara-donuyor-8576-300x178.jpg\" alt=\"\" width=\"1208\" height=\"716\" title=\"\" srcset=\"https:\/\/www.tgrthaber.com\/mavikadin\/wp-content\/uploads\/helin-kandemir-sevdigim-sensin-dizisiyle-ekranlara-donuyor-8576-300x178.jpg 300w, https:\/\/www.tgrthaber.com\/mavikadin\/wp-content\/uploads\/helin-kandemir-sevdigim-sensin-dizisiyle-ekranlara-donuyor-8576.jpg 641w\" sizes=\"(max-width: 1208px) 100vw, 1208px\" \/><\/p>\n<hr \/>\n<p>Sevdi\u011fim Sensin dizisinin y\u00f6netmenli\u011fini G\u00f6k\u00e7en Usta gibi g\u00fc\u00e7l\u00fc bir kalem \u00fcstleniyor. Senaryosu ise Ye\u015fim Aslan&#8217;a ait. \u00c7ekimleri A\u011fr\u0131&#8217;da ba\u015flayacak olan dizi sonraki b\u00f6l\u00fcmler i\u00e7in \u0130stanbul&#8217;da devam edecek.<\/p>\n<p><img loading=\"lazy\" decoding=\"async\" class=\"alignnone wp-image-207992\" src=\"https:\/\/www.tgrthaber.com\/mavikadin\/wp-content\/uploads\/sevdigim_sensine_evet_dedi_trt1_dizisi_bir_zamanlar_istanbul_bittikten_sonra_1750683112_6516-300x169.webp\" alt=\"\" width=\"1208\" height=\"680\" title=\"\" srcset=\"https:\/\/www.tgrthaber.com\/mavikadin\/wp-content\/uploads\/sevdigim_sensine_evet_dedi_trt1_dizisi_bir_zamanlar_istanbul_bittikten_sonra_1750683112_6516-300x169.webp 300w, https:\/\/www.tgrthaber.com\/mavikadin\/wp-content\/uploads\/sevdigim_sensine_evet_dedi_trt1_dizisi_bir_zamanlar_istanbul_bittikten_sonra_1750683112_6516-1024x576.webp 1024w, https:\/\/www.tgrthaber.com\/mavikadin\/wp-content\/uploads\/sevdigim_sensine_evet_dedi_trt1_dizisi_bir_zamanlar_istanbul_bittikten_sonra_1750683112_6516-768x432.webp 768w, https:\/\/www.tgrthaber.com\/mavikadin\/wp-content\/uploads\/sevdigim_sensine_evet_dedi_trt1_dizisi_bir_zamanlar_istanbul_bittikten_sonra_1750683112_6516.webp 1280w\" sizes=\"(max-width: 1208px) 100vw, 1208px\" \/><\/p>\n<hr \/>\n<p>\u015eu anda ne zaman yay\u0131nlanaca\u011f\u0131na dair resmi bir a\u00e7\u0131klama yap\u0131lmasa da, haz\u0131rl\u0131klar\u0131na son s\u00fcrat devam eden Sevdi\u011fim Sensin dizisinin yak\u0131n zamanda izleyicisiyle bulu\u015faca\u011f\u0131 d\u00fc\u015f\u00fcn\u00fcl\u00fcyor.<\/p>\n","protected":false},"excerpt":{"rendered":"<p>Yeni sezonun en \u00e7ok konu\u015fulacak yap\u0131mlar\u0131ndan Sevdi\u011fim Sensin dizisi oyuncu kadrosu transferleriyle dikkat \u00e7ekmeye devam ediyor. Son olarak kadrosuna katt\u0131\u011f\u0131 ba\u015far\u0131l\u0131 oyuncu Deniz I\u015f\u0131n&#8217;\u0131n rol\u00fc \u015fimdiden sosyal medyada merak uyand\u0131rm\u0131\u015f durumda. Sevdi\u011fim Sensin&#8217;in son bomba transferi Deniz I\u015f\u0131n bak\u0131n diziye hangi rolle geliyor! \u0130\u015fte detaylar&#8230;<\/p>\n","protected":false},"author":35,"featured_media":207982,"comment_status":"closed","ping_status":"closed","sticky":false,"template":"","format":"standard","meta":{"rank_math_lock_modified_date":false,"footnotes":""},"categories":[602],"tags":[24322,7579,3602,24309,28914],"class_list":["post-207978","post","type-post","status-publish","format-standard","has-post-thumbnail","hentry","category-diziler","tag-ay-yapim","tag-deniz-isin","tag-diziler","tag-sevdigim-sensin","tag-sevdigim-sensin-nilufer"],"_links":{"self":[{"href":"https:\/\/www.tgrthaber.com\/mavikadin\/wp-json\/wp\/v2\/posts\/207978"}],"collection":[{"href":"https:\/\/www.tgrthaber.com\/mavikadin\/wp-json\/wp\/v2\/posts"}],"about":[{"href":"https:\/\/www.tgrthaber.com\/mavikadin\/wp-json\/wp\/v2\/types\/post"}],"author":[{"embeddable":true,"href":"https:\/\/www.tgrthaber.com\/mavikadin\/wp-json\/wp\/v2\/users\/35"}],"replies":[{"embeddable":true,"href":"https:\/\/www.tgrthaber.com\/mavikadin\/wp-json\/wp\/v2\/comments?post=207978"}],"version-history":[{"count":2,"href":"https:\/\/www.tgrthaber.com\/mavikadin\/wp-json\/wp\/v2\/posts\/207978\/revisions"}],"predecessor-version":[{"id":207996,"href":"https:\/\/www.tgrthaber.com\/mavikadin\/wp-json\/wp\/v2\/posts\/207978\/revisions\/207996"}],"wp:featuredmedia":[{"embeddable":true,"href":"https:\/\/www.tgrthaber.com\/mavikadin\/wp-json\/wp\/v2\/media\/207982"}],"wp:attachment":[{"href":"https:\/\/www.tgrthaber.com\/mavikadin\/wp-json\/wp\/v2\/media?parent=207978"}],"wp:term":[{"taxonomy":"category","embeddable":true,"href":"https:\/\/www.tgrthaber.com\/mavikadin\/wp-json\/wp\/v2\/categories?post=207978"},{"taxonomy":"post_tag","embeddable":true,"href":"https:\/\/www.tgrthaber.com\/mavikadin\/wp-json\/wp\/v2\/tags?post=207978"}],"curies":[{"name":"wp","href":"https:\/\/api.w.org\/{rel}","templated":true}]}}