{"id":208040,"date":"2025-07-21T08:44:12","date_gmt":"2025-07-21T05:44:12","guid":{"rendered":"https:\/\/www.tgrthaber.com\/mavikadin\/?p=208040"},"modified":"2025-07-21T08:44:12","modified_gmt":"2025-07-21T05:44:12","slug":"patlican-kurutmasi-firinda-da-yapilir-mi-patlican-dolmasi-nerede-kurutulur","status":"publish","type":"post","link":"https:\/\/www.tgrthaber.com\/mavikadin\/patlican-kurutmasi-firinda-da-yapilir-mi-patlican-dolmasi-nerede-kurutulur\/","title":{"rendered":"Patl\u0131can kurutmas\u0131 f\u0131r\u0131nda da yap\u0131l\u0131r m\u0131? Patl\u0131can dolmas\u0131 nerede kurutulur?"},"content":{"rendered":"<p>Patl\u0131can kurutmas\u0131n\u0131n f\u0131r\u0131nda yap\u0131l\u0131p yap\u0131lmad\u0131\u011f\u0131 merak ediliyor. Yaz aylar\u0131n\u0131n vazge\u00e7ilmezi sebze kurutma sezonu yava\u015f yava\u015f a\u00e7\u0131lmaya ba\u015flad\u0131. K\u0131\u015fa haz\u0131rl\u0131k yapanlar ise patl\u0131can kurutmas\u0131n\u0131n nerede yap\u0131laca\u011f\u0131n\u0131 merak ediyor. Peki, patl\u0131can kurutmas\u0131 f\u0131r\u0131nda da yap\u0131l\u0131r m\u0131? Patl\u0131can dolmas\u0131 nerede kurutulur? Patl\u0131can kurutmas\u0131na dair merak edilenleri sizin i\u00e7in ara\u015ft\u0131rd\u0131k. \u0130\u015fte patl\u0131can\u0131n nas\u0131l kurutulmas\u0131 gerekti\u011fi hakk\u0131nda bilinmeyenler\u2026<\/p>\n<h3>PATLICAN KURUTMASI FIRINDA DA YAPILIR MI?<\/h3>\n<p>Patl\u0131can kurutma i\u015flemi pek \u00e7ok farkl\u0131 y\u00f6ntemle ger\u00e7ekle\u015febilir. En s\u0131k tercih edilen y\u00f6ntemlerden biri g\u00fcne\u015fte kurutma olsa da f\u0131r\u0131nda ya da ipte kurutma y\u00f6ntemi de s\u0131kl\u0131kla tercih edilen y\u00f6ntemler aras\u0131ndad\u0131r. Patl\u0131can kurutmas\u0131 f\u0131r\u0131nda yap\u0131l\u0131r. Genellikle kurutma f\u0131r\u0131nlar\u0131nda yap\u0131labilen bu i\u015flem, ev tipi f\u0131r\u0131nlarda da kolayl\u0131kla yap\u0131labilir.<\/p>\n<p><img loading=\"lazy\" decoding=\"async\" class=\"alignnone wp-image-208042\" src=\"https:\/\/www.tgrthaber.com\/mavikadin\/wp-content\/uploads\/patlican-kurutma-9-1024x576.jpg\" alt=\"Patl\u0131can kurutmas\u0131 f\u0131r\u0131nda da yap\u0131l\u0131r m\u0131? Patl\u0131can dolmas\u0131 nerede kurutulur?\" width=\"1208\" height=\"680\" title=\"\" srcset=\"https:\/\/www.tgrthaber.com\/mavikadin\/wp-content\/uploads\/patlican-kurutma-9-1024x576.jpg 1024w, https:\/\/www.tgrthaber.com\/mavikadin\/wp-content\/uploads\/patlican-kurutma-9-300x169.jpg 300w, https:\/\/www.tgrthaber.com\/mavikadin\/wp-content\/uploads\/patlican-kurutma-9-768x432.jpg 768w, https:\/\/www.tgrthaber.com\/mavikadin\/wp-content\/uploads\/patlican-kurutma-9.jpg 1208w\" sizes=\"(max-width: 1208px) 100vw, 1208px\" \/><\/p>\n<hr \/>\n<p>Anadolu k\u00fclt\u00fcr\u00fcn\u00fcn vazge\u00e7ilmez bir par\u00e7as\u0131 olan sebze kurutma y\u00f6ntemi, as\u0131rlar \u00f6ncesinden g\u00fcn\u00fcm\u00fcze kadar gelen bir yeme-i\u00e7me al\u0131\u015fkanl\u0131\u011f\u0131d\u0131r. Kurutularak saklanabilen sebzelerin ba\u015f\u0131nda hi\u00e7 \u015f\u00fcphesiz patl\u0131can gelir. Sizde k\u0131\u015f haz\u0131rl\u0131\u011f\u0131 i\u00e7in patl\u0131can kurutmak istiyor fakat patl\u0131canlar\u0131n\u0131z\u0131 nas\u0131l kurutaca\u011f\u0131n\u0131z\u0131 bilmiyorsan\u0131z, do\u011fru yerdesiniz.<\/p>\n<p><img loading=\"lazy\" decoding=\"async\" class=\"alignnone wp-image-208043\" src=\"https:\/\/www.tgrthaber.com\/mavikadin\/wp-content\/uploads\/patlican-kurutma-5-1024x576.jpg\" alt=\"Patl\u0131can kurutmas\u0131 f\u0131r\u0131nda da yap\u0131l\u0131r m\u0131? Patl\u0131can dolmas\u0131 nerede kurutulur?\" width=\"1208\" height=\"680\" title=\"\" srcset=\"https:\/\/www.tgrthaber.com\/mavikadin\/wp-content\/uploads\/patlican-kurutma-5-1024x576.jpg 1024w, https:\/\/www.tgrthaber.com\/mavikadin\/wp-content\/uploads\/patlican-kurutma-5-300x169.jpg 300w, https:\/\/www.tgrthaber.com\/mavikadin\/wp-content\/uploads\/patlican-kurutma-5-768x432.jpg 768w, https:\/\/www.tgrthaber.com\/mavikadin\/wp-content\/uploads\/patlican-kurutma-5.jpg 1208w\" sizes=\"(max-width: 1208px) 100vw, 1208px\" \/><\/p>\n<hr \/>\n<p>Patl\u0131can kurutmada dikkat edilmesi gereken bir\u00e7ok husus vard\u0131r. \u00d6ncelikle alm\u0131\u015f oldu\u011funuz patl\u0131canlar\u0131n d\u00fczg\u00fcn ve d\u00fcz olmas\u0131na mutlaka dikkat etmelisiniz. Bunun yan\u0131 s\u0131ra patl\u0131canlar\u0131n\u0131z\u0131n taze ve parlak kabuklu olmas\u0131 da olduk\u00e7a \u00f6nemlidir. Genellikle g\u00fcne\u015fte, hafif r\u00fczg\u00e2r g\u00f6ren balkonda ya da terasta kurtulan patl\u0131canlar, f\u0131r\u0131nda da kolayl\u0131kla kurutulabilir.<\/p>\n<p><img loading=\"lazy\" decoding=\"async\" class=\"alignnone wp-image-208044\" src=\"https:\/\/www.tgrthaber.com\/mavikadin\/wp-content\/uploads\/patlican-kurutma-10-1024x576.jpg\" alt=\"Patl\u0131can kurutmas\u0131 f\u0131r\u0131nda da yap\u0131l\u0131r m\u0131? Patl\u0131can dolmas\u0131 nerede kurutulur?\" width=\"1208\" height=\"680\" title=\"\" srcset=\"https:\/\/www.tgrthaber.com\/mavikadin\/wp-content\/uploads\/patlican-kurutma-10-1024x576.jpg 1024w, https:\/\/www.tgrthaber.com\/mavikadin\/wp-content\/uploads\/patlican-kurutma-10-300x169.jpg 300w, https:\/\/www.tgrthaber.com\/mavikadin\/wp-content\/uploads\/patlican-kurutma-10-768x432.jpg 768w, https:\/\/www.tgrthaber.com\/mavikadin\/wp-content\/uploads\/patlican-kurutma-10.jpg 1208w\" sizes=\"(max-width: 1208px) 100vw, 1208px\" \/><\/p>\n<hr \/>\n<h3>PATLICAN DOLMASI NEREDE KURUTULUR?<\/h3>\n<p>Patl\u0131can yaz aylar\u0131n\u0131n vazge\u00e7ilmez bir sebzesi olsa da k\u0131\u015f aylar\u0131nda da b\u00fcy\u00fck bir ilgiyle t\u00fcketiliyor. \u00d6zellikle kurutularak t\u00fcketimi sa\u011flanan patl\u0131can, yaz sezonunun en sevilen sebzelerinden biri oluyor. Patl\u0131can kurutman\u0131n \u00e7e\u015fitli y\u00f6ntemleri bulunuyor. Kurutma y\u00f6ntemleri aras\u0131nda; g\u00fcne\u015fte kurutma, f\u0131r\u0131nda kurutma, ipte kurutma gibi \u00e7e\u015fitli alternatifler yer al\u0131yor.<\/p>\n<p><img loading=\"lazy\" decoding=\"async\" class=\"alignnone wp-image-208045\" src=\"https:\/\/www.tgrthaber.com\/mavikadin\/wp-content\/uploads\/patlican-kurutma-4-1024x576.jpg\" alt=\"Patl\u0131can kurutmas\u0131 f\u0131r\u0131nda da yap\u0131l\u0131r m\u0131? Patl\u0131can dolmas\u0131 nerede kurutulur?\" width=\"1208\" height=\"680\" title=\"\" srcset=\"https:\/\/www.tgrthaber.com\/mavikadin\/wp-content\/uploads\/patlican-kurutma-4-1024x576.jpg 1024w, https:\/\/www.tgrthaber.com\/mavikadin\/wp-content\/uploads\/patlican-kurutma-4-300x169.jpg 300w, https:\/\/www.tgrthaber.com\/mavikadin\/wp-content\/uploads\/patlican-kurutma-4-768x432.jpg 768w, https:\/\/www.tgrthaber.com\/mavikadin\/wp-content\/uploads\/patlican-kurutma-4.jpg 1208w\" sizes=\"(max-width: 1208px) 100vw, 1208px\" \/><\/p>\n<hr \/>\n<p>Yaz\u0131n en sevilen sebzelerinden biri olan patl\u0131can, k\u0131\u015f aylar\u0131nda da sofralara kolayl\u0131kla ta\u015f\u0131n\u0131yor. \u00d6zellikle kurutma y\u00f6ntemi tercih edilerek k\u0131\u015f aylar\u0131na kadar sofralara ta\u015f\u0131nan patl\u0131can\u0131n nas\u0131l kurutulmas\u0131 gerekti\u011fi de merak ediliyor.<\/p>\n<p>Patl\u0131canlar\u0131n taze hallerini uzun s\u00fcre saklayabilmeyi sa\u011flayan y\u00f6nteme, patl\u0131can kurutma i\u015flemi deniyor. Patl\u0131can kurutma i\u015flemi, pek \u00e7ok farkl\u0131 y\u00f6ntemle ger\u00e7ekle\u015ftirilebiliyor. G\u00fcne\u015fte kurutma y\u00f6ntemi s\u0131kl\u0131kla tercih edilse de f\u0131r\u0131nda veya ipte kurutma y\u00f6ntemi de en \u00e7ok tercih edilen y\u00f6ntemler aras\u0131nda yer al\u0131yor.<\/p>\n<p><img loading=\"lazy\" decoding=\"async\" class=\"alignnone wp-image-208046\" src=\"https:\/\/www.tgrthaber.com\/mavikadin\/wp-content\/uploads\/patlican-kurutma-11-1024x576.jpg\" alt=\"Patl\u0131can kurutmas\u0131 f\u0131r\u0131nda da yap\u0131l\u0131r m\u0131? Patl\u0131can dolmas\u0131 nerede kurutulur?\" width=\"1208\" height=\"680\" title=\"\" srcset=\"https:\/\/www.tgrthaber.com\/mavikadin\/wp-content\/uploads\/patlican-kurutma-11-1024x576.jpg 1024w, https:\/\/www.tgrthaber.com\/mavikadin\/wp-content\/uploads\/patlican-kurutma-11-300x169.jpg 300w, https:\/\/www.tgrthaber.com\/mavikadin\/wp-content\/uploads\/patlican-kurutma-11-768x432.jpg 768w, https:\/\/www.tgrthaber.com\/mavikadin\/wp-content\/uploads\/patlican-kurutma-11.jpg 1208w\" sizes=\"(max-width: 1208px) 100vw, 1208px\" \/><\/p>\n<hr \/>\n<p>\u00d6ncelikle patl\u0131can kurutma y\u00f6nteminde; patl\u0131canlar\u0131 olabildi\u011fince taze se\u00e7mek gerekir. Patl\u0131canlar g\u00fczelce y\u0131kand\u0131ktan sonra temiz bir havluyla kurulan\u0131r. Patl\u0131can kurutma yemeklik ve dolmal\u0131k olarak \u00e7e\u015fitli y\u00f6ntemlerle kurutulur. Halka ya da dilimler halinde kesilen patl\u0131canlar mutlaka bir s\u00fcre tuzlu suda bekletilir ve patl\u0131canlar\u0131n fazla suyunu salmalar\u0131n\u0131 engellenir.<\/p>\n<p><img loading=\"lazy\" decoding=\"async\" class=\"alignnone wp-image-208047\" src=\"https:\/\/www.tgrthaber.com\/mavikadin\/wp-content\/uploads\/patlican-kurutma-6-1024x576.jpg\" alt=\"Patl\u0131can kurutmas\u0131 f\u0131r\u0131nda da yap\u0131l\u0131r m\u0131? Patl\u0131can dolmas\u0131 nerede kurutulur?\" width=\"1208\" height=\"680\" title=\"\" srcset=\"https:\/\/www.tgrthaber.com\/mavikadin\/wp-content\/uploads\/patlican-kurutma-6-1024x576.jpg 1024w, https:\/\/www.tgrthaber.com\/mavikadin\/wp-content\/uploads\/patlican-kurutma-6-300x169.jpg 300w, https:\/\/www.tgrthaber.com\/mavikadin\/wp-content\/uploads\/patlican-kurutma-6-768x432.jpg 768w, https:\/\/www.tgrthaber.com\/mavikadin\/wp-content\/uploads\/patlican-kurutma-6.jpg 1208w\" sizes=\"(max-width: 1208px) 100vw, 1208px\" \/><\/p>\n<hr \/>\n<p>Yar\u0131m saat boyunca patl\u0131canlar\u0131 tuzlu suda bekletmek gerekir. Tuzlu sudan \u00e7\u0131kar\u0131lan patl\u0131canlar, bol suyla y\u0131kan\u0131r. Tuzun tamamen temizlendi\u011finden emin olundu\u011funda daha sonra ka\u011f\u0131t havlu ya da temiz bir havlu yard\u0131m\u0131yla kurulan\u0131r.<\/p>\n<p>F\u0131r\u0131n tepsisine ya\u011fl\u0131 ka\u011f\u0131tlar\u0131 serilir ve patl\u0131can dilimleri s\u0131rayla yerle\u015ftirilir. Bu a\u015famada patl\u0131can dilimlerinin birbirine de\u011fmemesine dikkat edilmelidir. F\u0131r\u0131n 80 dereceye ayarlan\u0131r ve patl\u0131canlar kurutmak \u00fczere f\u0131r\u0131na verilir. Bu \u015fekilde patl\u0131canlar\u0131n kurumas\u0131 4-5 saat kadar s\u00fcrebilir. Son olarak kuruyan patl\u0131canlar,\u00a0 hava almayacak \u015fekilde saklanmal\u0131d\u0131r.<\/p>\n","protected":false},"excerpt":{"rendered":"<p>Patl\u0131can kurutmas\u0131n\u0131n nerede yap\u0131ld\u0131\u011f\u0131n\u0131 biliyor musunuz? Yaz aylar\u0131n\u0131n vazge\u00e7ilmezlerinden biri olan sebze kurutman\u0131n p\u00fcf noktalar\u0131 ara\u015ft\u0131r\u0131l\u0131yor. Peki, patl\u0131can kurutmas\u0131 f\u0131r\u0131nda da yap\u0131l\u0131r m\u0131? Patl\u0131can dolmas\u0131 nerede kurutulur? \u0130\u015fte detaylar\u2026<\/p>\n","protected":false},"author":26,"featured_media":208041,"comment_status":"closed","ping_status":"closed","sticky":false,"template":"","format":"standard","meta":{"rank_math_lock_modified_date":false,"footnotes":""},"categories":[191],"tags":[4918,28929,28930,8205,17167],"class_list":["post-208040","post","type-post","status-publish","format-standard","has-post-thumbnail","hentry","category-yemek-tarifleri","tag-patlican","tag-patlican-kurutmasi","tag-sebze-kurutma","tag-yemek-tarifi","tag-yemek-tarifi-haberleri"],"_links":{"self":[{"href":"https:\/\/www.tgrthaber.com\/mavikadin\/wp-json\/wp\/v2\/posts\/208040"}],"collection":[{"href":"https:\/\/www.tgrthaber.com\/mavikadin\/wp-json\/wp\/v2\/posts"}],"about":[{"href":"https:\/\/www.tgrthaber.com\/mavikadin\/wp-json\/wp\/v2\/types\/post"}],"author":[{"embeddable":true,"href":"https:\/\/www.tgrthaber.com\/mavikadin\/wp-json\/wp\/v2\/users\/26"}],"replies":[{"embeddable":true,"href":"https:\/\/www.tgrthaber.com\/mavikadin\/wp-json\/wp\/v2\/comments?post=208040"}],"version-history":[{"count":1,"href":"https:\/\/www.tgrthaber.com\/mavikadin\/wp-json\/wp\/v2\/posts\/208040\/revisions"}],"predecessor-version":[{"id":208048,"href":"https:\/\/www.tgrthaber.com\/mavikadin\/wp-json\/wp\/v2\/posts\/208040\/revisions\/208048"}],"wp:featuredmedia":[{"embeddable":true,"href":"https:\/\/www.tgrthaber.com\/mavikadin\/wp-json\/wp\/v2\/media\/208041"}],"wp:attachment":[{"href":"https:\/\/www.tgrthaber.com\/mavikadin\/wp-json\/wp\/v2\/media?parent=208040"}],"wp:term":[{"taxonomy":"category","embeddable":true,"href":"https:\/\/www.tgrthaber.com\/mavikadin\/wp-json\/wp\/v2\/categories?post=208040"},{"taxonomy":"post_tag","embeddable":true,"href":"https:\/\/www.tgrthaber.com\/mavikadin\/wp-json\/wp\/v2\/tags?post=208040"}],"curies":[{"name":"wp","href":"https:\/\/api.w.org\/{rel}","templated":true}]}}