{"id":208049,"date":"2025-07-21T09:20:12","date_gmt":"2025-07-21T06:20:12","guid":{"rendered":"https:\/\/www.tgrthaber.com\/mavikadin\/?p=208049"},"modified":"2025-07-21T09:20:12","modified_gmt":"2025-07-21T06:20:12","slug":"unlu-fenomen-enes-batura-mahkeme-soku-kira-kriziyle-gundemde","status":"publish","type":"post","link":"https:\/\/www.tgrthaber.com\/mavikadin\/unlu-fenomen-enes-batura-mahkeme-soku-kira-kriziyle-gundemde\/","title":{"rendered":"\u00dcnl\u00fc fenomen Enes Batur\u2019a mahkeme \u015foku! Kira kriziyle g\u00fcndemde"},"content":{"rendered":"<p>\u00c7ekti\u011fi videolarla YouTube\u2019da izlenme rekorlar\u0131 k\u0131ran \u00fcnl\u00fc fenomen Enes Batur, son zamanlarda sessizli\u011fiyle dikkatleri \u00fczerine \u00e7ekiyordu. Neredeyse eski pop\u00fclerli\u011fini kaybeden ve unutulmaya y\u00fcz tutan Enes Batur, ev sahibiyle ya\u015fad\u0131\u011f\u0131 kira kriziyle yeniden g\u00fcndeme geldi. Taraflar aras\u0131ndaki anla\u015fmazl\u0131k ise mahkemeye ta\u015f\u0131nd\u0131. \u0130\u015fte Enes Batur\u2019un mahkeme s\u00fcrecindeki detaylar\u2026<\/p>\n<h3>\u00dcNL\u00dc FENOMEN ENES BATUR\u2019A MAHKEME \u015eOKU!<\/h3>\n<p>YouTube\u2019un sevilen isimleri aras\u0131nda yer alan Enes Batur, \u015fimdilerde sessizli\u011fiyle dikkatleri \u00fczerine \u00e7ekiyor. \u00c7ekti\u011fi videolarla b\u00fcy\u00fck bir hayran kitlesine sahip olan Batur, \u00f6zellikle gen\u00e7 takip\u00e7ilerinin ilgi oda\u011f\u0131 oluyordu. \u015eimdilerde sosyal medyadan ve YouTube\u2019dan bir hayli uzakla\u015fan Batur, enteresan payla\u015f\u0131mlar\u0131yla da dikkatleri \u00fczerine \u00e7ekiyor.<\/p>\n<p><img loading=\"lazy\" decoding=\"async\" class=\"alignnone wp-image-208051\" src=\"https:\/\/www.tgrthaber.com\/mavikadin\/wp-content\/uploads\/enes-batur-mahkeme-5-1024x576.jpg\" alt=\"\u00dcnl\u00fc fenomen Enes Batur\u2019a mahkeme \u015foku! Kira kriziyle g\u00fcndemde\" width=\"1208\" height=\"680\" title=\"\" srcset=\"https:\/\/www.tgrthaber.com\/mavikadin\/wp-content\/uploads\/enes-batur-mahkeme-5-1024x576.jpg 1024w, https:\/\/www.tgrthaber.com\/mavikadin\/wp-content\/uploads\/enes-batur-mahkeme-5-300x169.jpg 300w, https:\/\/www.tgrthaber.com\/mavikadin\/wp-content\/uploads\/enes-batur-mahkeme-5-768x432.jpg 768w, https:\/\/www.tgrthaber.com\/mavikadin\/wp-content\/uploads\/enes-batur-mahkeme-5.jpg 1208w\" sizes=\"(max-width: 1208px) 100vw, 1208px\" \/><\/p>\n<hr \/>\n<p>\u00d6zellikle Instagram \u00fczerinden zaman zaman yapt\u0131\u011f\u0131 payla\u015f\u0131mlarla ad\u0131ndan s\u00f6z ettiren Enes Batur, \u015fimdilerde sessizli\u011fi ve sakinli\u011fiyle unutulmaya y\u00fcz tutuyor. Bir d\u00f6nem \u00e7ekti\u011fi videolarla geni\u015f bir takip\u00e7i kitlesine ula\u015fan ve izlenme rekorlar\u0131 k\u0131ran \u00fcnl\u00fc fenomen, son d\u00f6nemlerde ya\u015fad\u0131\u011f\u0131 kira kriziyle g\u00fcndeme geliyor.<\/p>\n<p><img loading=\"lazy\" decoding=\"async\" class=\"alignnone wp-image-208052\" src=\"https:\/\/www.tgrthaber.com\/mavikadin\/wp-content\/uploads\/enes-batur-mahkeme-6-1024x576.jpg\" alt=\"\u00dcnl\u00fc fenomen Enes Batur\u2019a mahkeme \u015foku! Kira kriziyle g\u00fcndemde\" width=\"1208\" height=\"680\" title=\"\" srcset=\"https:\/\/www.tgrthaber.com\/mavikadin\/wp-content\/uploads\/enes-batur-mahkeme-6-1024x576.jpg 1024w, https:\/\/www.tgrthaber.com\/mavikadin\/wp-content\/uploads\/enes-batur-mahkeme-6-300x169.jpg 300w, https:\/\/www.tgrthaber.com\/mavikadin\/wp-content\/uploads\/enes-batur-mahkeme-6-768x432.jpg 768w, https:\/\/www.tgrthaber.com\/mavikadin\/wp-content\/uploads\/enes-batur-mahkeme-6.jpg 1208w\" sizes=\"(max-width: 1208px) 100vw, 1208px\" \/><\/p>\n<hr \/>\n<p>Sabah\u2019tan G\u00f6khan G\u00f6kduman\u2019\u0131n haberine g\u00f6re; Enes Batur\u2019un, Ni\u015fanta\u015f\u0131\u2019nda kirada oturdu\u011fu daireyi sat\u0131n alan ev sahibi Atadan T., evde kendisinin oturmak istedi\u011fini belirterek \u00fcnl\u00fc fenomenden daireyi bo\u015faltmas\u0131n\u0131 istedi. Batur ise bu durum kar\u015f\u0131s\u0131nda dairenin yak\u0131n zamanda bo\u015falt\u0131lmas\u0131n\u0131n m\u00fcmk\u00fcn olmad\u0131\u011f\u0131n\u0131 s\u00f6yledi ve taraflar mahkemelik oldu.<\/p>\n<p><img loading=\"lazy\" decoding=\"async\" class=\"alignnone wp-image-208053\" src=\"https:\/\/www.tgrthaber.com\/mavikadin\/wp-content\/uploads\/enes-batur-mahkeme-2-1024x576.jpg\" alt=\"\u00dcnl\u00fc fenomen Enes Batur\u2019a mahkeme \u015foku! Kira kriziyle g\u00fcndemde\" width=\"1208\" height=\"680\" title=\"\" srcset=\"https:\/\/www.tgrthaber.com\/mavikadin\/wp-content\/uploads\/enes-batur-mahkeme-2-1024x576.jpg 1024w, https:\/\/www.tgrthaber.com\/mavikadin\/wp-content\/uploads\/enes-batur-mahkeme-2-300x169.jpg 300w, https:\/\/www.tgrthaber.com\/mavikadin\/wp-content\/uploads\/enes-batur-mahkeme-2-768x432.jpg 768w, https:\/\/www.tgrthaber.com\/mavikadin\/wp-content\/uploads\/enes-batur-mahkeme-2.jpg 1208w\" sizes=\"(max-width: 1208px) 100vw, 1208px\" \/><\/p>\n<hr \/>\n<h3>ENES BATUR K\u0130RA KR\u0130Z\u0130YLE G\u00dcNDEMDE!<\/h3>\n<p>Bir s\u00fcredir \u00f6zel hayat\u0131n\u0131 g\u00f6zlerden uzak ya\u015famay\u0131 tercih eden Enes Batur, \u015fimdilerde kira kriziyle g\u00fcndeme geliyor. \u00d6zellikle sosyal medyadan uzakla\u015fmas\u0131yla dikkatleri \u00fczerine \u00e7eken Batur, ev sahibiyle mahkemelik oldu. Batur ve ev sahibi Atadan T., kira konusunda anla\u015famay\u0131nca solu\u011fu mahkemede ald\u0131. Taraflar aras\u0131ndaki dava, ge\u00e7ti\u011fimiz g\u00fcnlerde \u0130stanbul Sulh Hukuk Mahkemesi&#8217;nde g\u00f6r\u00fcld\u00fc.<\/p>\n<p><img loading=\"lazy\" decoding=\"async\" class=\"alignnone wp-image-208054\" src=\"https:\/\/www.tgrthaber.com\/mavikadin\/wp-content\/uploads\/Adsiz-tasarim-40-34-1024x576.jpg\" alt=\"\u00dcnl\u00fc fenomen Enes Batur\u2019a mahkeme \u015foku! Kira kriziyle g\u00fcndemde\" width=\"1208\" height=\"680\" title=\"\" srcset=\"https:\/\/www.tgrthaber.com\/mavikadin\/wp-content\/uploads\/Adsiz-tasarim-40-34-1024x576.jpg 1024w, https:\/\/www.tgrthaber.com\/mavikadin\/wp-content\/uploads\/Adsiz-tasarim-40-34-300x169.jpg 300w, https:\/\/www.tgrthaber.com\/mavikadin\/wp-content\/uploads\/Adsiz-tasarim-40-34-768x432.jpg 768w, https:\/\/www.tgrthaber.com\/mavikadin\/wp-content\/uploads\/Adsiz-tasarim-40-34.jpg 1208w\" sizes=\"(max-width: 1208px) 100vw, 1208px\" \/><\/p>\n<hr \/>\n<p>Ev sahibi Atadan T., savunmas\u0131nda kirada oturdu\u011funu ve y\u00fcksek kira bedellerinden dolay\u0131 evine ta\u015f\u0131nmak istemesinin do\u011fal hakk\u0131 oldu\u011funu ifade etti. \u00dcnl\u00fc fenomen Enes Batur ise evden tahliye edilme talebinin Kat M\u00fclkiyeti Kanunu\u2019na ayk\u0131r\u0131 oldu\u011funu ve kendisine uygun ev bulmadan \u00e7\u0131kmas\u0131n\u0131n do\u011fru olmad\u0131\u011f\u0131n\u0131 belirtti. Mahkeme, Enes Batur\u2019un daireyi tahliye etmesine karar verince \u00fcnl\u00fc fenomen, dosyay\u0131 \u00fcst mahkemeye ta\u015f\u0131d\u0131. \u0130stanbul B\u00f6lge Adliye Mahkemesi de itiraz \u00fczerine dosyay\u0131 kabul etti.<\/p>\n","protected":false},"excerpt":{"rendered":"<p>Bir zamanlar\u0131n b\u00fcy\u00fck bir ilgiyle takip edilen sosyal medya fenomeni Enes Batur, \u015fimdilerde mahkemelik oldu\u011fu haberleriyle g\u00fcndeme geliyor. Peki, Enes Batur neden mahkemelik oldu? \u0130\u015fte detaylar\u2026 <\/p>\n","protected":false},"author":26,"featured_media":208050,"comment_status":"closed","ping_status":"closed","sticky":false,"template":"","format":"standard","meta":{"rank_math_lock_modified_date":false,"footnotes":""},"categories":[76],"tags":[28931,28932,133,2218,7227],"class_list":["post-208049","post","type-post","status-publish","format-standard","has-post-thumbnail","hentry","category-magazin","tag-enes-batur","tag-enes-batur-kira-krizi","tag-magazin","tag-magazin-haberleri","tag-mahkeme"],"_links":{"self":[{"href":"https:\/\/www.tgrthaber.com\/mavikadin\/wp-json\/wp\/v2\/posts\/208049"}],"collection":[{"href":"https:\/\/www.tgrthaber.com\/mavikadin\/wp-json\/wp\/v2\/posts"}],"about":[{"href":"https:\/\/www.tgrthaber.com\/mavikadin\/wp-json\/wp\/v2\/types\/post"}],"author":[{"embeddable":true,"href":"https:\/\/www.tgrthaber.com\/mavikadin\/wp-json\/wp\/v2\/users\/26"}],"replies":[{"embeddable":true,"href":"https:\/\/www.tgrthaber.com\/mavikadin\/wp-json\/wp\/v2\/comments?post=208049"}],"version-history":[{"count":2,"href":"https:\/\/www.tgrthaber.com\/mavikadin\/wp-json\/wp\/v2\/posts\/208049\/revisions"}],"predecessor-version":[{"id":208056,"href":"https:\/\/www.tgrthaber.com\/mavikadin\/wp-json\/wp\/v2\/posts\/208049\/revisions\/208056"}],"wp:featuredmedia":[{"embeddable":true,"href":"https:\/\/www.tgrthaber.com\/mavikadin\/wp-json\/wp\/v2\/media\/208050"}],"wp:attachment":[{"href":"https:\/\/www.tgrthaber.com\/mavikadin\/wp-json\/wp\/v2\/media?parent=208049"}],"wp:term":[{"taxonomy":"category","embeddable":true,"href":"https:\/\/www.tgrthaber.com\/mavikadin\/wp-json\/wp\/v2\/categories?post=208049"},{"taxonomy":"post_tag","embeddable":true,"href":"https:\/\/www.tgrthaber.com\/mavikadin\/wp-json\/wp\/v2\/tags?post=208049"}],"curies":[{"name":"wp","href":"https:\/\/api.w.org\/{rel}","templated":true}]}}