{"id":208058,"date":"2025-07-21T09:58:54","date_gmt":"2025-07-21T06:58:54","guid":{"rendered":"https:\/\/www.tgrthaber.com\/mavikadin\/?p=208058"},"modified":"2025-07-21T09:58:54","modified_gmt":"2025-07-21T06:58:54","slug":"uyuyan-prens-kimdir-prens-velid-bin-halid-bin-talal-bin-abdulaziz-el-suud-kac-yasinda-ve-neden-oldu","status":"publish","type":"post","link":"https:\/\/www.tgrthaber.com\/mavikadin\/uyuyan-prens-kimdir-prens-velid-bin-halid-bin-talal-bin-abdulaziz-el-suud-kac-yasinda-ve-neden-oldu\/","title":{"rendered":"Uyuyan prens kimdir? Prens Velid bin Halid bin Talal bin Abd\u00fclaziz El Suud ka\u00e7 ya\u015f\u0131nda ve neden \u00f6ld\u00fc?"},"content":{"rendered":"<p>Prens Velid bin Halid bin Talal bin Abd\u00fclaziz El Suud, ge\u00e7irdi\u011fi trafik kazas\u0131 sonras\u0131 20 y\u0131l koma da kald\u0131. Ge\u00e7ti\u011fimiz saatler de \u201cUyuyan Prens\u201d olarak bilinen El Suud, vefat etti. Bu haber sonras\u0131 Prens Velid bin Halid bin Talal bin Abd\u00fclaziz El Suud, merak edildi. Peki, Uyuyan prens kimdir? Prens Velid bin Halid bin Talal bin Abd\u00fclaziz El Suud ka\u00e7 ya\u015f\u0131nda ve neden \u00f6ld\u00fc? sorular\u0131n\u0131 sizin i\u00e7in ara\u015ft\u0131rd\u0131k. \u0130\u015fte detaylar\u2026<\/p>\n<h3>UYUYAN PRENS K\u0130MD\u0130R?<\/h3>\n<p>Suudi Arabistan\u2019da Prens Prens Velid bin Halid bin Talal bin Abd\u00fclaziz El Suud, koma da ge\u00e7irdi\u011fi 20 y\u0131l\u0131n ard\u0131ndan vefat haberi ile g\u00fcndeme geliyor. Gulf News haber sitesine g\u00f6re, uyuyan prens olarak bilinen Prens Prens Velid bin Halid bin Talal bin Abd\u00fclaziz El Suud, 1990 y\u0131l\u0131nda d\u00fcnyaya geldi. Prens Halid bin Talal El Suud\u2019un en b\u00fcy\u00fck o\u011fludur.<\/p>\n<p><img loading=\"lazy\" decoding=\"async\" class=\"alignnone size-full wp-image-208070\" src=\"https:\/\/www.tgrthaber.com\/mavikadin\/wp-content\/uploads\/ARZU-22-12.jpg\" alt=\"Uyuyan prens kimdir? Prens Velid bin Halid bin Talal bin Abd\u00fclaziz El Suud ka\u00e7 ya\u015f\u0131nda ve neden \u00f6ld\u00fc?\" width=\"1208\" height=\"680\" title=\"\" srcset=\"https:\/\/www.tgrthaber.com\/mavikadin\/wp-content\/uploads\/ARZU-22-12.jpg 1208w, https:\/\/www.tgrthaber.com\/mavikadin\/wp-content\/uploads\/ARZU-22-12-300x169.jpg 300w, https:\/\/www.tgrthaber.com\/mavikadin\/wp-content\/uploads\/ARZU-22-12-1024x576.jpg 1024w, https:\/\/www.tgrthaber.com\/mavikadin\/wp-content\/uploads\/ARZU-22-12-768x432.jpg 768w\" sizes=\"(max-width: 1208px) 100vw, 1208px\" \/><\/p>\n<hr \/>\n<p>Prens Velid bin Halid bin Talal bin Abd\u00fclaziz El Suud, 2005 y\u0131l\u0131nda 15 yal\u0131ndayken \u0130ngiltere\u2019nin ba\u015fkenti olan Londra\u2019da askeri e\u011fitim g\u00f6r\u00fcrken orada ald\u0131\u011f\u0131 a\u011f\u0131r bir trafik kazas\u0131 nedeniyle Prens Velid, beyninde hasar olu\u015fmas\u0131n\u0131 sonucu Prens\u2019in i\u00e7 kanama ge\u00e7irdi\u011fi tespit edildi.<\/p>\n<h3><img loading=\"lazy\" decoding=\"async\" class=\"alignnone size-full wp-image-208068\" src=\"https:\/\/www.tgrthaber.com\/mavikadin\/wp-content\/uploads\/ARZU-24-12.jpg\" alt=\"Uyuyan prens kimdir? Prens Velid bin Halid bin Talal bin Abd\u00fclaziz El Suud ka\u00e7 ya\u015f\u0131nda ve neden \u00f6ld\u00fc?\" width=\"1208\" height=\"680\" title=\"\" srcset=\"https:\/\/www.tgrthaber.com\/mavikadin\/wp-content\/uploads\/ARZU-24-12.jpg 1208w, https:\/\/www.tgrthaber.com\/mavikadin\/wp-content\/uploads\/ARZU-24-12-300x169.jpg 300w, https:\/\/www.tgrthaber.com\/mavikadin\/wp-content\/uploads\/ARZU-24-12-1024x576.jpg 1024w, https:\/\/www.tgrthaber.com\/mavikadin\/wp-content\/uploads\/ARZU-24-12-768x432.jpg 768w\" sizes=\"(max-width: 1208px) 100vw, 1208px\" \/><\/h3>\n<hr \/>\n<h3>PRENS VEL\u0130D B\u0130N HAL\u0130D B\u0130N TALAL B\u0130N ABD\u00dcLAZ\u0130Z EL SUUD KA\u00c7 YA\u015eINDA?<\/h3>\n<p>Ge\u00e7ti\u011fimiz g\u00fcnler de hayat\u0131n\u0131 kaybeden Prens Velid bin Halid bin Talal bin Abd\u00fclaziz El Suud, kazan\u0131n ard\u0131ndan Suudi Arabistan\u2019\u0131n ba\u015fkent, Riyad\u2019a getirildi. Riyad\u2019daki Krali Abd\u00fclaziz T\u0131p Kenti\u2019nde aral\u0131ks\u0131z bir tedavi ve bak\u0131m sa\u011flanmaya ba\u015fland\u0131.<\/p>\n<p><img loading=\"lazy\" decoding=\"async\" class=\"alignnone size-full wp-image-208067\" src=\"https:\/\/www.tgrthaber.com\/mavikadin\/wp-content\/uploads\/ARZU-25-12.jpg\" alt=\"Uyuyan prens kimdir? Prens Velid bin Halid bin Talal bin Abd\u00fclaziz El Suud ka\u00e7 ya\u015f\u0131nda ve neden \u00f6ld\u00fc?\" width=\"1208\" height=\"680\" title=\"\" srcset=\"https:\/\/www.tgrthaber.com\/mavikadin\/wp-content\/uploads\/ARZU-25-12.jpg 1208w, https:\/\/www.tgrthaber.com\/mavikadin\/wp-content\/uploads\/ARZU-25-12-300x169.jpg 300w, https:\/\/www.tgrthaber.com\/mavikadin\/wp-content\/uploads\/ARZU-25-12-1024x576.jpg 1024w, https:\/\/www.tgrthaber.com\/mavikadin\/wp-content\/uploads\/ARZU-25-12-768x432.jpg 768w\" sizes=\"(max-width: 1208px) 100vw, 1208px\" \/><\/p>\n<hr \/>\n<p>36 ya\u015f\u0131nda hayata veda eden Prens Velid, The Times Of India haber sitesinin payla\u015ft\u0131\u011f\u0131 bilgilere g\u00f6re, Suudi Prense ABD\u2019li ve \u0130spanyal\u0131 hekimler tedavi uygulam\u0131\u015f ancak kazadan sonra bilinci hi\u00e7bir zaman geri gelmemi\u015ftir. Zaman zaman parmak hareketleri gibi uyanabilece\u011fine dair umut verse de m\u00fcmk\u00fcn olmad\u0131.<\/p>\n<h3><img loading=\"lazy\" decoding=\"async\" class=\"alignnone size-full wp-image-208069\" src=\"https:\/\/www.tgrthaber.com\/mavikadin\/wp-content\/uploads\/ARZU-23-12.jpg\" alt=\"Uyuyan prens kimdir? Prens Velid bin Halid bin Talal bin Abd\u00fclaziz El Suud ka\u00e7 ya\u015f\u0131nda ve neden \u00f6ld\u00fc?\" width=\"1208\" height=\"680\" title=\"\" srcset=\"https:\/\/www.tgrthaber.com\/mavikadin\/wp-content\/uploads\/ARZU-23-12.jpg 1208w, https:\/\/www.tgrthaber.com\/mavikadin\/wp-content\/uploads\/ARZU-23-12-300x169.jpg 300w, https:\/\/www.tgrthaber.com\/mavikadin\/wp-content\/uploads\/ARZU-23-12-1024x576.jpg 1024w, https:\/\/www.tgrthaber.com\/mavikadin\/wp-content\/uploads\/ARZU-23-12-768x432.jpg 768w\" sizes=\"(max-width: 1208px) 100vw, 1208px\" \/><\/h3>\n<hr \/>\n<h3>PRENS VEL\u0130D B\u0130N HAL\u0130D B\u0130N TALAL B\u0130N ABD\u00dcLAZ\u0130Z EL SUUD NEDEN \u00d6LD\u00dc?<\/h3>\n<p>Prens Velid, Harp Okulu \u00f6\u011frencisi iken ge\u00e7irdi\u011fi trafik kazas\u0131 sonras\u0131 20 y\u0131l \u00f6nce a\u011f\u0131r beyin hasar\u0131 alarak o tarihten beri koma da ya\u015fam m\u00fccadelesi veriyordu. Ailesinin hi\u00e7bir zaman umutlar\u0131n\u0131 kaybetmedi\u011fi sosyal medya da yapt\u0131klar\u0131 payla\u015f\u0131mlar ile g\u00f6r\u00fcl\u00fcyordu. \u201cUyuyan Prens\u201d olarak adland\u0131r\u0131lan Prens Velid, 20 y\u0131ld\u0131r komada ya\u015fam m\u00fccadelesi veriyordu.<\/p>\n","protected":false},"excerpt":{"rendered":"<p>Uyuyan prens olarak bilinen Prens Velid bin Halid bin Talal bin Abd\u00fclaziz El Suud hayat\u0131n\u0131 kaybetti. 2005 y\u0131l\u0131nda ge\u00e7irdi\u011fi bir trafik kazas\u0131n\u0131n ard\u0131ndan 20 y\u0131ld\u0131r koma da olan prens vefat haberi sonras\u0131 ara\u015ft\u0131r\u0131lmaya ba\u015fland\u0131. Peki, Uyuyan prens kimdir? Prens Velid bin Halid bin Talal bin Abd\u00fclaziz El Suud ka\u00e7 ya\u015f\u0131nda ve neden \u00f6ld\u00fc? \u0130\u015fte detaylar\u2026<\/p>\n","protected":false},"author":34,"featured_media":208066,"comment_status":"closed","ping_status":"closed","sticky":false,"template":"","format":"standard","meta":{"rank_math_lock_modified_date":false,"footnotes":""},"categories":[491],"tags":[28940,28938,28939,28937,28941],"class_list":["post-208058","post","type-post","status-publish","format-standard","has-post-thumbnail","hentry","category-biyografi","tag-biyografihaberleri","tag-prens-velid-bin-halid-bin-talal-bin-abdulaziz-el-suud","tag-prens-velid-bin-halid-bin-talal-bin-abdulaziz-el-suud-kac-yasinda","tag-uyuyan-prens","tag-uyuyan-prens-kimidr"],"_links":{"self":[{"href":"https:\/\/www.tgrthaber.com\/mavikadin\/wp-json\/wp\/v2\/posts\/208058"}],"collection":[{"href":"https:\/\/www.tgrthaber.com\/mavikadin\/wp-json\/wp\/v2\/posts"}],"about":[{"href":"https:\/\/www.tgrthaber.com\/mavikadin\/wp-json\/wp\/v2\/types\/post"}],"author":[{"embeddable":true,"href":"https:\/\/www.tgrthaber.com\/mavikadin\/wp-json\/wp\/v2\/users\/34"}],"replies":[{"embeddable":true,"href":"https:\/\/www.tgrthaber.com\/mavikadin\/wp-json\/wp\/v2\/comments?post=208058"}],"version-history":[{"count":2,"href":"https:\/\/www.tgrthaber.com\/mavikadin\/wp-json\/wp\/v2\/posts\/208058\/revisions"}],"predecessor-version":[{"id":208073,"href":"https:\/\/www.tgrthaber.com\/mavikadin\/wp-json\/wp\/v2\/posts\/208058\/revisions\/208073"}],"wp:featuredmedia":[{"embeddable":true,"href":"https:\/\/www.tgrthaber.com\/mavikadin\/wp-json\/wp\/v2\/media\/208066"}],"wp:attachment":[{"href":"https:\/\/www.tgrthaber.com\/mavikadin\/wp-json\/wp\/v2\/media?parent=208058"}],"wp:term":[{"taxonomy":"category","embeddable":true,"href":"https:\/\/www.tgrthaber.com\/mavikadin\/wp-json\/wp\/v2\/categories?post=208058"},{"taxonomy":"post_tag","embeddable":true,"href":"https:\/\/www.tgrthaber.com\/mavikadin\/wp-json\/wp\/v2\/tags?post=208058"}],"curies":[{"name":"wp","href":"https:\/\/api.w.org\/{rel}","templated":true}]}}