{"id":208074,"date":"2025-07-21T10:08:11","date_gmt":"2025-07-21T07:08:11","guid":{"rendered":"https:\/\/www.tgrthaber.com\/mavikadin\/?p=208074"},"modified":"2025-07-21T10:08:11","modified_gmt":"2025-07-21T07:08:11","slug":"kadir-ezildi-ve-gamze-ezildi-balayina-doyamadi-misirdan-sonra-yeni-rota","status":"publish","type":"post","link":"https:\/\/www.tgrthaber.com\/mavikadin\/kadir-ezildi-ve-gamze-ezildi-balayina-doyamadi-misirdan-sonra-yeni-rota\/","title":{"rendered":"Kadir Ezildi ve Gamze Ezildi balay\u0131na doyamad\u0131! M\u0131s\u0131r\u2019dan sonra yeni rota"},"content":{"rendered":"<p>Sosyal medya fenomeni Kadir Ezildi ve e\u015fi Gamze Ezildi, balay\u0131 tatilinden g\u00f6r\u00fcnt\u00fcleriyle g\u00fcndem olmaya devam ediyor. Balay\u0131 tatilindeki detaylar\u0131 takip\u00e7ileriyle payla\u015fmaya devam eden Kadir Ezildi, bu kez rotay\u0131 ba\u015fka bir yere \u00e7izdi. Ge\u00e7ti\u011fimiz hafta d\u00fc\u011f\u00fcn t\u00f6renleriyle adlar\u0131ndan s\u00f6z ettiren Kadir Ezildi ve Gamze Ezildi \u00e7ifti, balay\u0131na doyamad\u0131. M\u0131s\u0131r\u2019dan sonra yeni rota \u00e7izen \u00e7iftin bu kez nereye gidecekleri merak edildi.<\/p>\n<h3>KAD\u0130R EZ\u0130LD\u0130 VE GAMZE EZ\u0130LD\u0130 BALAYINA DOYAMADI!<\/h3>\n<p>\u2018Temizlik Avc\u0131lar\u0131\u2019 ve \u2018En Hamarat Benim\u2019 gibi e\u011flence programlar\u0131yla tan\u0131nan ve sosyal medyada b\u00fcy\u00fck bir takip\u00e7i kitlesine sahip olan Kadir Ezildi, 5 May\u0131s 2025 tarihinde ni\u015fanl\u0131s\u0131 Gamze T\u00fcrkmen ile d\u00fcnyaevine girdi. Yapt\u0131klar\u0131 her e\u011flence t\u00f6reni \u00e7ok konu\u015fulan \u00e7ift, ge\u00e7ti\u011fimiz hafta g\u00f6rkemli bir d\u00fc\u011f\u00fcn t\u00f6renine imza att\u0131.<\/p>\n<p><img loading=\"lazy\" decoding=\"async\" class=\"alignnone wp-image-208077\" src=\"https:\/\/www.tgrthaber.com\/mavikadin\/wp-content\/uploads\/Kadir-Ezildi-balayi-1-1024x576.jpg\" alt=\"Kadir Ezildi ve Gamze Ezildi balay\u0131na doyamad\u0131! M\u0131s\u0131r\u2019dan sonra yeni rota\" width=\"1208\" height=\"680\" title=\"\" srcset=\"https:\/\/www.tgrthaber.com\/mavikadin\/wp-content\/uploads\/Kadir-Ezildi-balayi-1-1024x576.jpg 1024w, https:\/\/www.tgrthaber.com\/mavikadin\/wp-content\/uploads\/Kadir-Ezildi-balayi-1-300x169.jpg 300w, https:\/\/www.tgrthaber.com\/mavikadin\/wp-content\/uploads\/Kadir-Ezildi-balayi-1-768x432.jpg 768w, https:\/\/www.tgrthaber.com\/mavikadin\/wp-content\/uploads\/Kadir-Ezildi-balayi-1.jpg 1208w\" sizes=\"(max-width: 1208px) 100vw, 1208px\" \/><\/p>\n<hr \/>\n<p>Yapt\u0131\u011f\u0131 d\u00fc\u011f\u00fcnler, k\u0131nalar, ni\u015fanlar ve \u00f6zel g\u00fcn davetleriyle g\u00fcndemden d\u00fc\u015fmeyen Kadir Ezildi, d\u00fc\u011f\u00fcn t\u00f6reninin ard\u0131ndan balay\u0131na \u00e7\u0131kt\u0131. Balay\u0131 i\u00e7in servet harcayan Ezildi, g\u00f6steri\u015fli d\u00fc\u011f\u00fcn merasiminin ard\u0131ndan M\u0131s\u0131r\u2019da kesenin a\u011fz\u0131n\u0131 a\u00e7t\u0131. M\u0131s\u0131r\u2019da zenginlerin kald\u0131\u011f\u0131 g\u00f6rkemli otelde tatil yapan \u00e7ift, balay\u0131na doymad\u0131.<\/p>\n<p><img loading=\"lazy\" decoding=\"async\" class=\"alignnone wp-image-208080\" src=\"https:\/\/www.tgrthaber.com\/mavikadin\/wp-content\/uploads\/Kadir-Ezildi-balayi-7-1024x576.jpg\" alt=\"Kadir Ezildi ve Gamze Ezildi balay\u0131na doyamad\u0131! M\u0131s\u0131r\u2019dan sonra yeni rota\" width=\"1208\" height=\"680\" title=\"\" srcset=\"https:\/\/www.tgrthaber.com\/mavikadin\/wp-content\/uploads\/Kadir-Ezildi-balayi-7-1024x576.jpg 1024w, https:\/\/www.tgrthaber.com\/mavikadin\/wp-content\/uploads\/Kadir-Ezildi-balayi-7-300x169.jpg 300w, https:\/\/www.tgrthaber.com\/mavikadin\/wp-content\/uploads\/Kadir-Ezildi-balayi-7-768x432.jpg 768w, https:\/\/www.tgrthaber.com\/mavikadin\/wp-content\/uploads\/Kadir-Ezildi-balayi-7.jpg 1208w\" sizes=\"(max-width: 1208px) 100vw, 1208px\" \/><\/p>\n<hr \/>\n<p>Ekranlar\u0131n sevilen y\u00fcz\u00fc Kadir Ezildi, Gamze T\u00fcrkmen ile birlikteli\u011fini duyurdu\u011fu g\u00fcnden bu yana dikkatleri \u00fczerine \u00e7ekmeye devam ediyor. Her yapt\u0131\u011f\u0131 payla\u015f\u0131m olay olan \u00fcnl\u00fc fenomenin \u015fimdilerde e\u015fiyle birlikte ge\u00e7irdi\u011fi balay\u0131 tatili merakla ara\u015ft\u0131r\u0131l\u0131yor. \u0130lk olarak balay\u0131 i\u00e7in rotas\u0131n\u0131 M\u0131s\u0131r\u2019da l\u00fcks bir otele \u00e7eviren Ezildi, payla\u015f\u0131mlar\u0131yla magazin d\u00fcnyas\u0131n\u0131n g\u00fcndemine oturmaya devam ediyor.<\/p>\n<h3>MISIR\u2019DAN SONRA YEN\u0130 ROTA!<\/h3>\n<p>Balay\u0131 i\u00e7in kesenin a\u011fz\u0131n\u0131 a\u00e7an ve M\u0131s\u0131r\u2019\u0131n en prestijli otelini tercih eden Kadir Ezildi ve Gamze Ezildi \u00e7ifti, zenginlerin kald\u0131\u011f\u0131 yer olarak bilinen ultra l\u00fcks otelde konaklad\u0131. M\u0131s\u0131r\u2019da ger\u00e7ekle\u015ftirdikleri balay\u0131 i\u00e7in servet harcad\u0131klar\u0131 s\u00f6ylenen \u00e7ift, bu kez rotay\u0131 ba\u015fka bir yere \u00e7evirdi.<\/p>\n<p><img loading=\"lazy\" decoding=\"async\" class=\"alignnone wp-image-208079\" src=\"https:\/\/www.tgrthaber.com\/mavikadin\/wp-content\/uploads\/Kadir-Ezildi-balayi-3-1024x576.jpg\" alt=\"Kadir Ezildi ve Gamze Ezildi balay\u0131na doyamad\u0131! M\u0131s\u0131r\u2019dan sonra yeni rota\" width=\"1208\" height=\"680\" title=\"\" srcset=\"https:\/\/www.tgrthaber.com\/mavikadin\/wp-content\/uploads\/Kadir-Ezildi-balayi-3-1024x576.jpg 1024w, https:\/\/www.tgrthaber.com\/mavikadin\/wp-content\/uploads\/Kadir-Ezildi-balayi-3-300x169.jpg 300w, https:\/\/www.tgrthaber.com\/mavikadin\/wp-content\/uploads\/Kadir-Ezildi-balayi-3-768x432.jpg 768w, https:\/\/www.tgrthaber.com\/mavikadin\/wp-content\/uploads\/Kadir-Ezildi-balayi-3.jpg 1208w\" sizes=\"(max-width: 1208px) 100vw, 1208px\" \/><\/p>\n<hr \/>\n<p>Kadir Ezildi ve Gamze Ezildi \u00e7iftinin balay\u0131ndaki ilk rotas\u0131 M\u0131s\u0131r olmu\u015ftu. Zenginlerin s\u0131kl\u0131kla tercih etti\u011fi otellerden biri oldu\u011fu s\u00f6ylenen Rixos Premium Magawish Suites &amp; Villas isminde ultra l\u00fcks oteli tercih eden \u00e7ift, uzun bir s\u00fcre boyunca e\u011flencenin ve balay\u0131 tatilinin dibine vurdu.<\/p>\n<p><img loading=\"lazy\" decoding=\"async\" class=\"alignnone wp-image-208081\" src=\"https:\/\/www.tgrthaber.com\/mavikadin\/wp-content\/uploads\/Kadir-Ezildi-balayi-6-1024x576.jpg\" alt=\"Kadir Ezildi ve Gamze Ezildi balay\u0131na doyamad\u0131! M\u0131s\u0131r\u2019dan sonra yeni rota\" width=\"1208\" height=\"680\" title=\"\" srcset=\"https:\/\/www.tgrthaber.com\/mavikadin\/wp-content\/uploads\/Kadir-Ezildi-balayi-6-1024x576.jpg 1024w, https:\/\/www.tgrthaber.com\/mavikadin\/wp-content\/uploads\/Kadir-Ezildi-balayi-6-300x169.jpg 300w, https:\/\/www.tgrthaber.com\/mavikadin\/wp-content\/uploads\/Kadir-Ezildi-balayi-6-768x432.jpg 768w, https:\/\/www.tgrthaber.com\/mavikadin\/wp-content\/uploads\/Kadir-Ezildi-balayi-6.jpg 1208w\" sizes=\"(max-width: 1208px) 100vw, 1208px\" \/><\/p>\n<hr \/>\n<p>Sosyal medyadan bir payla\u015f\u0131mda bulunan Kadir Ezildi, M\u0131s\u0131r\u2019dan sonra yeni rota \u00e7izdi. Instagram hesab\u0131ndan \u201cGezelim tozal\u0131m\u201d \u015feklinde bir payla\u015f\u0131mda bulunan \u00fcnl\u00fc fenomen e\u015fi Gamze Ezildi\u2019yi de payla\u015f\u0131m\u0131na etiketlemeyi ihmal etmedi. \u00c7iftin bu kez tatil i\u00e7in nereye gidecekleri merak edildi.<\/p>\n","protected":false},"excerpt":{"rendered":"<p>Ge\u00e7ti\u011fimiz haftalarda g\u00f6rkemli d\u00fc\u011f\u00fcn t\u00f6reniyle adlar\u0131ndan s\u00f6z ettiren Kadir Ezildi ve Gamze Ezildi \u00e7ifti, balay\u0131na doyamad\u0131. M\u0131s\u0131r\u2019dan sonra yeni rota \u00e7izen \u00e7iftin bu kez nereye gidecekleri merak edildi.<\/p>\n","protected":false},"author":26,"featured_media":208076,"comment_status":"closed","ping_status":"closed","sticky":false,"template":"","format":"standard","meta":{"rank_math_lock_modified_date":false,"footnotes":""},"categories":[76],"tags":[28942,2573,28943,133,2218],"class_list":["post-208074","post","type-post","status-publish","format-standard","has-post-thumbnail","hentry","category-magazin","tag-gamze-ezildi","tag-kadir-ezildi","tag-kadir-ezildi-tatil","tag-magazin","tag-magazin-haberleri"],"_links":{"self":[{"href":"https:\/\/www.tgrthaber.com\/mavikadin\/wp-json\/wp\/v2\/posts\/208074"}],"collection":[{"href":"https:\/\/www.tgrthaber.com\/mavikadin\/wp-json\/wp\/v2\/posts"}],"about":[{"href":"https:\/\/www.tgrthaber.com\/mavikadin\/wp-json\/wp\/v2\/types\/post"}],"author":[{"embeddable":true,"href":"https:\/\/www.tgrthaber.com\/mavikadin\/wp-json\/wp\/v2\/users\/26"}],"replies":[{"embeddable":true,"href":"https:\/\/www.tgrthaber.com\/mavikadin\/wp-json\/wp\/v2\/comments?post=208074"}],"version-history":[{"count":2,"href":"https:\/\/www.tgrthaber.com\/mavikadin\/wp-json\/wp\/v2\/posts\/208074\/revisions"}],"predecessor-version":[{"id":208083,"href":"https:\/\/www.tgrthaber.com\/mavikadin\/wp-json\/wp\/v2\/posts\/208074\/revisions\/208083"}],"wp:featuredmedia":[{"embeddable":true,"href":"https:\/\/www.tgrthaber.com\/mavikadin\/wp-json\/wp\/v2\/media\/208076"}],"wp:attachment":[{"href":"https:\/\/www.tgrthaber.com\/mavikadin\/wp-json\/wp\/v2\/media?parent=208074"}],"wp:term":[{"taxonomy":"category","embeddable":true,"href":"https:\/\/www.tgrthaber.com\/mavikadin\/wp-json\/wp\/v2\/categories?post=208074"},{"taxonomy":"post_tag","embeddable":true,"href":"https:\/\/www.tgrthaber.com\/mavikadin\/wp-json\/wp\/v2\/tags?post=208074"}],"curies":[{"name":"wp","href":"https:\/\/api.w.org\/{rel}","templated":true}]}}