{"id":208111,"date":"2025-07-21T10:56:06","date_gmt":"2025-07-21T07:56:06","guid":{"rendered":"https:\/\/www.tgrthaber.com\/mavikadin\/?p=208111"},"modified":"2025-07-21T11:13:54","modified_gmt":"2025-07-21T08:13:54","slug":"masterchef-ana-kadroya-giren-9-yarismaci-ayten-saner-hangi-yemegi-yapti","status":"publish","type":"post","link":"https:\/\/www.tgrthaber.com\/mavikadin\/masterchef-ana-kadroya-giren-9-yarismaci-ayten-saner-hangi-yemegi-yapti\/","title":{"rendered":"MasterChef ana kadroya giren 9 yar\u0131\u015fmac\u0131 Ayten Saner hangi yeme\u011fi yapt\u0131?"},"content":{"rendered":"<p>TV 8 ekranlar\u0131n\u0131n yo\u011fun ilgi ile takip edilen yar\u0131\u015fma program\u0131 Masterchef r\u00fczg\u00e2rlar\u0131 esmeye devam ediyor. Yar\u0131\u015fmac\u0131lar\u0131n ana kadroya girme yar\u0131\u015f\u0131 20 Temmuz 2025 tarihinde ekranlara geldi. Masterchef T\u00fcrkiye\u2019nin ana kadrosuna 9. olarak giren Ayten Saner, merak edildi. Yapt\u0131\u011f\u0131 yemekler ile turlar\u0131 ge\u00e7en Ayten Saner\u2019in yemekleri ise merak edilen ba\u015fka bir konu oldu. Peki, Masterchef ana kadroya giren 9 yar\u0131\u015fmac\u0131 Ayten Saner hangi yeme\u011fi yapt\u0131? sorusunun cevab\u0131n\u0131 ara\u015ft\u0131rd\u0131k. \u0130\u015fte detaylar\u2026<\/p>\n<h3>MASTERCHEF ANA KADROYA G\u0130REN 9 YARI\u015eMACI AYTEN SANER HANG\u0130 YEME\u011e\u0130 YAPTI?<\/h3>\n<p>Ayten Saner\u2019in Masterchef yar\u0131\u015fmas\u0131n\u0131n ana kadrosuna girmesi ile hayat\u0131 merak edildi. Meslek hayat\u0131 a\u00e7\u0131s\u0131ndan bir\u00e7ok alanda \u00e7al\u0131\u015ft\u0131\u011f\u0131n\u0131 dile getirmektedir. MasterChef T\u00fcrkiye\u2019ye Kocaeli\u2019nden kat\u0131lan Ayten Saner, 57 ya\u015f\u0131ndad\u0131r. \u0130htiya\u00e7 sahibi \u00e7ocuklar\u0131n \u00f6\u011fretmenli\u011fini yapan Ay\u015fe Saner iki \u00e7ovuk annesidir.<\/p>\n<p><img loading=\"lazy\" decoding=\"async\" class=\"alignnone size-full wp-image-208115\" src=\"https:\/\/www.tgrthaber.com\/mavikadin\/wp-content\/uploads\/ARZU-27-12.jpg\" alt=\"MasterChef ana kadroya giren 9 yar\u0131\u015fmac\u0131 Ayten Saner hangi yeme\u011fi yapt\u0131?\" width=\"1208\" height=\"680\" title=\"\" srcset=\"https:\/\/www.tgrthaber.com\/mavikadin\/wp-content\/uploads\/ARZU-27-12.jpg 1208w, https:\/\/www.tgrthaber.com\/mavikadin\/wp-content\/uploads\/ARZU-27-12-300x169.jpg 300w, https:\/\/www.tgrthaber.com\/mavikadin\/wp-content\/uploads\/ARZU-27-12-1024x576.jpg 1024w, https:\/\/www.tgrthaber.com\/mavikadin\/wp-content\/uploads\/ARZU-27-12-768x432.jpg 768w\" sizes=\"(max-width: 1208px) 100vw, 1208px\" \/><\/p>\n<hr \/>\n<p>Asl\u0131nda 2022 y\u0131l\u0131nda da MasterChef T\u00fcrkiye\u2019ye kat\u0131lm\u0131\u015f g\u00fc\u00e7l\u00fc d\u00fcellolarda elenen Ayten Saner, ya\u015fad\u0131\u011f\u0131 \u015fehir de \u00f6zel \u00e7ocuklar ile ilgileniyor. \u0130ngiltere\u2019de gastronomi \u00fczerine e\u011fitimler alm\u0131\u015ft\u0131r.<\/p>\n<p>Bizler de sizin i\u00e7im ana kadroya girmeyi ba\u015faran isim Ayten Saner\u2019in yapt\u0131\u011f\u0131 yemekler arama motorlar\u0131nda ara\u015ft\u0131r\u0131lmaya ba\u015fland\u0131. \u0130\u015fte Ayten Saner\u2019in MasterChef yar\u0131\u015fmas\u0131nda ana kadroya girmesine yard\u0131mc\u0131 olan yemekler<\/p>\n<p><img loading=\"lazy\" decoding=\"async\" class=\"alignnone size-full wp-image-208116\" src=\"https:\/\/www.tgrthaber.com\/mavikadin\/wp-content\/uploads\/ARZU-30-12.jpg\" alt=\"MasterChef ana kadroya giren 9 yar\u0131\u015fmac\u0131 Ayten Saner hangi yeme\u011fi yapt\u0131?\" width=\"1208\" height=\"680\" title=\"\" srcset=\"https:\/\/www.tgrthaber.com\/mavikadin\/wp-content\/uploads\/ARZU-30-12.jpg 1208w, https:\/\/www.tgrthaber.com\/mavikadin\/wp-content\/uploads\/ARZU-30-12-300x169.jpg 300w, https:\/\/www.tgrthaber.com\/mavikadin\/wp-content\/uploads\/ARZU-30-12-1024x576.jpg 1024w, https:\/\/www.tgrthaber.com\/mavikadin\/wp-content\/uploads\/ARZU-30-12-768x432.jpg 768w\" sizes=\"(max-width: 1208px) 100vw, 1208px\" \/><\/p>\n<hr \/>\n<p><strong>Hindi But yeme\u011fi tarifi<\/strong><\/p>\n<p><strong>Malzemeler\u00a0<\/strong><\/p>\n<p>1-3 adet hindi but<\/p>\n<p>2 adet so\u011fan<\/p>\n<p>2-3 di\u015f sar\u0131msak<\/p>\n<p>Yar\u0131m \u00e7ay barda\u011f\u0131 zeytinya\u011f\u0131<\/p>\n<p>2 yemek ka\u015f\u0131\u011f\u0131 yo\u011furt<\/p>\n<p>1 yemek ka\u015f\u0131\u011f\u0131 mayonez<\/p>\n<p>1 tatl\u0131 ka\u015f\u0131\u011f\u0131 ac\u0131 hardal<\/p>\n<p>Karabiber<\/p>\n<p>Pul biber<\/p>\n<p>Kekik<\/p>\n<p>Tuz (Ya da iste\u011fe ba\u011fl\u0131 kar\u0131\u015f\u0131k haz\u0131r et baharat\u0131)<\/p>\n<p>Yan\u0131na istedi\u011finiz sebze, patates ve havu\u00e7<\/p>\n<p><img loading=\"lazy\" decoding=\"async\" class=\"alignnone size-full wp-image-208114\" src=\"https:\/\/www.tgrthaber.com\/mavikadin\/wp-content\/uploads\/ARZU-28-11.jpg\" alt=\"MasterChef ana kadroya giren 9 yar\u0131\u015fmac\u0131 Ayten Saner hangi yeme\u011fi yapt\u0131?\" width=\"1208\" height=\"680\" title=\"\" srcset=\"https:\/\/www.tgrthaber.com\/mavikadin\/wp-content\/uploads\/ARZU-28-11.jpg 1208w, https:\/\/www.tgrthaber.com\/mavikadin\/wp-content\/uploads\/ARZU-28-11-300x169.jpg 300w, https:\/\/www.tgrthaber.com\/mavikadin\/wp-content\/uploads\/ARZU-28-11-1024x576.jpg 1024w, https:\/\/www.tgrthaber.com\/mavikadin\/wp-content\/uploads\/ARZU-28-11-768x432.jpg 768w\" sizes=\"(max-width: 1208px) 100vw, 1208px\" \/><\/p>\n<p><strong>Yap\u0131l\u0131\u015f\u0131<\/strong><\/p>\n<p>Hindi budunu derisinden temizleyip, y\u0131kay\u0131p, birka\u00e7 yerinden b\u0131\u00e7akla \u00e7izikler at\u0131n.<\/p>\n<p>\u00dczerine ufak do\u011franm\u0131\u015f so\u011fan ve sar\u0131msa\u011f\u0131 ve di\u011fer malzemeleri ekleyin.<\/p>\n<p>Sosunu iyice yedirdikten sonra, f\u0131r\u0131n po\u015fetine sosuyla birlikte yerle\u015ftirin. M\u00fcmk\u00fcnse 2-3 saat buzdolab\u0131nda bekletin, daha yumu\u015fak olur.<\/p>\n<p>Kontroll\u00fc olarak 1 saate yak\u0131n pi\u015firin. \u00dczeri \u00e7\u0131t\u0131r olsun isterseniz, po\u015fetini a\u00e7\u0131p 5-10 dakika \u0131zgara ayar\u0131nda pi\u015firebilirsiniz.<\/p>\n<p>Masterchef T\u00fcrkiye\u2019nin \u0130lk turunda g\u0131r\u0131g yeme\u011fi haz\u0131rlayarak \u015feflerden evet alm\u0131\u015ft\u0131. \u0130kinci tur da yapt\u0131\u011f\u0131 yemek ile rakiplerini ge\u00e7mi\u015f, final turuna \u00e7\u0131kmay\u0131 ba\u015farm\u0131\u015ft\u0131. Final turunda rakiplerini eleyen Ay\u015fe Saner, yar\u0131\u015fman\u0131n ana kadrosuna girdi.<\/p>\n","protected":false},"excerpt":{"rendered":"<p>MasterChef yar\u0131\u015fmas\u0131n\u0131n 9. ismi olarak ana kadroya giden Ay\u015fe Saner, yapt\u0131\u011f\u0131 yemekler ile g\u00fcndeme geldi. Peki, MasterChef ana kadroya giren 9 yar\u0131\u015fmac\u0131 Ayten Saner hangi yeme\u011fi yapt\u0131? \u0130\u015fte detaylar\u2026<\/p>\n","protected":false},"author":34,"featured_media":208114,"comment_status":"closed","ping_status":"closed","sticky":false,"template":"","format":"standard","meta":{"rank_math_lock_modified_date":false,"footnotes":""},"categories":[191],"tags":[28950,28952,1120,3411,28951],"class_list":["post-208111","post","type-post","status-publish","format-standard","has-post-thumbnail","hentry","category-yemek-tarifleri","tag-ayse-saner","tag-hindi-but","tag-masterchef","tag-yemek-tarifleri","tag-yemek-tariflreri-haberleri"],"_links":{"self":[{"href":"https:\/\/www.tgrthaber.com\/mavikadin\/wp-json\/wp\/v2\/posts\/208111"}],"collection":[{"href":"https:\/\/www.tgrthaber.com\/mavikadin\/wp-json\/wp\/v2\/posts"}],"about":[{"href":"https:\/\/www.tgrthaber.com\/mavikadin\/wp-json\/wp\/v2\/types\/post"}],"author":[{"embeddable":true,"href":"https:\/\/www.tgrthaber.com\/mavikadin\/wp-json\/wp\/v2\/users\/34"}],"replies":[{"embeddable":true,"href":"https:\/\/www.tgrthaber.com\/mavikadin\/wp-json\/wp\/v2\/comments?post=208111"}],"version-history":[{"count":2,"href":"https:\/\/www.tgrthaber.com\/mavikadin\/wp-json\/wp\/v2\/posts\/208111\/revisions"}],"predecessor-version":[{"id":208125,"href":"https:\/\/www.tgrthaber.com\/mavikadin\/wp-json\/wp\/v2\/posts\/208111\/revisions\/208125"}],"wp:featuredmedia":[{"embeddable":true,"href":"https:\/\/www.tgrthaber.com\/mavikadin\/wp-json\/wp\/v2\/media\/208114"}],"wp:attachment":[{"href":"https:\/\/www.tgrthaber.com\/mavikadin\/wp-json\/wp\/v2\/media?parent=208111"}],"wp:term":[{"taxonomy":"category","embeddable":true,"href":"https:\/\/www.tgrthaber.com\/mavikadin\/wp-json\/wp\/v2\/categories?post=208111"},{"taxonomy":"post_tag","embeddable":true,"href":"https:\/\/www.tgrthaber.com\/mavikadin\/wp-json\/wp\/v2\/tags?post=208111"}],"curies":[{"name":"wp","href":"https:\/\/api.w.org\/{rel}","templated":true}]}}