{"id":208112,"date":"2025-07-21T11:57:42","date_gmt":"2025-07-21T08:57:42","guid":{"rendered":"https:\/\/www.tgrthaber.com\/mavikadin\/?p=208112"},"modified":"2025-07-21T11:57:41","modified_gmt":"2025-07-21T08:57:41","slug":"muhammed-ismail-kusat-kimdir-kac-yasinda-muhammed-ismail-kusat-videosu-viral-oldu","status":"publish","type":"post","link":"https:\/\/www.tgrthaber.com\/mavikadin\/muhammed-ismail-kusat-kimdir-kac-yasinda-muhammed-ismail-kusat-videosu-viral-oldu\/","title":{"rendered":"Muhammed \u0130smail Ku\u015fat kimdir ka\u00e7 ya\u015f\u0131nda? Muhammed \u0130smail Ku\u015fat videosu viral oldu"},"content":{"rendered":"<p>2025 YKS sonu\u00e7lar\u0131n\u0131n a\u00e7\u0131klanmas\u0131n\u0131n ard\u0131ndan T\u00fcrkiye birincileri netle\u015fti. E\u015fit a\u011f\u0131rl\u0131k ve s\u00f6zel puan t\u00fcrlerinde zirveye ad\u0131n\u0131 yazd\u0131ran Muhammed \u0130smail Ku\u015fat, yaln\u0131zca ba\u015far\u0131s\u0131yla de\u011fil, s\u0131nav haz\u0131rl\u0131\u011f\u0131na dair yapt\u0131\u011f\u0131 a\u00e7\u0131klamalarla da g\u00fcndem oldu. \u201cOkul harici 1\u20132 saat \u00e7al\u0131\u015f\u0131yordum\u201d s\u00f6zleriyle viral hale gelen Ku\u015fat, sosyal medyada hem takdir toplad\u0131 hem de merak konusu oldu. Peki kim bu gen\u00e7? Ka\u00e7 ya\u015f\u0131nda, nerede okudu, ne hedefliyor?<\/p>\n<h3>MUHAMMED \u0130SMA\u0130L KU\u015eAT K\u0130MD\u0130R?<\/h3>\n<p>Muhammed \u0130smail Ku\u015fat, Bursa\u2019n\u0131n Nil\u00fcfer il\u00e7esinde bulunan \u00d6zel Tan Fen Lisesi mezunu. 2025 YKS\u2019de hem e\u015fit a\u011f\u0131rl\u0131kta hem de s\u00f6zelde T\u00fcrkiye birincisi oldu. Hen\u00fcz ya\u015f\u0131 resmi olarak a\u00e7\u0131klanmad\u0131, ancak mezuniyet y\u0131l\u0131 ve s\u0131nava kat\u0131l\u0131m\u0131 g\u00f6z \u00f6n\u00fcne al\u0131nd\u0131\u011f\u0131nda 18\u201319 ya\u015flar\u0131nda oldu\u011fu tahmin ediliyor. Sosyal medyada h\u0131zla yay\u0131lan videolar\u0131yla milyonlara ula\u015fan Ku\u015fat, sakinli\u011fi ve net c\u00fcmleleriyle dikkat \u00e7ekti.<\/p>\n<p><img loading=\"lazy\" decoding=\"async\" class=\"alignnone size-full wp-image-208127\" src=\"https:\/\/www.tgrthaber.com\/mavikadin\/wp-content\/uploads\/2-1583.png\" alt=\"\" width=\"1208\" height=\"680\" title=\"\" srcset=\"https:\/\/www.tgrthaber.com\/mavikadin\/wp-content\/uploads\/2-1583.png 1208w, https:\/\/www.tgrthaber.com\/mavikadin\/wp-content\/uploads\/2-1583-300x169.png 300w, https:\/\/www.tgrthaber.com\/mavikadin\/wp-content\/uploads\/2-1583-1024x576.png 1024w, https:\/\/www.tgrthaber.com\/mavikadin\/wp-content\/uploads\/2-1583-768x432.png 768w\" sizes=\"(max-width: 1208px) 100vw, 1208px\" \/><\/p>\n<hr \/>\n<h3>S\u00d6ZLER\u0130 SOSYAL MEDYADA OLAY OLDU<\/h3>\n<p>YKS birincili\u011fini a\u00e7\u0131klayan videosunda Ku\u015fat, bir\u00e7ok ki\u015finin \u015fa\u015f\u0131rd\u0131\u011f\u0131 \u015fu c\u00fcmleyi kurdu:<\/p>\n<p>\u201cOkul harici g\u00fcnde 1\u20132 saat \u00e7al\u0131\u015f\u0131yordum.\u201d<\/p>\n<p><img loading=\"lazy\" decoding=\"async\" class=\"alignnone size-full wp-image-208129\" src=\"https:\/\/www.tgrthaber.com\/mavikadin\/wp-content\/uploads\/4-1293.png\" alt=\"\" width=\"1208\" height=\"680\" title=\"\" srcset=\"https:\/\/www.tgrthaber.com\/mavikadin\/wp-content\/uploads\/4-1293.png 1208w, https:\/\/www.tgrthaber.com\/mavikadin\/wp-content\/uploads\/4-1293-300x169.png 300w, https:\/\/www.tgrthaber.com\/mavikadin\/wp-content\/uploads\/4-1293-1024x576.png 1024w, https:\/\/www.tgrthaber.com\/mavikadin\/wp-content\/uploads\/4-1293-768x432.png 768w\" sizes=\"(max-width: 1208px) 100vw, 1208px\" \/><\/p>\n<hr \/>\n<p>S\u00f6zleriyle k\u0131sa s\u00fcrede g\u00fcndem olan gen\u00e7, \u00e7al\u0131\u015fma sistemini \u015f\u00f6yle \u00f6zetliyor: 11. s\u0131n\u0131f itibar\u0131yla s\u0131nava y\u00f6nelik \u00e7al\u0131\u015fmaya ba\u015flad\u0131. Eksik konulara odakland\u0131, bildiklerini tekrar etmekle vakit kaybetmedi. Bu y\u00f6ntemi, hem s\u0131nav stresini azaltm\u0131\u015f hem de verimlili\u011fini art\u0131rm\u0131\u015f. Her g\u00fcn saatlerce test \u00e7\u00f6zmeden de ba\u015far\u0131ya ula\u015f\u0131labilece\u011fini s\u00f6yleyen Ku\u015fat, hedefinin ise hukuk fak\u00fcltesi okumak oldu\u011funu belirtti.<\/p>\n<p><img loading=\"lazy\" decoding=\"async\" class=\"alignnone size-full wp-image-208128\" src=\"https:\/\/www.tgrthaber.com\/mavikadin\/wp-content\/uploads\/3-1553.png\" alt=\"\" width=\"1208\" height=\"680\" title=\"\" srcset=\"https:\/\/www.tgrthaber.com\/mavikadin\/wp-content\/uploads\/3-1553.png 1208w, https:\/\/www.tgrthaber.com\/mavikadin\/wp-content\/uploads\/3-1553-300x169.png 300w, https:\/\/www.tgrthaber.com\/mavikadin\/wp-content\/uploads\/3-1553-1024x576.png 1024w, https:\/\/www.tgrthaber.com\/mavikadin\/wp-content\/uploads\/3-1553-768x432.png 768w\" sizes=\"(max-width: 1208px) 100vw, 1208px\" \/><\/p>\n<hr \/>\n<h3>A\u0130LES\u0130 NE D\u0130YOR?<\/h3>\n<p>Ba\u015far\u0131l\u0131 \u00f6\u011frencinin ailesi de onun azimli ve planl\u0131 oldu\u011funu vurguluyor. Annesi Zeynep Ku\u015fat, o\u011flunun okul d\u0131\u015f\u0131nda \u00e7ok yo\u011fun \u00e7al\u0131\u015fmad\u0131\u011f\u0131n\u0131 ancak ne yapt\u0131\u011f\u0131n\u0131 iyi bildi\u011fini s\u00f6yl\u00fcyor:<\/p>\n<p>\u201cOkulda i\u015fi hallediyordu. \u00d6\u011fretmenleriyle hep ileti\u015fim halindeydi.\u201d<\/p>\n<div style=\"width: 480px;\" class=\"wp-video\"><!--[if lt IE 9]><script>document.createElement('video');<\/script><![endif]-->\n<video class=\"wp-video-shortcode\" id=\"video-208112-1\" width=\"480\" height=\"480\" preload=\"metadata\" controls=\"controls\"><source type=\"video\/mp4\" src=\"https:\/\/www.tgrthaber.com\/mavikadin\/wp-content\/uploads\/WhatsApp-Video-2025-07-21-at-11.56.44.mp4?_=1\" \/><a href=\"https:\/\/www.tgrthaber.com\/mavikadin\/wp-content\/uploads\/WhatsApp-Video-2025-07-21-at-11.56.44.mp4\">https:\/\/www.tgrthaber.com\/mavikadin\/wp-content\/uploads\/WhatsApp-Video-2025-07-21-at-11.56.44.mp4<\/a><\/video><\/div>\n<hr \/>\n<p>Babas\u0131 Nejdet Ku\u015fat ise bu ba\u015far\u0131n\u0131n tesad\u00fcf olmad\u0131\u011f\u0131n\u0131 ifade ediyor:<\/p>\n<p>\u201cHedeflerine taviz vermeden y\u00fcr\u00fcd\u00fc. Hi\u00e7bir ba\u015far\u0131 \u015fans eseri de\u011fildir.\u201d<\/p>\n","protected":false},"excerpt":{"rendered":"<p>2025 YKS birincileri a\u00e7\u0131kland\u0131, ancak bu y\u0131l\u0131n en \u00e7ok konu\u015fulan ismi hem ba\u015far\u0131s\u0131yla hem de s\u00f6yledikleriyle dikkat \u00e7ekti. Muhammed \u0130smail Ku\u015fat, \u201cg\u00fcnde 1\u20132 saat \u00e7al\u0131\u015f\u0131yordum\u201d diyerek hem \u015fa\u015f\u0131rtt\u0131 hem de sosyal medyada g\u00fcndem oldu. Peki, kim bu gen\u00e7?<\/p>\n","protected":false},"author":28,"featured_media":208126,"comment_status":"closed","ping_status":"closed","sticky":false,"template":"","format":"standard","meta":{"rank_math_lock_modified_date":true,"footnotes":""},"categories":[491],"tags":[3374,28954,28956,28955,28957],"class_list":["post-208112","post","type-post","status-publish","format-standard","has-post-thumbnail","hentry","category-biyografi","tag-biyografi","tag-muhammed-ismail-kusat","tag-muhammed-ismail-kusat-kac-yasinda","tag-muhammed-ismail-kusat-kimdir","tag-muhammed-ismail-kusat-yks"],"_links":{"self":[{"href":"https:\/\/www.tgrthaber.com\/mavikadin\/wp-json\/wp\/v2\/posts\/208112"}],"collection":[{"href":"https:\/\/www.tgrthaber.com\/mavikadin\/wp-json\/wp\/v2\/posts"}],"about":[{"href":"https:\/\/www.tgrthaber.com\/mavikadin\/wp-json\/wp\/v2\/types\/post"}],"author":[{"embeddable":true,"href":"https:\/\/www.tgrthaber.com\/mavikadin\/wp-json\/wp\/v2\/users\/28"}],"replies":[{"embeddable":true,"href":"https:\/\/www.tgrthaber.com\/mavikadin\/wp-json\/wp\/v2\/comments?post=208112"}],"version-history":[{"count":1,"href":"https:\/\/www.tgrthaber.com\/mavikadin\/wp-json\/wp\/v2\/posts\/208112\/revisions"}],"predecessor-version":[{"id":208131,"href":"https:\/\/www.tgrthaber.com\/mavikadin\/wp-json\/wp\/v2\/posts\/208112\/revisions\/208131"}],"wp:featuredmedia":[{"embeddable":true,"href":"https:\/\/www.tgrthaber.com\/mavikadin\/wp-json\/wp\/v2\/media\/208126"}],"wp:attachment":[{"href":"https:\/\/www.tgrthaber.com\/mavikadin\/wp-json\/wp\/v2\/media?parent=208112"}],"wp:term":[{"taxonomy":"category","embeddable":true,"href":"https:\/\/www.tgrthaber.com\/mavikadin\/wp-json\/wp\/v2\/categories?post=208112"},{"taxonomy":"post_tag","embeddable":true,"href":"https:\/\/www.tgrthaber.com\/mavikadin\/wp-json\/wp\/v2\/tags?post=208112"}],"curies":[{"name":"wp","href":"https:\/\/api.w.org\/{rel}","templated":true}]}}