{"id":208113,"date":"2025-07-21T11:01:00","date_gmt":"2025-07-21T08:01:00","guid":{"rendered":"https:\/\/www.tgrthaber.com\/mavikadin\/?p=208113"},"modified":"2025-07-21T11:01:00","modified_gmt":"2025-07-21T08:01:00","slug":"cem-yigit-uzumoglu-sakir-pasa-ailesi-dizisinin-2-sezonunda-var-mi","status":"publish","type":"post","link":"https:\/\/www.tgrthaber.com\/mavikadin\/cem-yigit-uzumoglu-sakir-pasa-ailesi-dizisinin-2-sezonunda-var-mi\/","title":{"rendered":"Cem Yi\u011fit \u00dcz\u00fcmo\u011flu \u015eakir Pa\u015fa Ailesi dizisinin 2. sezonunda var m\u0131?"},"content":{"rendered":"<p>NOW TV ekranlar\u0131n\u0131n iddial\u0131 dizileri aras\u0131nda yer alan \u015eakir Pa\u015fa Ailesi: Mucizeler ve Skandallar\u2019da \u2018Cevat \u015eakir Kabaa\u011fa\u00e7l\u0131\u2019 karakterini oynayan Cem Yi\u011fit \u00dcz\u00fcmo\u011flu\u2019nun diziye devam edip etmeyece\u011fi merak ediliyordu. Ge\u00e7ti\u011fimiz may\u0131s ay\u0131nda ekranlara veda eden dizi bir\u00e7ok talihsiz olay ya\u015fam\u0131\u015f ve dizinin final yapaca\u011f\u0131 da iddia edilmi\u015fti. \u0130ddia edilenler aras\u0131nda Cem Yi\u011fit \u00dcz\u00fcmo\u011flu\u2019nun yeni sezonda dizide yer almayaca\u011f\u0131 da bulunuyordu. Dizinin \u00f6nemli karakterlerinden birini oynayan Cem Yi\u011fit \u00dcz\u00fcmo\u011flu\u2019nun diziye devam edip etmeyece\u011fi belli oldu. Peki, Cem Yi\u011fit \u00dcz\u00fcmo\u011flu \u015eakir Pa\u015fa Ailesi dizisinin 2. sezonunda var m\u0131?<\/p>\n<h3>CEM Y\u0130\u011e\u0130T \u00dcZ\u00dcMO\u011eLU \u015eAK\u0130R PA\u015eA A\u0130LES\u0130 D\u0130Z\u0130S\u0130N\u0130N 2. SEZONUNDA VAR MI?<\/h3>\n<p>Ge\u00e7ti\u011fimiz sezon ekran maceras\u0131na ba\u015flayan \u015eakir Pa\u015fa Ailesi: Mucizeler ve Skandallar dizisinde \u2018Cevat \u015eakir Kabaa\u011fa\u00e7l\u0131\u2019 karakterini oynayan Cem Yi\u011fit \u00dcz\u00fcmo\u011flu\u2019nun yeni sezonda diziye devam edip etmeyece\u011fi merak edilmi\u015fti.<\/p>\n<p>Konusu ve g\u00fc\u00e7l\u00fc oyuncu kadrosuyla dikkat \u00e7eken dizi, yay\u0131nland\u0131\u011f\u0131 g\u00fcnden bu yana talihsiz olaylarla kar\u015f\u0131 kar\u015f\u0131ya kald\u0131. Son olarak yang\u0131ndan set \u00e7al\u0131\u015fan\u0131n\u0131n hayat\u0131n\u0131 kaybetmesiyle birlikte dizinin final yapaca\u011f\u0131 da iddia edildi.<\/p>\n<p><img loading=\"lazy\" decoding=\"async\" class=\"alignnone wp-image-208119\" src=\"https:\/\/www.tgrthaber.com\/mavikadin\/wp-content\/uploads\/Cem-Yigit-Uzumoglu-5-1024x576.jpg\" alt=\"Cem Yi\u011fit \u00dcz\u00fcmo\u011flu \u015eakir Pa\u015fa Ailesi dizisinin 2. sezonunda var m\u0131? \" width=\"1208\" height=\"680\" title=\"\" srcset=\"https:\/\/www.tgrthaber.com\/mavikadin\/wp-content\/uploads\/Cem-Yigit-Uzumoglu-5-1024x576.jpg 1024w, https:\/\/www.tgrthaber.com\/mavikadin\/wp-content\/uploads\/Cem-Yigit-Uzumoglu-5-300x169.jpg 300w, https:\/\/www.tgrthaber.com\/mavikadin\/wp-content\/uploads\/Cem-Yigit-Uzumoglu-5-768x432.jpg 768w, https:\/\/www.tgrthaber.com\/mavikadin\/wp-content\/uploads\/Cem-Yigit-Uzumoglu-5.jpg 1208w\" sizes=\"(max-width: 1208px) 100vw, 1208px\" \/><\/p>\n<hr \/>\n<p>May\u0131s ay\u0131nda ekranlara ilk sezonuyla veda eden \u015eakir Pa\u015fa Ailesi dizisinin yeni sezonda hangi karakterlerle devam edece\u011fi merak edilmi\u015fti. Dizinin \u00f6nemli karakterlerinden birini oynayan Cem Yi\u011fit \u00dcz\u00fcmo\u011flu\u2019nun veda payla\u015f\u0131m\u0131 ise kafalar\u0131 kar\u0131\u015ft\u0131rm\u0131\u015ft\u0131. Ba\u015far\u0131l\u0131 oyuncu \u00dcz\u00fcmo\u011flu\u2019nun \u015eakir Pa\u015fa Ailesi dizisinden ayr\u0131l\u0131p ayr\u0131lmayaca\u011f\u0131 da merak edilmi\u015fti.<\/p>\n<p><img loading=\"lazy\" decoding=\"async\" class=\"alignnone wp-image-208120\" src=\"https:\/\/www.tgrthaber.com\/mavikadin\/wp-content\/uploads\/Cem-Yigit-Uzumoglu-4-1024x576.jpg\" alt=\"Cem Yi\u011fit \u00dcz\u00fcmo\u011flu \u015eakir Pa\u015fa Ailesi dizisinin 2. sezonunda var m\u0131? \" width=\"1208\" height=\"680\" title=\"\" srcset=\"https:\/\/www.tgrthaber.com\/mavikadin\/wp-content\/uploads\/Cem-Yigit-Uzumoglu-4-1024x576.jpg 1024w, https:\/\/www.tgrthaber.com\/mavikadin\/wp-content\/uploads\/Cem-Yigit-Uzumoglu-4-300x169.jpg 300w, https:\/\/www.tgrthaber.com\/mavikadin\/wp-content\/uploads\/Cem-Yigit-Uzumoglu-4-768x432.jpg 768w, https:\/\/www.tgrthaber.com\/mavikadin\/wp-content\/uploads\/Cem-Yigit-Uzumoglu-4.jpg 1208w\" sizes=\"(max-width: 1208px) 100vw, 1208px\" \/><\/p>\n<hr \/>\n<p>Yeni sezonda zaman atlamas\u0131 ya\u015fanacak olan \u015eakir Pa\u015fa Ailesi dizisinin ilk sezonda yer alan \u00e7o\u011fu oyuncunun olmayaca\u011f\u0131 \u00f6\u011frenilmi\u015fti. \u00d6zellikle de Cem Yi\u011fit \u00dcz\u00fcmo\u011flu\u2019nun senaryo gere\u011fi diziden ayr\u0131l\u0131p ayr\u0131lmayaca\u011f\u0131 merakla ara\u015ft\u0131r\u0131l\u0131r olmu\u015ftu.<\/p>\n<p>Dizide \u2018Cevat\u2019 karakteriyle dikkatleri \u00fczerine \u00e7eken ba\u015far\u0131l\u0131 oyuncu \u00dcz\u00fcmo\u011flu, kat\u0131ld\u0131\u011f\u0131 bir YouTube kanal\u0131nda Didem Soydan&#8217;\u0131n sorular\u0131n\u0131 cevaplad\u0131. \u00dcz\u00fcmo\u011flu, gelecek sezon \u015eakir Pa\u015fa Ailesi&#8217;nde rol al\u0131p almayaca\u011f\u0131n\u0131 a\u00e7\u0131klad\u0131.<\/p>\n<p><img loading=\"lazy\" decoding=\"async\" class=\"alignnone wp-image-208121\" src=\"https:\/\/www.tgrthaber.com\/mavikadin\/wp-content\/uploads\/Cem-Yigit-Uzumoglu-2-1024x576.jpg\" alt=\"Cem Yi\u011fit \u00dcz\u00fcmo\u011flu \u015eakir Pa\u015fa Ailesi dizisinin 2. sezonunda var m\u0131? \" width=\"1208\" height=\"680\" title=\"\" srcset=\"https:\/\/www.tgrthaber.com\/mavikadin\/wp-content\/uploads\/Cem-Yigit-Uzumoglu-2-1024x576.jpg 1024w, https:\/\/www.tgrthaber.com\/mavikadin\/wp-content\/uploads\/Cem-Yigit-Uzumoglu-2-300x169.jpg 300w, https:\/\/www.tgrthaber.com\/mavikadin\/wp-content\/uploads\/Cem-Yigit-Uzumoglu-2-768x432.jpg 768w, https:\/\/www.tgrthaber.com\/mavikadin\/wp-content\/uploads\/Cem-Yigit-Uzumoglu-2.jpg 1208w\" sizes=\"(max-width: 1208px) 100vw, 1208px\" \/><\/p>\n<hr \/>\n<h3>CEM Y\u0130\u011e\u0130T \u00dcZ\u00dcMO\u011eLU \u015eAK\u0130R PA\u015eA A\u0130LES\u0130 D\u0130Z\u0130S\u0130NDE ROL ALIP ALMAYACA\u011eINI A\u00c7IKLADI!<\/h3>\n<p>\u015eakir Pa\u015fa Ailesi: Mucizeler ve Skandallar dizisinde \u2018Cevat \u015eakir Kabaa\u011fa\u00e7l\u0131\u2019 karakteriyle izleyici kar\u015f\u0131s\u0131na \u00e7\u0131kan Cem Yi\u011fit \u00dcz\u00fcmo\u011flu, sosyal medya hesab\u0131ndan yapt\u0131\u011f\u0131 payla\u015f\u0131mla kafalar\u0131 kar\u0131\u015ft\u0131rm\u0131\u015ft\u0131. Dizinin s\u0131k\u0131 takip\u00e7ileri \u00dcz\u00fcmo\u011flu\u2019nun Cevat karakteriyle \u015eakir Pa\u015fa Ailesi\u2019ne devam edip etmeyece\u011fini merak etmi\u015fti. \u00dcnl\u00fc oyuncu kat\u0131ld\u0131\u011f\u0131 YouTube program\u0131nda dizinin yeni sezonunda yer al\u0131p almayaca\u011f\u0131n\u0131 a\u00e7\u0131klad\u0131.<\/p>\n<p><img loading=\"lazy\" decoding=\"async\" class=\"alignnone wp-image-208122\" src=\"https:\/\/www.tgrthaber.com\/mavikadin\/wp-content\/uploads\/Cem-Yigit-Uzumoglu-6-1024x576.jpg\" alt=\"Cem Yi\u011fit \u00dcz\u00fcmo\u011flu \u015eakir Pa\u015fa Ailesi dizisinin 2. sezonunda var m\u0131? \" width=\"1208\" height=\"680\" title=\"\" srcset=\"https:\/\/www.tgrthaber.com\/mavikadin\/wp-content\/uploads\/Cem-Yigit-Uzumoglu-6-1024x576.jpg 1024w, https:\/\/www.tgrthaber.com\/mavikadin\/wp-content\/uploads\/Cem-Yigit-Uzumoglu-6-300x169.jpg 300w, https:\/\/www.tgrthaber.com\/mavikadin\/wp-content\/uploads\/Cem-Yigit-Uzumoglu-6-768x432.jpg 768w, https:\/\/www.tgrthaber.com\/mavikadin\/wp-content\/uploads\/Cem-Yigit-Uzumoglu-6.jpg 1208w\" sizes=\"(max-width: 1208px) 100vw, 1208px\" \/><\/p>\n<hr \/>\n<p>Konuk oldu\u011fu YouTube kanal\u0131nda Didem Soydan\u2019\u0131n sorular\u0131n\u0131 cevaplayan ba\u015far\u0131l\u0131 oyuncu Cem Yi\u011fit \u00dcz\u00fcmo\u011flu, diziye devam edip etmeyece\u011fi konusuna netlik kazand\u0131rd\u0131. Dizinin s\u0131k\u0131 takip\u00e7ileri bu haberi d\u00f6rt g\u00f6zle beklerken, \u00dcz\u00fcmo\u011flu 2. sezonda da \u015eakir Pa\u015fa Ailesi&#8217;de Cevat \u015eakir Kabaa\u011fa\u00e7l\u0131&#8217;y\u0131 oynayaca\u011f\u0131n\u0131 a\u00e7\u0131klad\u0131.<\/p>\n","protected":false},"excerpt":{"rendered":"<p>Cem Yi\u011fit \u00dcz\u00fcmo\u011flu, NOW TV ekranlar\u0131n\u0131n b\u00fcy\u00fck bir ilgiyle takip edilen dizisi \u015eakir Pa\u015fa Ailesi: Mucizeler ve Skandallar\u2019da oynad\u0131\u011f\u0131 \u2018Cevat \u015eakir Kabaa\u011fa\u00e7l\u0131\u2019 karakteriyle seyircinin ilgisini \u00e7ekmi\u015fti. Cem Yi\u011fit \u00dcz\u00fcmo\u011flu\u2019nun \u015eakir Pa\u015fa Ailesi dizisinin 2. sezonunda olup olmad\u0131\u011f\u0131 merak edilmi\u015fti. Dizinin \u00f6nemli karakterleri aras\u0131nda yer alan Cem Yi\u011fit \u00dcz\u00fcmo\u011flu\u2019nun diziye devam edip etmeyece\u011fi belli oldu. \u0130\u015fte detaylar\u2026<\/p>\n","protected":false},"author":26,"featured_media":208118,"comment_status":"closed","ping_status":"closed","sticky":false,"template":"","format":"standard","meta":{"rank_math_lock_modified_date":false,"footnotes":""},"categories":[602],"tags":[3370,3658,2628,2324,28953],"class_list":["post-208113","post","type-post","status-publish","format-standard","has-post-thumbnail","hentry","category-diziler","tag-cem-yigit-uzumoglu","tag-cevat-sakir-kabaagacli","tag-dizi-haberleri","tag-sakir-pasa-ailesi","tag-sakir-pasa-ailesi-cevat"],"_links":{"self":[{"href":"https:\/\/www.tgrthaber.com\/mavikadin\/wp-json\/wp\/v2\/posts\/208113"}],"collection":[{"href":"https:\/\/www.tgrthaber.com\/mavikadin\/wp-json\/wp\/v2\/posts"}],"about":[{"href":"https:\/\/www.tgrthaber.com\/mavikadin\/wp-json\/wp\/v2\/types\/post"}],"author":[{"embeddable":true,"href":"https:\/\/www.tgrthaber.com\/mavikadin\/wp-json\/wp\/v2\/users\/26"}],"replies":[{"embeddable":true,"href":"https:\/\/www.tgrthaber.com\/mavikadin\/wp-json\/wp\/v2\/comments?post=208113"}],"version-history":[{"count":2,"href":"https:\/\/www.tgrthaber.com\/mavikadin\/wp-json\/wp\/v2\/posts\/208113\/revisions"}],"predecessor-version":[{"id":208124,"href":"https:\/\/www.tgrthaber.com\/mavikadin\/wp-json\/wp\/v2\/posts\/208113\/revisions\/208124"}],"wp:featuredmedia":[{"embeddable":true,"href":"https:\/\/www.tgrthaber.com\/mavikadin\/wp-json\/wp\/v2\/media\/208118"}],"wp:attachment":[{"href":"https:\/\/www.tgrthaber.com\/mavikadin\/wp-json\/wp\/v2\/media?parent=208113"}],"wp:term":[{"taxonomy":"category","embeddable":true,"href":"https:\/\/www.tgrthaber.com\/mavikadin\/wp-json\/wp\/v2\/categories?post=208113"},{"taxonomy":"post_tag","embeddable":true,"href":"https:\/\/www.tgrthaber.com\/mavikadin\/wp-json\/wp\/v2\/tags?post=208113"}],"curies":[{"name":"wp","href":"https:\/\/api.w.org\/{rel}","templated":true}]}}