{"id":208132,"date":"2025-07-21T12:10:21","date_gmt":"2025-07-21T09:10:21","guid":{"rendered":"https:\/\/www.tgrthaber.com\/mavikadin\/?p=208132"},"modified":"2025-07-21T12:10:21","modified_gmt":"2025-07-21T09:10:21","slug":"ferdi-tayfurun-oglu-timur-turanbayburt-bu-kez-askiyla-gundemde-paylasimiyla-gundem-oldu","status":"publish","type":"post","link":"https:\/\/www.tgrthaber.com\/mavikadin\/ferdi-tayfurun-oglu-timur-turanbayburt-bu-kez-askiyla-gundemde-paylasimiyla-gundem-oldu\/","title":{"rendered":"Ferdi Tayfur&#8217;un o\u011flu Timur Turanbayburt bu kez a\u015fk\u0131yla g\u00fcndemde! Payla\u015f\u0131m\u0131yla g\u00fcndem oldu"},"content":{"rendered":"<p>Arabesk m\u00fczi\u011fin usta ismi Ferdi Tayfur\u2019un o\u011flu Timur Turanbayburt, bu kez babas\u0131yla ya\u015fad\u0131\u011f\u0131 gerginliklerle de\u011fil, \u00f6zel hayat\u0131yla g\u00fcndeme geldi. G\u00f6zlerden uzak bir ya\u015fam s\u00fcren Turanbayburt, sosyal medya hesab\u0131ndan yapt\u0131\u011f\u0131 bir payla\u015f\u0131mla yeni bir ili\u015fkiye ba\u015flad\u0131\u011f\u0131n\u0131 duyurdu. \u0130\u015fte detaylar&#8230;<\/p>\n<h3>T\u0130MUR TURANBAYBURT YEN\u0130 A\u015eKINI SOSYAL MEDYADAN PAYLA\u015eTI<\/h3>\n<p>Timur Turanbayburt, Instagram hesab\u0131ndan \u201cKalbime ho\u015f geldin\u201d notunu yazarak sevgilisiyle bir foto\u011fraf\u0131n\u0131 payla\u015ft\u0131. Uzun s\u00fcredir \u00f6zel hayat\u0131yla magazin d\u00fcnyas\u0131nda yer almayan Turanbayburt\u2019un bu payla\u015f\u0131m\u0131, takip\u00e7ileri taraf\u0131ndan ilgiyle kar\u015f\u0131land\u0131.<\/p>\n<p><img loading=\"lazy\" decoding=\"async\" class=\"alignnone size-full wp-image-208140\" src=\"https:\/\/www.tgrthaber.com\/mavikadin\/wp-content\/uploads\/4-1294.png\" alt=\"\" width=\"1208\" height=\"680\" title=\"\" srcset=\"https:\/\/www.tgrthaber.com\/mavikadin\/wp-content\/uploads\/4-1294.png 1208w, https:\/\/www.tgrthaber.com\/mavikadin\/wp-content\/uploads\/4-1294-300x169.png 300w, https:\/\/www.tgrthaber.com\/mavikadin\/wp-content\/uploads\/4-1294-1024x576.png 1024w, https:\/\/www.tgrthaber.com\/mavikadin\/wp-content\/uploads\/4-1294-768x432.png 768w\" sizes=\"(max-width: 1208px) 100vw, 1208px\" \/><\/p>\n<hr \/>\n<p>Payla\u015f\u0131m\u0131n alt\u0131na \u201cMutluluk daim olsun\u201d ve \u201cYak\u0131\u015fan bir \u00e7ift olmu\u015fsunuz\u201d gibi yorumlar yap\u0131ld\u0131.<\/p>\n<p><img loading=\"lazy\" decoding=\"async\" class=\"alignnone size-full wp-image-208142\" src=\"https:\/\/www.tgrthaber.com\/mavikadin\/wp-content\/uploads\/5-838.png\" alt=\"\" width=\"1208\" height=\"680\" title=\"\" srcset=\"https:\/\/www.tgrthaber.com\/mavikadin\/wp-content\/uploads\/5-838.png 1208w, https:\/\/www.tgrthaber.com\/mavikadin\/wp-content\/uploads\/5-838-300x169.png 300w, https:\/\/www.tgrthaber.com\/mavikadin\/wp-content\/uploads\/5-838-1024x576.png 1024w, https:\/\/www.tgrthaber.com\/mavikadin\/wp-content\/uploads\/5-838-768x432.png 768w\" sizes=\"(max-width: 1208px) 100vw, 1208px\" \/><\/p>\n<hr \/>\n<h3>TAYFUR A\u0130LES\u0130NDE SULAR DURULMUYOR<\/h3>\n<p>Timur Turanbayburt\u2019un \u00f6zel hayat\u0131yla g\u00fcndeme geldi\u011fi bu d\u00f6nemde, Ferdi Tayfur\u2019un k\u0131z\u0131 Tu\u011f\u00e7e Tayfur da yapt\u0131\u011f\u0131 a\u00e7\u0131klamalarla dikkat \u00e7ekti. Bir s\u00fcredir e\u015fi Muhammet Ayd\u0131n\u2019la birlikte i\u015fletti\u011fi \u201cTu\u011f\u00e7e Tayfur Store\u201d isimli ma\u011faza \u00fczerinden babas\u0131yla daval\u0131k olan Tu\u011f\u00e7e Tayfur, g\u00f6r\u00fclen duru\u015fma sonras\u0131 sosyal medya hesab\u0131ndan duygusal bir payla\u015f\u0131m yapt\u0131.<\/p>\n<p><img loading=\"lazy\" decoding=\"async\" class=\"alignnone size-full wp-image-208144\" src=\"https:\/\/www.tgrthaber.com\/mavikadin\/wp-content\/uploads\/7-144.png\" alt=\"\" width=\"1208\" height=\"680\" title=\"\" srcset=\"https:\/\/www.tgrthaber.com\/mavikadin\/wp-content\/uploads\/7-144.png 1208w, https:\/\/www.tgrthaber.com\/mavikadin\/wp-content\/uploads\/7-144-300x169.png 300w, https:\/\/www.tgrthaber.com\/mavikadin\/wp-content\/uploads\/7-144-1024x576.png 1024w, https:\/\/www.tgrthaber.com\/mavikadin\/wp-content\/uploads\/7-144-768x432.png 768w\" sizes=\"(max-width: 1208px) 100vw, 1208px\" \/><\/p>\n<hr \/>\n<h3>\u00c7OCUKLARIMIZIN RIZKINI H\u0130\u00c7 ETT\u0130LER<\/h3>\n<p>Tu\u011f\u00e7e Tayfur, davayla ilgili yapt\u0131\u011f\u0131 payla\u015f\u0131mda \u201cBug\u00fcn yine davay\u0131 uzatmak i\u00e7in ellerinden geleni yapt\u0131lar\u2026 \u00c7ocuklar\u0131m\u0131z\u0131n r\u0131zk\u0131n\u0131 nas\u0131l hi\u00e7 ettiler unutmayal\u0131m\u201d diyerek ya\u015fad\u0131klar\u0131 s\u00fcrece tepki g\u00f6sterdi. Tayfur, babas\u0131na y\u00f6nelik k\u0131rg\u0131nl\u0131\u011f\u0131n\u0131 da \u015fu s\u00f6zlerle dile getirdi: \u201cKe\u015fke sen de \u2018O benim k\u0131z\u0131m\u2019 diyebilseydin\u2026 K\u0131rg\u0131n\u0131m ama seni de \u00e7ok \u00f6zledim.\u201d<\/p>\n<p><img loading=\"lazy\" decoding=\"async\" class=\"alignnone size-full wp-image-208143\" src=\"https:\/\/www.tgrthaber.com\/mavikadin\/wp-content\/uploads\/6-362.png\" alt=\"\" width=\"1208\" height=\"680\" title=\"\" srcset=\"https:\/\/www.tgrthaber.com\/mavikadin\/wp-content\/uploads\/6-362.png 1208w, https:\/\/www.tgrthaber.com\/mavikadin\/wp-content\/uploads\/6-362-300x169.png 300w, https:\/\/www.tgrthaber.com\/mavikadin\/wp-content\/uploads\/6-362-1024x576.png 1024w, https:\/\/www.tgrthaber.com\/mavikadin\/wp-content\/uploads\/6-362-768x432.png 768w\" sizes=\"(max-width: 1208px) 100vw, 1208px\" \/><\/p>\n<hr \/>\n<h3>FERD\u0130 TAYFUR\u2019DAN A\u00c7IKLAMA GELM\u0130\u015eT\u0130<\/h3>\n<p>Ferdi Tayfur ise daha \u00f6nce avukat\u0131 arac\u0131l\u0131\u011f\u0131yla yapt\u0131\u011f\u0131 a\u00e7\u0131klamada, \u201cTayfur\u201d soyad\u0131n\u0131n Tu\u011f\u00e7e Tayfur taraf\u0131ndan ticari ama\u00e7la kullan\u0131lmas\u0131na kar\u015f\u0131 oldu\u011funu belirtmi\u015fti. Ayr\u0131ca k\u0131z\u0131n\u0131n kendi eserlerini izinsiz kullanmas\u0131ndan ve a\u00e7t\u0131\u011f\u0131 ma\u011fazayla ilgili do\u011fan isim hakk\u0131 alaca\u011f\u0131ndan \u015fikayet\u00e7i olmu\u015ftu.<\/p>\n<p><img loading=\"lazy\" decoding=\"async\" class=\"alignnone size-full wp-image-208139\" src=\"https:\/\/www.tgrthaber.com\/mavikadin\/wp-content\/uploads\/3-1554.png\" alt=\"\" width=\"1208\" height=\"680\" title=\"\" srcset=\"https:\/\/www.tgrthaber.com\/mavikadin\/wp-content\/uploads\/3-1554.png 1208w, https:\/\/www.tgrthaber.com\/mavikadin\/wp-content\/uploads\/3-1554-300x169.png 300w, https:\/\/www.tgrthaber.com\/mavikadin\/wp-content\/uploads\/3-1554-1024x576.png 1024w, https:\/\/www.tgrthaber.com\/mavikadin\/wp-content\/uploads\/3-1554-768x432.png 768w\" sizes=\"(max-width: 1208px) 100vw, 1208px\" \/><\/p>\n<hr \/>\n<h3>SOYADIMI BANA LEYLEKLER VERMED\u0130<\/h3>\n<p>Tu\u011f\u00e7e Tayfur ise, \u201cTayfur soyad\u0131m\u0131 bana leylekler vermedi, sen babams\u0131n\u201d diyerek kar\u015f\u0131l\u0131k verdi. Babas\u0131na hitaben \u201cParan\u0131z\u0131n bitti\u011fini bilseydim e\u015fimle yard\u0131mc\u0131 olurdum\u201d diyen Tayfur, sosyal medya \u00fczerinden sert ifadeler kulland\u0131: \u201cBu i\u015fin bir de inanmad\u0131\u011f\u0131n ahireti var be baba\u2026 Tu\u011f\u00e7e Ayd\u0131n olarak da devam ederim.\u201d<\/p>\n","protected":false},"excerpt":{"rendered":"<p>Arabesk m\u00fczi\u011fin usta ismi Ferdi Tayfur\u2019un o\u011flu Timur Turanbayburt, bu kez \u00f6zel hayat\u0131yla g\u00fcndeme geldi. G\u00f6zlerden uzak ya\u015famay\u0131 tercih eden Turanbayburt, sosyal medya hesab\u0131ndan yapt\u0131\u011f\u0131 s\u00fcrpriz bir payla\u015f\u0131mla yeni bir a\u015fka yelken a\u00e7t\u0131\u011f\u0131n\u0131 duyurdu.<\/p>\n","protected":false},"author":28,"featured_media":208137,"comment_status":"closed","ping_status":"closed","sticky":false,"template":"","format":"standard","meta":{"rank_math_lock_modified_date":true,"footnotes":""},"categories":[76],"tags":[2218,6946,28960,28961,28959],"class_list":["post-208132","post","type-post","status-publish","format-standard","has-post-thumbnail","hentry","category-magazin","tag-magazin-haberleri","tag-timur-turanbayburt","tag-timur-turanbayburt-babasi","tag-timur-turanbayburt-ferdi-tayfur","tag-timur-turanbayburt-sevgilisi"],"_links":{"self":[{"href":"https:\/\/www.tgrthaber.com\/mavikadin\/wp-json\/wp\/v2\/posts\/208132"}],"collection":[{"href":"https:\/\/www.tgrthaber.com\/mavikadin\/wp-json\/wp\/v2\/posts"}],"about":[{"href":"https:\/\/www.tgrthaber.com\/mavikadin\/wp-json\/wp\/v2\/types\/post"}],"author":[{"embeddable":true,"href":"https:\/\/www.tgrthaber.com\/mavikadin\/wp-json\/wp\/v2\/users\/28"}],"replies":[{"embeddable":true,"href":"https:\/\/www.tgrthaber.com\/mavikadin\/wp-json\/wp\/v2\/comments?post=208132"}],"version-history":[{"count":2,"href":"https:\/\/www.tgrthaber.com\/mavikadin\/wp-json\/wp\/v2\/posts\/208132\/revisions"}],"predecessor-version":[{"id":208152,"href":"https:\/\/www.tgrthaber.com\/mavikadin\/wp-json\/wp\/v2\/posts\/208132\/revisions\/208152"}],"wp:featuredmedia":[{"embeddable":true,"href":"https:\/\/www.tgrthaber.com\/mavikadin\/wp-json\/wp\/v2\/media\/208137"}],"wp:attachment":[{"href":"https:\/\/www.tgrthaber.com\/mavikadin\/wp-json\/wp\/v2\/media?parent=208132"}],"wp:term":[{"taxonomy":"category","embeddable":true,"href":"https:\/\/www.tgrthaber.com\/mavikadin\/wp-json\/wp\/v2\/categories?post=208132"},{"taxonomy":"post_tag","embeddable":true,"href":"https:\/\/www.tgrthaber.com\/mavikadin\/wp-json\/wp\/v2\/tags?post=208132"}],"curies":[{"name":"wp","href":"https:\/\/api.w.org\/{rel}","templated":true}]}}