{"id":208133,"date":"2025-07-21T12:23:41","date_gmt":"2025-07-21T09:23:41","guid":{"rendered":"https:\/\/www.tgrthaber.com\/mavikadin\/?p=208133"},"modified":"2025-07-21T12:23:42","modified_gmt":"2025-07-21T09:23:42","slug":"sefo-ve-demet-akalindan-dunya-listelerinde-buyuk-basari-yazin-en-hit-sarkisi-oldu","status":"publish","type":"post","link":"https:\/\/www.tgrthaber.com\/mavikadin\/sefo-ve-demet-akalindan-dunya-listelerinde-buyuk-basari-yazin-en-hit-sarkisi-oldu\/","title":{"rendered":"Sefo ve Demet Akal\u0131n\u2019dan d\u00fcnya listelerinde b\u00fcy\u00fck ba\u015far\u0131! Yaz\u0131n en hit \u015fark\u0131s\u0131 oldu"},"content":{"rendered":"<p>\u00dcnl\u00fc \u015fark\u0131c\u0131lar Sefo ile Demet Akal\u0131n\u2019\u0131n ortak \u00e7\u0131kard\u0131klar\u0131 \u2018Yerinde Dur\u2019 adl\u0131 par\u00e7a yay\u0131nland\u0131\u011f\u0131 g\u00fcnden beri m\u00fczik listelerinin zirvesinde yer al\u0131yor. Son olarak Sefo ve Demet Akal\u0131n\u2019\u0131n \u015fark\u0131s\u0131 d\u00fcnya listelerinde b\u00fcy\u00fck ba\u015far\u0131 yakalad\u0131. \u0130\u015fte detaylar\u2026<\/p>\n<h3>SEFO VE DEMET AKALIN\u2019DAN D\u00dcNYA L\u0130STELER\u0130NDE B\u00dcY\u00dcK BA\u015eARI!<\/h3>\n<p>\u00dcnl\u00fc \u015fark\u0131c\u0131 Sefo ve Demet Akal\u0131n\u2019\u0131n beraber d\u00fcet yapt\u0131klar\u0131 \u2018Yerinde Dur\u2019 adl\u0131 par\u00e7a yay\u0131nland\u0131\u011f\u0131 g\u00fcnden beri m\u00fczik piyasan\u0131n en \u00e7ok dinlene \u015fark\u0131s\u0131 oldu. \u015eark\u0131 T\u00fcrkiye s\u0131n\u0131rlar\u0131n\u0131 da ge\u00e7erek d\u00fcnya listelerinde b\u00fcy\u00fck ba\u015far\u0131 yakalad\u0131.<\/p>\n<p><img loading=\"lazy\" decoding=\"async\" class=\"alignnone size-full wp-image-208159\" src=\"https:\/\/www.tgrthaber.com\/mavikadin\/wp-content\/uploads\/ARZU-31-11.jpg\" alt=\"Sefo ve Demet Akal\u0131n\u2019dan d\u00fcnya listelerinde b\u00fcy\u00fck ba\u015far\u0131! Yaz\u0131n en hit \u015fark\u0131s\u0131 oldu\" width=\"1208\" height=\"680\" title=\"\" srcset=\"https:\/\/www.tgrthaber.com\/mavikadin\/wp-content\/uploads\/ARZU-31-11.jpg 1208w, https:\/\/www.tgrthaber.com\/mavikadin\/wp-content\/uploads\/ARZU-31-11-300x169.jpg 300w, https:\/\/www.tgrthaber.com\/mavikadin\/wp-content\/uploads\/ARZU-31-11-1024x576.jpg 1024w, https:\/\/www.tgrthaber.com\/mavikadin\/wp-content\/uploads\/ARZU-31-11-768x432.jpg 768w\" sizes=\"(max-width: 1208px) 100vw, 1208px\" \/><\/p>\n<hr \/>\n<p>Spotify T\u00fcrkiye Top 50 listesine 2 numaradan giri\u015f yapan \u2018Yerinde Dur\u2019 adl\u0131 \u015fark\u0131, Spotify Global Top 100 listesinde 3. s\u0131raya y\u00fckseldi. \u0130kilinin beraber s\u00f6yledikleri \u015fark\u0131, D\u00fcnya m\u00fczik listesi Shazam Top 200 listesinde 10. s\u0131raya gelerek b\u00fcy\u00fck bir ba\u015far\u0131 yakalad\u0131.<\/p>\n<h3><img loading=\"lazy\" decoding=\"async\" class=\"alignnone size-full wp-image-208158\" src=\"https:\/\/www.tgrthaber.com\/mavikadin\/wp-content\/uploads\/ARZU-32-12.jpg\" alt=\"Sefo ve Demet Akal\u0131n\u2019dan d\u00fcnya listelerinde b\u00fcy\u00fck ba\u015far\u0131! Yaz\u0131n en hit \u015fark\u0131s\u0131 oldu\" width=\"1208\" height=\"680\" title=\"\" srcset=\"https:\/\/www.tgrthaber.com\/mavikadin\/wp-content\/uploads\/ARZU-32-12.jpg 1208w, https:\/\/www.tgrthaber.com\/mavikadin\/wp-content\/uploads\/ARZU-32-12-300x169.jpg 300w, https:\/\/www.tgrthaber.com\/mavikadin\/wp-content\/uploads\/ARZU-32-12-1024x576.jpg 1024w, https:\/\/www.tgrthaber.com\/mavikadin\/wp-content\/uploads\/ARZU-32-12-768x432.jpg 768w\" sizes=\"(max-width: 1208px) 100vw, 1208px\" \/><\/h3>\n<hr \/>\n<h3>K\u00dcRESEL ANLAM DA YEN\u0130 B\u0130R H\u0130T OLDU<\/h3>\n<p>Yay\u0131nland\u0131\u011f\u0131 ilk andan itibaren dijital platformlarda b\u00fcy\u00fck yank\u0131 uyand\u0131ran \u2018Yerinde Dur\u2019 s\u00f6z ve bestesi ile \u015fark\u0131c\u0131 Sefo\u2019ya aitken aranje ve d\u00fczenleme de ba\u015far\u0131l\u0131 prod\u00fckt\u00f6r Aerro\u2019nun imzas\u0131n\u0131 ta\u015f\u0131yor. K\u00fcresel anlamda yeni bir hit olu\u015fturan \u015fark\u0131, k\u00fc\u00e7\u00fckten b\u00fcy\u00fcye herkes taraf\u0131ndan yo\u011fun ilgi ili dinleniyor.<\/p>\n<p><img loading=\"lazy\" decoding=\"async\" class=\"alignnone size-full wp-image-208154\" src=\"https:\/\/www.tgrthaber.com\/mavikadin\/wp-content\/uploads\/ARZU-36-11.jpg\" alt=\"Sefo ve Demet Akal\u0131n\u2019dan d\u00fcnya listelerinde b\u00fcy\u00fck ba\u015far\u0131! Yaz\u0131n en hit \u015fark\u0131s\u0131 oldu\" width=\"1208\" height=\"680\" title=\"\" srcset=\"https:\/\/www.tgrthaber.com\/mavikadin\/wp-content\/uploads\/ARZU-36-11.jpg 1208w, https:\/\/www.tgrthaber.com\/mavikadin\/wp-content\/uploads\/ARZU-36-11-300x169.jpg 300w, https:\/\/www.tgrthaber.com\/mavikadin\/wp-content\/uploads\/ARZU-36-11-1024x576.jpg 1024w, https:\/\/www.tgrthaber.com\/mavikadin\/wp-content\/uploads\/ARZU-36-11-768x432.jpg 768w\" sizes=\"(max-width: 1208px) 100vw, 1208px\" \/><\/p>\n<hr \/>\n<p>D\u00fcnya listelerinde \u00fcnl\u00fc isimler ile ayn\u0131 liste de olan Sefo ve Demet Akal\u0131n, \u00e7\u0131kard\u0131klar\u0131 \u2018Yerinde Dur\u2019 adeta sosyal medya da g\u00f6nderiler payla\u015f\u0131mlar yap\u0131lmaya devam ediyor.<\/p>\n<h3><img loading=\"lazy\" decoding=\"async\" class=\"alignnone size-full wp-image-208157\" src=\"https:\/\/www.tgrthaber.com\/mavikadin\/wp-content\/uploads\/ARZU-33-12.jpg\" alt=\"Sefo ve Demet Akal\u0131n\u2019dan d\u00fcnya listelerinde b\u00fcy\u00fck ba\u015far\u0131! Yaz\u0131n en hit \u015fark\u0131s\u0131 oldu\" width=\"1208\" height=\"680\" title=\"\" srcset=\"https:\/\/www.tgrthaber.com\/mavikadin\/wp-content\/uploads\/ARZU-33-12.jpg 1208w, https:\/\/www.tgrthaber.com\/mavikadin\/wp-content\/uploads\/ARZU-33-12-300x169.jpg 300w, https:\/\/www.tgrthaber.com\/mavikadin\/wp-content\/uploads\/ARZU-33-12-1024x576.jpg 1024w, https:\/\/www.tgrthaber.com\/mavikadin\/wp-content\/uploads\/ARZU-33-12-768x432.jpg 768w\" sizes=\"(max-width: 1208px) 100vw, 1208px\" \/><\/h3>\n<hr \/>\n<h3>YAZIN EN D\u0130KKAT \u00c7EKEN \u015eARKISI<\/h3>\n<p>Yaz\u0131n en dikkat \u015fark\u0131s\u0131 olan \u2018Yerinde Dur\u2019 sosyal medya da en \u00e7ok be\u011fenilen ve m\u00fczik piyasas\u0131n\u0131n zirvesine oturan par\u00e7a, ad\u0131n\u0131 d\u00fcnyaya duyurmay\u0131 ba\u015fard\u0131. T\u00fcrkiye\u2019de radyo ve televizyon listelerinde \u00fcst s\u0131ralar\u0131na yerle\u015fen \u015fark\u0131, sosyal medya platformlar\u0131 olan TikTok ve Youtube trendlerinde zirveye yerle\u015fti.<\/p>\n<p><img loading=\"lazy\" decoding=\"async\" class=\"alignnone size-full wp-image-208155\" src=\"https:\/\/www.tgrthaber.com\/mavikadin\/wp-content\/uploads\/ARZU-35-11.jpg\" alt=\"Sefo ve Demet Akal\u0131n\u2019dan d\u00fcnya listelerinde b\u00fcy\u00fck ba\u015far\u0131! Yaz\u0131n en hit \u015fark\u0131s\u0131 oldu\" width=\"1208\" height=\"680\" title=\"\" srcset=\"https:\/\/www.tgrthaber.com\/mavikadin\/wp-content\/uploads\/ARZU-35-11.jpg 1208w, https:\/\/www.tgrthaber.com\/mavikadin\/wp-content\/uploads\/ARZU-35-11-300x169.jpg 300w, https:\/\/www.tgrthaber.com\/mavikadin\/wp-content\/uploads\/ARZU-35-11-1024x576.jpg 1024w, https:\/\/www.tgrthaber.com\/mavikadin\/wp-content\/uploads\/ARZU-35-11-768x432.jpg 768w\" sizes=\"(max-width: 1208px) 100vw, 1208px\" \/><\/p>\n<hr \/>\n<p>Zirveye oturan par\u00e7a yaz ay\u0131n\u0131n en hit ve dikkat \u00e7eken m\u00fcziklerinden oldu. \u015eark\u0131 ile \u00e7e\u015fitli ak\u0131mlar ve g\u00f6nderi payla\u015f\u0131mlar\u0131 yap\u0131ld\u0131. K\u00fc\u00e7\u00fckten b\u00fcy\u00fcye herkesin dilinde olan \u2018Yerinde Dur\u2019 \u015fark\u0131s\u0131 t\u00fcm d\u00fcnya da pop\u00fcler m\u00fczik listelerinde zirveye yerle\u015fmeye devam ediyor. Yabanc\u0131 m\u00fczik listelerinde bile b\u00fcy\u00fck ba\u015far\u0131 yakalayan Sefo ve Demet Akal\u0131n, uzun s\u00fcre listelerde kalmaya devam edecek gibi g\u00f6r\u00fcl\u00fcyor.<\/p>\n","protected":false},"excerpt":{"rendered":"<p>Sefo ve Demet Akal\u0131n&#8217;\u0131n beraber d\u00fcet yapt\u0131klar\u0131 \u2018Yerinde Dur\u2019 adl\u0131 par\u00e7a, d\u00fcnya listelerinde b\u00fcy\u00fck ba\u015far\u0131 yakalad\u0131. \u0130\u015fte detaylar\u2026<\/p>\n","protected":false},"author":34,"featured_media":208156,"comment_status":"closed","ping_status":"closed","sticky":false,"template":"","format":"standard","meta":{"rank_math_lock_modified_date":false,"footnotes":""},"categories":[76],"tags":[130,2218,28963,28962],"class_list":["post-208133","post","type-post","status-publish","format-standard","has-post-thumbnail","hentry","category-magazin","tag-demet-akalin","tag-magazin-haberleri","tag-sefo-ve-demet-akalin","tag-yerinde-dur-sarkisi"],"_links":{"self":[{"href":"https:\/\/www.tgrthaber.com\/mavikadin\/wp-json\/wp\/v2\/posts\/208133"}],"collection":[{"href":"https:\/\/www.tgrthaber.com\/mavikadin\/wp-json\/wp\/v2\/posts"}],"about":[{"href":"https:\/\/www.tgrthaber.com\/mavikadin\/wp-json\/wp\/v2\/types\/post"}],"author":[{"embeddable":true,"href":"https:\/\/www.tgrthaber.com\/mavikadin\/wp-json\/wp\/v2\/users\/34"}],"replies":[{"embeddable":true,"href":"https:\/\/www.tgrthaber.com\/mavikadin\/wp-json\/wp\/v2\/comments?post=208133"}],"version-history":[{"count":2,"href":"https:\/\/www.tgrthaber.com\/mavikadin\/wp-json\/wp\/v2\/posts\/208133\/revisions"}],"predecessor-version":[{"id":208161,"href":"https:\/\/www.tgrthaber.com\/mavikadin\/wp-json\/wp\/v2\/posts\/208133\/revisions\/208161"}],"wp:featuredmedia":[{"embeddable":true,"href":"https:\/\/www.tgrthaber.com\/mavikadin\/wp-json\/wp\/v2\/media\/208156"}],"wp:attachment":[{"href":"https:\/\/www.tgrthaber.com\/mavikadin\/wp-json\/wp\/v2\/media?parent=208133"}],"wp:term":[{"taxonomy":"category","embeddable":true,"href":"https:\/\/www.tgrthaber.com\/mavikadin\/wp-json\/wp\/v2\/categories?post=208133"},{"taxonomy":"post_tag","embeddable":true,"href":"https:\/\/www.tgrthaber.com\/mavikadin\/wp-json\/wp\/v2\/tags?post=208133"}],"curies":[{"name":"wp","href":"https:\/\/api.w.org\/{rel}","templated":true}]}}