{"id":208162,"date":"2025-07-21T12:32:15","date_gmt":"2025-07-21T09:32:15","guid":{"rendered":"https:\/\/www.tgrthaber.com\/mavikadin\/?p=208162"},"modified":"2025-08-04T14:16:14","modified_gmt":"2025-08-04T11:16:14","slug":"bengisu-avci-kimdir-ve-nerelidir-bengisu-avci-kac-yasinda-evli-mi","status":"publish","type":"post","link":"https:\/\/www.tgrthaber.com\/mavikadin\/bengisu-avci-kimdir-ve-nerelidir-bengisu-avci-kac-yasinda-evli-mi\/","title":{"rendered":"Bengisu Avc\u0131 kimdir ve nerelidir? Bengisu Avc\u0131 ka\u00e7 ya\u015f\u0131nda evli mi?"},"content":{"rendered":"<p>Maraton y\u00fcz\u00fcc\u00fcs\u00fc Bengisu Avc\u0131, yeni bir ba\u015far\u0131ya imza att\u0131. Ge\u00e7ti\u011fimiz g\u00fcnlerde Kuzey Kanal\u0131\u2019n\u0131 en h\u0131zl\u0131 ge\u00e7en T\u00fcrk y\u00fcz\u00fcc\u00fc \u00fcnvan\u0131n\u0131 kazanarak spor tarihine ge\u00e7en Avc\u0131, \u015fimdi de Tsugaru Kanal\u0131&#8217;n\u0131 ge\u00e7erek Oceans Seven&#8217;i tamamlayan ilk T\u00fcrk olarak g\u00fcndem oldu.<\/p>\n<p>Bu ba\u015far\u0131s\u0131 bas\u0131nda haber olan Avc\u0131\u2019n\u0131n kim oldu\u011fu merak edildi. Bengisu Avc\u0131 kimdir ve nerelidir? Bengisu Avc\u0131 ka\u00e7 ya\u015f\u0131nda evli mi?<\/p>\n<h3>BENG\u0130SU AVCI K\u0130MD\u0130R?<\/h3>\n<p>Bengisu Avc\u0131, T\u00fcrk Milli y\u00fcz\u00fcc\u00fc, maraton y\u00fcz\u00fcc\u00fcs\u00fc ve antren\u00f6rd\u00fcr. 1996 senesinde \u0130zmir\u2019de do\u011fdu. Annesinin ad\u0131 Meserret Avc\u0131, babas\u0131n\u0131n ismi ise H\u00fcseyin Avc\u0131&#8217;d\u0131r.<\/p>\n<p><img loading=\"lazy\" decoding=\"async\" class=\"size-full wp-image-208165 aligncenter\" src=\"https:\/\/www.tgrthaber.com\/mavikadin\/wp-content\/uploads\/bengisu-avci-kimdir-ve-nerelidir-bengisu-avci-kac-yasinda-evli-mi-1.jpg\" alt=\"\" width=\"1208\" height=\"680\" title=\"\" srcset=\"https:\/\/www.tgrthaber.com\/mavikadin\/wp-content\/uploads\/bengisu-avci-kimdir-ve-nerelidir-bengisu-avci-kac-yasinda-evli-mi-1.jpg 1208w, https:\/\/www.tgrthaber.com\/mavikadin\/wp-content\/uploads\/bengisu-avci-kimdir-ve-nerelidir-bengisu-avci-kac-yasinda-evli-mi-1-300x169.jpg 300w, https:\/\/www.tgrthaber.com\/mavikadin\/wp-content\/uploads\/bengisu-avci-kimdir-ve-nerelidir-bengisu-avci-kac-yasinda-evli-mi-1-1024x576.jpg 1024w, https:\/\/www.tgrthaber.com\/mavikadin\/wp-content\/uploads\/bengisu-avci-kimdir-ve-nerelidir-bengisu-avci-kac-yasinda-evli-mi-1-768x432.jpg 768w\" sizes=\"(max-width: 1208px) 100vw, 1208px\" \/><\/p>\n<hr \/>\n<p>Y\u00fczme sporu kariyerine hen\u00fcz 6 ya\u015f\u0131ndayken Ege \u00dcniversitesi Y\u00fczme Kul\u00fcb\u00fc&#8217;nde ba\u015flad\u0131.<\/p>\n<p>Ege \u00dcniversitesi Spor Bilimleri Fak\u00fcltesi Y\u00fczme Antren\u00f6rl\u00fc\u011f\u00fc B\u00f6l\u00fcm\u00fc&#8217;nden mezun oldu.<\/p>\n<p><img loading=\"lazy\" decoding=\"async\" class=\"size-full wp-image-208164 aligncenter\" src=\"https:\/\/www.tgrthaber.com\/mavikadin\/wp-content\/uploads\/bengisu-avci-kimdir-ve-nerelidir-bengisu-avci-kac-yasinda-evli-mi-2.jpg\" alt=\"\" width=\"1208\" height=\"680\" title=\"\" srcset=\"https:\/\/www.tgrthaber.com\/mavikadin\/wp-content\/uploads\/bengisu-avci-kimdir-ve-nerelidir-bengisu-avci-kac-yasinda-evli-mi-2.jpg 1208w, https:\/\/www.tgrthaber.com\/mavikadin\/wp-content\/uploads\/bengisu-avci-kimdir-ve-nerelidir-bengisu-avci-kac-yasinda-evli-mi-2-300x169.jpg 300w, https:\/\/www.tgrthaber.com\/mavikadin\/wp-content\/uploads\/bengisu-avci-kimdir-ve-nerelidir-bengisu-avci-kac-yasinda-evli-mi-2-1024x576.jpg 1024w, https:\/\/www.tgrthaber.com\/mavikadin\/wp-content\/uploads\/bengisu-avci-kimdir-ve-nerelidir-bengisu-avci-kac-yasinda-evli-mi-2-768x432.jpg 768w\" sizes=\"(max-width: 1208px) 100vw, 1208px\" \/><\/p>\n<hr \/>\n<p>Avc\u0131 ge\u00e7ti\u011fimiz g\u00fcnlerde Kuzey Kanal\u0131&#8217;n\u0131 10 saatte ge\u00e7erek Kuzey Kanal\u0131\u2019n\u0131 en h\u0131zl\u0131 ge\u00e7en T\u00fcrk y\u00fcz\u00fcc\u00fc \u00fcnvan\u0131n\u0131 kazand\u0131.<\/p>\n<p>Maraton y\u00fcz\u00fcc\u00fcs\u00fc ve antren\u00f6r Bengisu Avc\u0131 daha \u00f6nce \u015fu \u00fcnvanlar\u0131 alm\u0131\u015ft\u0131:<\/p>\n<p>Yeni Zelanda Cook Bo\u011faz\u0131&#8217;n\u0131 (2024) ve Molokai Ka&#8217;iwi Bo\u011faz\u0131&#8217;nda y\u00fczen ilk T\u00fcrk, Catalina Kanal\u0131&#8217;n\u0131 y\u00fczerek ge\u00e7en ilk T\u00fcrk kad\u0131n, Man\u015f Denizi&#8217;ni y\u00fczerek en h\u0131zl\u0131 ge\u00e7en ilk T\u00fcrk kad\u0131n, A\u00e7\u0131k Su Y\u00fczme \u00dc\u00e7l\u00fc Tac\u0131&#8217;n\u0131 kazanan ilk T\u00fcrk kad\u0131n, buzda y\u00fczme d\u00fcnya rekoru sahibi gibi \u00fcnvanlar\u0131 ald\u0131.<\/p>\n<p><img loading=\"lazy\" decoding=\"async\" class=\"size-full wp-image-208166 aligncenter\" src=\"https:\/\/www.tgrthaber.com\/mavikadin\/wp-content\/uploads\/bengisu-avci-kimdir-ve-nerelidir-bengisu-avci-kac-yasinda-evli-mi-3.jpg\" alt=\"\" width=\"1208\" height=\"680\" title=\"\" srcset=\"https:\/\/www.tgrthaber.com\/mavikadin\/wp-content\/uploads\/bengisu-avci-kimdir-ve-nerelidir-bengisu-avci-kac-yasinda-evli-mi-3.jpg 1208w, https:\/\/www.tgrthaber.com\/mavikadin\/wp-content\/uploads\/bengisu-avci-kimdir-ve-nerelidir-bengisu-avci-kac-yasinda-evli-mi-3-300x169.jpg 300w, https:\/\/www.tgrthaber.com\/mavikadin\/wp-content\/uploads\/bengisu-avci-kimdir-ve-nerelidir-bengisu-avci-kac-yasinda-evli-mi-3-1024x576.jpg 1024w, https:\/\/www.tgrthaber.com\/mavikadin\/wp-content\/uploads\/bengisu-avci-kimdir-ve-nerelidir-bengisu-avci-kac-yasinda-evli-mi-3-768x432.jpg 768w\" sizes=\"(max-width: 1208px) 100vw, 1208px\" \/><\/p>\n<hr \/>\n<p>Bengisu Avc\u0131, Kuzey Kanal\u0131\u2019n\u0131 en h\u0131zl\u0131 ge\u00e7en T\u00fcrk y\u00fcz\u00fcc\u00fc \u00fcnvan\u0131n\u0131 kazand\u0131 ve bu \u00fcnvanla son g\u00fcnlerde g\u00fcndem oldu.<\/p>\n<p>T.C. Gen\u00e7lik ve Spor Bakanl\u0131\u011f\u0131&#8217;nda Milli Tak\u0131m A\u00e7\u0131k Su Y\u00fcz\u00fcc\u00fcs\u00fc, Fitstone Ki\u015fisel Antrenman St\u00fcdyosu&#8217;nda ki\u015fisel antren\u00f6rl\u00fck, Sportive&#8217;de marka el\u00e7isi olarak \u00e7al\u0131\u015ft\u0131.<\/p>\n<p>Bengisu Avc\u0131, \u015fuan Ultimate Y\u00fczme Grubu\u2019nda ba\u015f y\u00fczme antren\u00f6r\u00fc olarak \u00e7al\u0131\u015fmakta ve AXA T\u00fcrkiye\u2019nin marka temsilcisi olarak kariyerini s\u00fcrd\u00fcrmektedir.<\/p>\n<h3>BENG\u0130SU AVCI KA\u00c7 YA\u015eINDA?<\/h3>\n<p>Bengisu Avc\u0131 1996 y\u0131l\u0131nda d\u00fcnyaya geldi. 2025 y\u0131l\u0131 itibariyle 29 ya\u015f\u0131ndad\u0131r.<\/p>\n<p><img loading=\"lazy\" decoding=\"async\" class=\"size-full wp-image-208167 aligncenter\" src=\"https:\/\/www.tgrthaber.com\/mavikadin\/wp-content\/uploads\/bengisu-avci-kimdir-ve-nerelidir-bengisu-avci-kac-yasinda-evli-mi-4.jpg\" alt=\"\" width=\"1208\" height=\"680\" title=\"\" srcset=\"https:\/\/www.tgrthaber.com\/mavikadin\/wp-content\/uploads\/bengisu-avci-kimdir-ve-nerelidir-bengisu-avci-kac-yasinda-evli-mi-4.jpg 1208w, https:\/\/www.tgrthaber.com\/mavikadin\/wp-content\/uploads\/bengisu-avci-kimdir-ve-nerelidir-bengisu-avci-kac-yasinda-evli-mi-4-300x169.jpg 300w, https:\/\/www.tgrthaber.com\/mavikadin\/wp-content\/uploads\/bengisu-avci-kimdir-ve-nerelidir-bengisu-avci-kac-yasinda-evli-mi-4-1024x576.jpg 1024w, https:\/\/www.tgrthaber.com\/mavikadin\/wp-content\/uploads\/bengisu-avci-kimdir-ve-nerelidir-bengisu-avci-kac-yasinda-evli-mi-4-768x432.jpg 768w\" sizes=\"(max-width: 1208px) 100vw, 1208px\" \/><\/p>\n<hr \/>\n<h3>BENG\u0130SU AVCI EVL\u0130 M\u0130?<\/h3>\n<p>Bengisu Avc\u0131\u2019n\u0131n evli olup olmad\u0131\u011f\u0131 vatanda\u015flar taraf\u0131ndan merak edildi. Bengisu Avc\u0131, meslekta\u015f\u0131 Egor Tropeano ile evlidir.<\/p>\n<p><img loading=\"lazy\" decoding=\"async\" class=\"size-full wp-image-208168 aligncenter\" src=\"https:\/\/www.tgrthaber.com\/mavikadin\/wp-content\/uploads\/bengisu-avci-kimdir-ve-nerelidir-bengisu-avci-kac-yasinda-evli-mi-5.jpg\" alt=\"\" width=\"1208\" height=\"680\" title=\"\" srcset=\"https:\/\/www.tgrthaber.com\/mavikadin\/wp-content\/uploads\/bengisu-avci-kimdir-ve-nerelidir-bengisu-avci-kac-yasinda-evli-mi-5.jpg 1208w, https:\/\/www.tgrthaber.com\/mavikadin\/wp-content\/uploads\/bengisu-avci-kimdir-ve-nerelidir-bengisu-avci-kac-yasinda-evli-mi-5-300x169.jpg 300w, https:\/\/www.tgrthaber.com\/mavikadin\/wp-content\/uploads\/bengisu-avci-kimdir-ve-nerelidir-bengisu-avci-kac-yasinda-evli-mi-5-1024x576.jpg 1024w, https:\/\/www.tgrthaber.com\/mavikadin\/wp-content\/uploads\/bengisu-avci-kimdir-ve-nerelidir-bengisu-avci-kac-yasinda-evli-mi-5-768x432.jpg 768w\" sizes=\"(max-width: 1208px) 100vw, 1208px\" \/><\/p>\n<hr \/>\n<h3>BENG\u0130SU AVCI NEREL\u0130?<\/h3>\n<p>Bengisu Avc\u0131 \u0130zmir do\u011fumludur, \u0130zmirli\u2019dir.<\/p>\n<p><img loading=\"lazy\" decoding=\"async\" class=\"size-full wp-image-216558 aligncenter\" src=\"https:\/\/www.tgrthaber.com\/mavikadin\/wp-content\/uploads\/bengisu-avci.jpg\" alt=\"\" width=\"1208\" height=\"680\" title=\"\" srcset=\"https:\/\/www.tgrthaber.com\/mavikadin\/wp-content\/uploads\/bengisu-avci.jpg 1208w, https:\/\/www.tgrthaber.com\/mavikadin\/wp-content\/uploads\/bengisu-avci-300x169.jpg 300w, https:\/\/www.tgrthaber.com\/mavikadin\/wp-content\/uploads\/bengisu-avci-1024x576.jpg 1024w, https:\/\/www.tgrthaber.com\/mavikadin\/wp-content\/uploads\/bengisu-avci-768x432.jpg 768w\" sizes=\"(max-width: 1208px) 100vw, 1208px\" \/><\/p>\n<hr \/>\n<h3>BENG\u0130SU AVCI NEDEN G\u00dcNDEM OLDU?<\/h3>\n<p>Bengisu Avc\u0131, 42.000 kula\u00e7, 10 saatlik bir m\u00fccadelenin sonunda Ocean\u2019s Seven\u2019deki alt\u0131 parkuru s\u0131ras\u0131yla tamamlayarak Oceans Seven parkurunu tamamlayan ilk T\u00fcrk y\u00fcz\u00fcc\u00fc \u00fcnvan\u0131n\u0131 kazand\u0131. Avc\u0131, bu haberle tekrardan g\u00fcndem oldu.<\/p>\n","protected":false},"excerpt":{"rendered":"<p>Milli y\u00fcz\u00fcc\u00fc Bengisu Avc\u0131 son g\u00fcnlerin trend olan isimlerinden. Avc\u0131, d\u00fcnyan\u0131n en zor a\u00e7\u0131k su parkurlar\u0131ndan olan Kuzey Kanal\u0131&#8217;n\u0131 10 saatte ge\u00e7erek Kuzey Kanal\u0131\u2019n\u0131 en h\u0131zl\u0131 ge\u00e7en T\u00fcrk y\u00fcz\u00fcc\u00fc \u00fcnvan\u0131n\u0131 kazand\u0131. Bengisu Avc\u0131&#8217;n\u0131n bu ba\u015far\u0131s\u0131 d\u00fcnya \u00e7ap\u0131nda g\u00fcndem oldu. Vatanda\u015flar Avc\u0131&#8217;n\u0131n kim oldu\u011funu ara\u015ft\u0131rmaya ba\u015flad\u0131. Bengisu Avc\u0131 kimdir ve nerelidir? Bengisu Avc\u0131 ka\u00e7 ya\u015f\u0131nda evli mi?<\/p>\n","protected":false},"author":30,"featured_media":208163,"comment_status":"closed","ping_status":"closed","sticky":false,"template":"","format":"standard","meta":{"rank_math_lock_modified_date":false,"footnotes":""},"categories":[491],"tags":[28964,28965,16521],"class_list":["post-208162","post","type-post","status-publish","format-standard","has-post-thumbnail","hentry","category-biyografi","tag-bengisu-avci","tag-bengisu-avci-kimdir","tag-biyografi-haberleri"],"_links":{"self":[{"href":"https:\/\/www.tgrthaber.com\/mavikadin\/wp-json\/wp\/v2\/posts\/208162"}],"collection":[{"href":"https:\/\/www.tgrthaber.com\/mavikadin\/wp-json\/wp\/v2\/posts"}],"about":[{"href":"https:\/\/www.tgrthaber.com\/mavikadin\/wp-json\/wp\/v2\/types\/post"}],"author":[{"embeddable":true,"href":"https:\/\/www.tgrthaber.com\/mavikadin\/wp-json\/wp\/v2\/users\/30"}],"replies":[{"embeddable":true,"href":"https:\/\/www.tgrthaber.com\/mavikadin\/wp-json\/wp\/v2\/comments?post=208162"}],"version-history":[{"count":3,"href":"https:\/\/www.tgrthaber.com\/mavikadin\/wp-json\/wp\/v2\/posts\/208162\/revisions"}],"predecessor-version":[{"id":216559,"href":"https:\/\/www.tgrthaber.com\/mavikadin\/wp-json\/wp\/v2\/posts\/208162\/revisions\/216559"}],"wp:featuredmedia":[{"embeddable":true,"href":"https:\/\/www.tgrthaber.com\/mavikadin\/wp-json\/wp\/v2\/media\/208163"}],"wp:attachment":[{"href":"https:\/\/www.tgrthaber.com\/mavikadin\/wp-json\/wp\/v2\/media?parent=208162"}],"wp:term":[{"taxonomy":"category","embeddable":true,"href":"https:\/\/www.tgrthaber.com\/mavikadin\/wp-json\/wp\/v2\/categories?post=208162"},{"taxonomy":"post_tag","embeddable":true,"href":"https:\/\/www.tgrthaber.com\/mavikadin\/wp-json\/wp\/v2\/tags?post=208162"}],"curies":[{"name":"wp","href":"https:\/\/api.w.org\/{rel}","templated":true}]}}