{"id":208180,"date":"2025-07-21T13:42:40","date_gmt":"2025-07-21T10:42:40","guid":{"rendered":"https:\/\/www.tgrthaber.com\/mavikadin\/?p=208180"},"modified":"2025-07-21T13:42:40","modified_gmt":"2025-07-21T10:42:40","slug":"kararmayan-tam-kivaminda-visne-receli-tarifi-bu-puf-noktalarina-dikkat","status":"publish","type":"post","link":"https:\/\/www.tgrthaber.com\/mavikadin\/kararmayan-tam-kivaminda-visne-receli-tarifi-bu-puf-noktalarina-dikkat\/","title":{"rendered":"Kararmayan tam k\u0131vam\u0131nda vi\u015fne re\u00e7eli tarifi! Bu p\u00fcf noktalar\u0131na dikkat!"},"content":{"rendered":"<p>Vi\u015fne re\u00e7eli hafif ek\u015fimsi tad\u0131, mayho\u015f lezzeti ile \u00e7o\u011fu ki\u015finin favorisi. Vi\u015fne re\u00e7elinin kararmas\u0131 ve k\u0131vam\u0131nda olmas\u0131 i\u00e7in baz\u0131 p\u00fcf noktalar\u0131na dikkat etmek gerekiyor. Kararmayan tam k\u0131vam\u0131nda vi\u015fne re\u00e7eli nas\u0131l yap\u0131l\u0131r? P\u00fcf noktalar\u0131 ile tad\u0131 damakta kalacak vi\u015fne re\u00e7eli tarifi:<\/p>\n<h3>KARARMAYAN TAM KIVAMINDA V\u0130\u015eNE RE\u00c7EL\u0130 TAR\u0130F\u0130<\/h3>\n<p><strong>Malzemeler<\/strong><\/p>\n<p>1 kg. vi\u015fne (saplar\u0131 ay\u0131klanm\u0131\u015f \u015fekilde 1 kg olmal\u0131)<\/p>\n<p>5 su barda\u011f\u0131 toz \u015feker<\/p>\n<p>Yar\u0131m \u00e7ay ka\u015f\u0131\u011f\u0131 limon tuzu<\/p>\n<p><img loading=\"lazy\" decoding=\"async\" class=\"size-full wp-image-208192 aligncenter\" src=\"https:\/\/www.tgrthaber.com\/mavikadin\/wp-content\/uploads\/kararmayan-tam-kivaminda-visne-receli-tarifi-bu-puf-noktalarina-dikkat-5.jpg\" alt=\"\" width=\"1208\" height=\"680\" title=\"\" srcset=\"https:\/\/www.tgrthaber.com\/mavikadin\/wp-content\/uploads\/kararmayan-tam-kivaminda-visne-receli-tarifi-bu-puf-noktalarina-dikkat-5.jpg 1208w, https:\/\/www.tgrthaber.com\/mavikadin\/wp-content\/uploads\/kararmayan-tam-kivaminda-visne-receli-tarifi-bu-puf-noktalarina-dikkat-5-300x169.jpg 300w, https:\/\/www.tgrthaber.com\/mavikadin\/wp-content\/uploads\/kararmayan-tam-kivaminda-visne-receli-tarifi-bu-puf-noktalarina-dikkat-5-1024x576.jpg 1024w, https:\/\/www.tgrthaber.com\/mavikadin\/wp-content\/uploads\/kararmayan-tam-kivaminda-visne-receli-tarifi-bu-puf-noktalarina-dikkat-5-768x432.jpg 768w\" sizes=\"(max-width: 1208px) 100vw, 1208px\" \/><\/p>\n<hr \/>\n<p><strong>Vi\u015fne Re\u00e7eli Nas\u0131l Yap\u0131l\u0131r?<\/strong><\/p>\n<p>Vi\u015fnelerin ye\u015fil saplar\u0131n\u0131 \u00e7\u0131kar\u0131p bol suda y\u0131kay\u0131n. Vi\u015fnelerin tek tek \u00e7ekirdeklerini \u00e7\u0131kar\u0131p ay\u0131klay\u0131n yahut \u00e7ekirdeklerini \u00e7\u0131karmadan b\u00fcy\u00fck bir tencereye al\u0131n.<\/p>\n<p>\u00dczerine toz \u015fekeri d\u00f6k\u00fcp 3-4 saat boyunca bekletin. Tencereye biraz vi\u015fne biraz \u015feker \u015feklinde s\u0131ra ile yerle\u015ftirirseniz 1.5 saat boyunca da beklemeniz yeterli oluyor. \u00c7\u00fcnk\u00fc b\u00f6yle s\u0131ras\u0131yla \u015feker ve vi\u015fneyi kar\u0131\u015ft\u0131r\u0131nca \u015fekerler daha \u00e7abuk eriyor.<\/p>\n<p><img loading=\"lazy\" decoding=\"async\" class=\"alignnone size-full wp-image-208194\" src=\"https:\/\/www.tgrthaber.com\/mavikadin\/wp-content\/uploads\/kararmayan-tam-kivaminda-visne-receli-tarifi-bu-puf-noktalarina-dikkat-3.jpg\" alt=\"\" width=\"1208\" height=\"680\" title=\"\" srcset=\"https:\/\/www.tgrthaber.com\/mavikadin\/wp-content\/uploads\/kararmayan-tam-kivaminda-visne-receli-tarifi-bu-puf-noktalarina-dikkat-3.jpg 1208w, https:\/\/www.tgrthaber.com\/mavikadin\/wp-content\/uploads\/kararmayan-tam-kivaminda-visne-receli-tarifi-bu-puf-noktalarina-dikkat-3-300x169.jpg 300w, https:\/\/www.tgrthaber.com\/mavikadin\/wp-content\/uploads\/kararmayan-tam-kivaminda-visne-receli-tarifi-bu-puf-noktalarina-dikkat-3-1024x576.jpg 1024w, https:\/\/www.tgrthaber.com\/mavikadin\/wp-content\/uploads\/kararmayan-tam-kivaminda-visne-receli-tarifi-bu-puf-noktalarina-dikkat-3-768x432.jpg 768w\" sizes=\"(max-width: 1208px) 100vw, 1208px\" \/><\/p>\n<hr \/>\n<p>S\u00fcre tamamlan\u0131nca tencereyi oca\u011fa al\u0131p oca\u011f\u0131n alt\u0131n\u0131 a\u00e7\u0131n. K\u0131s\u0131k ate\u015fte toz \u015feker tamamen eriyene kadar kaynat\u0131n. Ara ara oca\u011f\u0131n alt\u0131n\u0131 daha fazla a\u00e7\u0131n. Ta\u015fmaya meyilli oldu\u011fu i\u00e7in ba\u015f\u0131ndan ayr\u0131lmay\u0131n.<\/p>\n<p>Re\u00e7eli kaynat\u0131rken y\u00fczeyin k\u00f6p\u00fckler birikecektir, bu k\u00f6p\u00fckleri kevgir yard\u0131m\u0131yla al\u0131n. Re\u00e7eli ara ara kar\u0131\u015ft\u0131r\u0131n. S\u00fcrekli kar\u0131\u015ft\u0131rmaya gerek yok.<\/p>\n<p><img loading=\"lazy\" decoding=\"async\" class=\"size-full wp-image-208195 aligncenter\" src=\"https:\/\/www.tgrthaber.com\/mavikadin\/wp-content\/uploads\/kararmayan-tam-kivaminda-visne-receli-tarifi-bu-puf-noktalarina-dikkat-4.jpg\" alt=\"\" width=\"1208\" height=\"680\" title=\"\" srcset=\"https:\/\/www.tgrthaber.com\/mavikadin\/wp-content\/uploads\/kararmayan-tam-kivaminda-visne-receli-tarifi-bu-puf-noktalarina-dikkat-4.jpg 1208w, https:\/\/www.tgrthaber.com\/mavikadin\/wp-content\/uploads\/kararmayan-tam-kivaminda-visne-receli-tarifi-bu-puf-noktalarina-dikkat-4-300x169.jpg 300w, https:\/\/www.tgrthaber.com\/mavikadin\/wp-content\/uploads\/kararmayan-tam-kivaminda-visne-receli-tarifi-bu-puf-noktalarina-dikkat-4-1024x576.jpg 1024w, https:\/\/www.tgrthaber.com\/mavikadin\/wp-content\/uploads\/kararmayan-tam-kivaminda-visne-receli-tarifi-bu-puf-noktalarina-dikkat-4-768x432.jpg 768w\" sizes=\"(max-width: 1208px) 100vw, 1208px\" \/><\/p>\n<hr \/>\n<p>Re\u00e7elin alt\u0131n\u0131 kapatmaya yak\u0131n yar\u0131m \u00e7ay ka\u015f\u0131\u011f\u0131 limon tuzu at\u0131p bir ta\u015f\u0131m daha kaynat\u0131n ve oca\u011f\u0131n alt\u0131n\u0131 kapat\u0131n. 20 dakikada k\u0131vam alacakt\u0131r.<\/p>\n<p>Kararmayan tam k\u0131vam\u0131nda vi\u015fne re\u00e7eliniz haz\u0131r afiyet olsun.<\/p>\n<p>Re\u00e7elin uzun s\u00fcre bozulmamas\u0131 i\u00e7in hemen s\u0131cak s\u0131cak kavanoz al\u0131p kavanozun a\u011fz\u0131n\u0131 yeni konserve kapa\u011f\u0131 ile s\u0131k\u0131ca kapat\u0131n. Re\u00e7el so\u011fuyunca kavanozun kapa\u011f\u0131 hafif i\u00e7e \u00e7\u00f6kmeli. Bu y\u00f6ntemle oda s\u0131cakl\u0131\u011f\u0131nda bir y\u0131l boyunca bozulmadan saklanabilir.<\/p>\n<p><img loading=\"lazy\" decoding=\"async\" class=\"size-full wp-image-208196 aligncenter\" src=\"https:\/\/www.tgrthaber.com\/mavikadin\/wp-content\/uploads\/kararmayan-tam-kivaminda-visne-receli-tarifi-bu-puf-noktalarina-dikkat-2.jpg\" alt=\"\" width=\"1208\" height=\"680\" title=\"\" srcset=\"https:\/\/www.tgrthaber.com\/mavikadin\/wp-content\/uploads\/kararmayan-tam-kivaminda-visne-receli-tarifi-bu-puf-noktalarina-dikkat-2.jpg 1208w, https:\/\/www.tgrthaber.com\/mavikadin\/wp-content\/uploads\/kararmayan-tam-kivaminda-visne-receli-tarifi-bu-puf-noktalarina-dikkat-2-300x169.jpg 300w, https:\/\/www.tgrthaber.com\/mavikadin\/wp-content\/uploads\/kararmayan-tam-kivaminda-visne-receli-tarifi-bu-puf-noktalarina-dikkat-2-1024x576.jpg 1024w, https:\/\/www.tgrthaber.com\/mavikadin\/wp-content\/uploads\/kararmayan-tam-kivaminda-visne-receli-tarifi-bu-puf-noktalarina-dikkat-2-768x432.jpg 768w\" sizes=\"(max-width: 1208px) 100vw, 1208px\" \/><\/p>\n<hr \/>\n<h3>V\u0130\u015eNE RE\u00c7EL\u0130 YAPARKEN BU P\u00dcF NOKTALARINA D\u0130KKAT!<\/h3>\n<p>Vi\u015fne re\u00e7eli yaparken re\u00e7elin kararmamas\u0131, tam k\u0131vam\u0131nda olmas\u0131 i\u00e7in dikkat edilmesi gereken p\u00fcf noktalar\u0131:<\/p>\n<p>Vi\u015fneleri iri, taze ve ezilmemi\u015f olanlardan tercih etmeli. B\u00f6ylece hem k\u0131vam\u0131 yerinde olur sulan\u0131r, rengi de parlak ve g\u00fczel olur.<\/p>\n<p><img loading=\"lazy\" decoding=\"async\" class=\"size-full wp-image-208197 aligncenter\" src=\"https:\/\/www.tgrthaber.com\/mavikadin\/wp-content\/uploads\/kararmayan-tam-kivaminda-visne-receli-tarifi-bu-puf-noktalarina-dikkat-6.jpg\" alt=\"\" width=\"1208\" height=\"680\" title=\"\" srcset=\"https:\/\/www.tgrthaber.com\/mavikadin\/wp-content\/uploads\/kararmayan-tam-kivaminda-visne-receli-tarifi-bu-puf-noktalarina-dikkat-6.jpg 1208w, https:\/\/www.tgrthaber.com\/mavikadin\/wp-content\/uploads\/kararmayan-tam-kivaminda-visne-receli-tarifi-bu-puf-noktalarina-dikkat-6-300x169.jpg 300w, https:\/\/www.tgrthaber.com\/mavikadin\/wp-content\/uploads\/kararmayan-tam-kivaminda-visne-receli-tarifi-bu-puf-noktalarina-dikkat-6-1024x576.jpg 1024w, https:\/\/www.tgrthaber.com\/mavikadin\/wp-content\/uploads\/kararmayan-tam-kivaminda-visne-receli-tarifi-bu-puf-noktalarina-dikkat-6-768x432.jpg 768w\" sizes=\"(max-width: 1208px) 100vw, 1208px\" \/><\/p>\n<hr \/>\n<p>Vi\u015fne re\u00e7elinin tam k\u0131vamda olmas\u0131 i\u00e7in 20 dakika pi\u015firmek yeterli, \u00e7ok pi\u015firmek renginin kararmas\u0131na neden olabiliyor.<\/p>\n<p>Re\u00e7eli kavanozlara ald\u0131ktan sonra g\u00fcne\u015fte bekletin, bu sayede re\u00e7el uzun s\u00fcre bozulmadan taze kalacakt\u0131r.<\/p>\n","protected":false},"excerpt":{"rendered":"<p>Vi\u015fnenin bol oldu\u011fu \u015fu g\u00fcnlerde pek \u00e7ok evde vi\u015fne re\u00e7elleri yap\u0131l\u0131yor. Vi\u015fne re\u00e7eli p\u00fcf noktalar\u0131na dikkat edilerek haz\u0131rland\u0131\u011f\u0131nda hem kararm\u0131yor hem de uzun s\u00fcre bozulmadan taze kal\u0131yor. \u0130\u015fte kararmayan tam k\u0131vam\u0131nda vi\u015fne re\u00e7eli tarifi! Bu p\u00fcf noktalar\u0131na dikkat!<\/p>\n","protected":false},"author":30,"featured_media":208183,"comment_status":"closed","ping_status":"closed","sticky":false,"template":"","format":"standard","meta":{"rank_math_lock_modified_date":false,"footnotes":""},"categories":[191],"tags":[28972,3038,25303,3411],"class_list":["post-208180","post","type-post","status-publish","format-standard","has-post-thumbnail","hentry","category-yemek-tarifleri","tag-kararmayan-visne-receli","tag-recel-tarifi","tag-visne-receli","tag-yemek-tarifleri"],"_links":{"self":[{"href":"https:\/\/www.tgrthaber.com\/mavikadin\/wp-json\/wp\/v2\/posts\/208180"}],"collection":[{"href":"https:\/\/www.tgrthaber.com\/mavikadin\/wp-json\/wp\/v2\/posts"}],"about":[{"href":"https:\/\/www.tgrthaber.com\/mavikadin\/wp-json\/wp\/v2\/types\/post"}],"author":[{"embeddable":true,"href":"https:\/\/www.tgrthaber.com\/mavikadin\/wp-json\/wp\/v2\/users\/30"}],"replies":[{"embeddable":true,"href":"https:\/\/www.tgrthaber.com\/mavikadin\/wp-json\/wp\/v2\/comments?post=208180"}],"version-history":[{"count":1,"href":"https:\/\/www.tgrthaber.com\/mavikadin\/wp-json\/wp\/v2\/posts\/208180\/revisions"}],"predecessor-version":[{"id":208199,"href":"https:\/\/www.tgrthaber.com\/mavikadin\/wp-json\/wp\/v2\/posts\/208180\/revisions\/208199"}],"wp:featuredmedia":[{"embeddable":true,"href":"https:\/\/www.tgrthaber.com\/mavikadin\/wp-json\/wp\/v2\/media\/208183"}],"wp:attachment":[{"href":"https:\/\/www.tgrthaber.com\/mavikadin\/wp-json\/wp\/v2\/media?parent=208180"}],"wp:term":[{"taxonomy":"category","embeddable":true,"href":"https:\/\/www.tgrthaber.com\/mavikadin\/wp-json\/wp\/v2\/categories?post=208180"},{"taxonomy":"post_tag","embeddable":true,"href":"https:\/\/www.tgrthaber.com\/mavikadin\/wp-json\/wp\/v2\/tags?post=208180"}],"curies":[{"name":"wp","href":"https:\/\/api.w.org\/{rel}","templated":true}]}}