{"id":208209,"date":"2025-07-21T14:38:02","date_gmt":"2025-07-21T11:38:02","guid":{"rendered":"https:\/\/www.tgrthaber.com\/mavikadin\/?p=208209"},"modified":"2025-07-21T14:38:02","modified_gmt":"2025-07-21T11:38:02","slug":"can-yamanin-sevgilisine-ne-oldu-can-yamanin-sevgilisini-kim-dovdu","status":"publish","type":"post","link":"https:\/\/www.tgrthaber.com\/mavikadin\/can-yamanin-sevgilisine-ne-oldu-can-yamanin-sevgilisini-kim-dovdu\/","title":{"rendered":"Can Yaman&#8217;\u0131n sevgilisine ne oldu? Can Yaman&#8217;\u0131n sevgilisini kim d\u00f6vd\u00fc?"},"content":{"rendered":"<p>Erkenci Ku\u015f, Bay Yanl\u0131\u015f, \u0130nad\u0131na A\u015fk, Dolunay gibi dizilerden tan\u0131d\u0131\u011f\u0131m\u0131z Can Yaman, oyunculuk kariyerine bir s\u00fcredir \u0130talya\u2019da devam ediyor. \u00d6zel hayat\u0131yla da zaman zaman g\u00fcndem olan Yaman, son g\u00fcnlerde sevgilisi DJ Sara\u202fBluma\u2019n\u0131n ya\u015fad\u0131\u011f\u0131 \u015fiddetle haber oldu. Sara Bluma, instagram hesab\u0131ndan y\u00fcz\u00fcn\u00fcn kan i\u00e7inde oldu\u011fu bir foto\u011fraf\u0131n\u0131 payla\u015ft\u0131. Can Yaman&#8217;\u0131n sevgilisine ne oldu? Can Yaman&#8217;\u0131n sevgilisini kim d\u00f6vd\u00fc?<\/p>\n<h3>CAN YAMAN\u2019IN SEVG\u0130L\u0130S\u0130NE NE OLDU?<\/h3>\n<p>Can Yaman\u2019\u0131n sevgilisi Sara Bluma sosyal medya hesab\u0131ndan y\u00fcz\u00fcn\u00fcn darbe ald\u0131\u011f\u0131, kan i\u00e7inde kald\u0131\u011f\u0131 foto\u011fraflar\u0131n\u0131 payla\u015ft\u0131. Yaman\u2019\u0131n sevgilisine ne oldu\u011fu vatanda\u015flar taraf\u0131ndan merak edildi. Peki Can Yaman&#8217;\u0131n sevgilisine ne oldu?<\/p>\n<p><img loading=\"lazy\" decoding=\"async\" class=\"size-full wp-image-208211 aligncenter\" src=\"https:\/\/www.tgrthaber.com\/mavikadin\/wp-content\/uploads\/can-yaman-in-sevgilisine-ne-oldu-can-yaman-in-sevgilisini-kim-dovdu-2.jpg\" alt=\"\" width=\"1208\" height=\"680\" title=\"\" srcset=\"https:\/\/www.tgrthaber.com\/mavikadin\/wp-content\/uploads\/can-yaman-in-sevgilisine-ne-oldu-can-yaman-in-sevgilisini-kim-dovdu-2.jpg 1208w, https:\/\/www.tgrthaber.com\/mavikadin\/wp-content\/uploads\/can-yaman-in-sevgilisine-ne-oldu-can-yaman-in-sevgilisini-kim-dovdu-2-300x169.jpg 300w, https:\/\/www.tgrthaber.com\/mavikadin\/wp-content\/uploads\/can-yaman-in-sevgilisine-ne-oldu-can-yaman-in-sevgilisini-kim-dovdu-2-1024x576.jpg 1024w, https:\/\/www.tgrthaber.com\/mavikadin\/wp-content\/uploads\/can-yaman-in-sevgilisine-ne-oldu-can-yaman-in-sevgilisini-kim-dovdu-2-768x432.jpg 768w\" sizes=\"(max-width: 1208px) 100vw, 1208px\" \/><\/p>\n<hr \/>\n<p>Sara Bluma, y\u00fcz\u00fcn\u00fcn kanlar i\u00e7inde kald\u0131\u011f\u0131 foto\u011fraflar\u0131n\u0131 payla\u015farak, Can Yaman\u2019dan \u00f6nceki eski partneri taraf\u0131ndan fiziksel ve psikolojik \u015fiddete maruz kald\u0131\u011f\u0131n\u0131 a\u00e7\u0131klad\u0131.<\/p>\n<p><img loading=\"lazy\" decoding=\"async\" class=\"size-full wp-image-208212 aligncenter\" src=\"https:\/\/www.tgrthaber.com\/mavikadin\/wp-content\/uploads\/can-yaman-in-sevgilisine-ne-oldu-can-yaman-in-sevgilisini-kim-dovdu-5.jpg\" alt=\"\" width=\"1208\" height=\"680\" title=\"\" srcset=\"https:\/\/www.tgrthaber.com\/mavikadin\/wp-content\/uploads\/can-yaman-in-sevgilisine-ne-oldu-can-yaman-in-sevgilisini-kim-dovdu-5.jpg 1208w, https:\/\/www.tgrthaber.com\/mavikadin\/wp-content\/uploads\/can-yaman-in-sevgilisine-ne-oldu-can-yaman-in-sevgilisini-kim-dovdu-5-300x169.jpg 300w, https:\/\/www.tgrthaber.com\/mavikadin\/wp-content\/uploads\/can-yaman-in-sevgilisine-ne-oldu-can-yaman-in-sevgilisini-kim-dovdu-5-1024x576.jpg 1024w, https:\/\/www.tgrthaber.com\/mavikadin\/wp-content\/uploads\/can-yaman-in-sevgilisine-ne-oldu-can-yaman-in-sevgilisini-kim-dovdu-5-768x432.jpg 768w\" sizes=\"(max-width: 1208px) 100vw, 1208px\" \/><\/p>\n<hr \/>\n<h3>CAN YAMAN&#8217;IN SEVG\u0130L\u0130S\u0130N\u0130 K\u0130M D\u00d6VD\u00dc?<\/h3>\n<p>Can Yaman\u2019\u0131n sevgilisi Sara Bluma, Yaman\u2019dan \u00f6nce \u0130talyan giri\u015fimci Stefano Papa birlikteydi. Bluma\u2019n\u0131n bu birliktelikten Tristan ad\u0131nda bir o\u011flu bulunuyor. Can Yaman\u2019\u0131n sevgilisi sosyal medya hesab\u0131ndan eski partneri taraf\u0131ndan \u015fiddet g\u00f6rd\u00fc\u011f\u00fcn\u00fc a\u00e7\u0131klad\u0131. Can Yaman\u2019\u0131n sevgilisini d\u00f6ven eski partneridir.<\/p>\n<p><img loading=\"lazy\" decoding=\"async\" class=\"size-full wp-image-208213 aligncenter\" src=\"https:\/\/www.tgrthaber.com\/mavikadin\/wp-content\/uploads\/can-yaman-in-sevgilisine-ne-oldu-can-yaman-in-sevgilisini-kim-dovdu-4.jpg\" alt=\"\" width=\"1208\" height=\"680\" title=\"\" srcset=\"https:\/\/www.tgrthaber.com\/mavikadin\/wp-content\/uploads\/can-yaman-in-sevgilisine-ne-oldu-can-yaman-in-sevgilisini-kim-dovdu-4.jpg 1208w, https:\/\/www.tgrthaber.com\/mavikadin\/wp-content\/uploads\/can-yaman-in-sevgilisine-ne-oldu-can-yaman-in-sevgilisini-kim-dovdu-4-300x169.jpg 300w, https:\/\/www.tgrthaber.com\/mavikadin\/wp-content\/uploads\/can-yaman-in-sevgilisine-ne-oldu-can-yaman-in-sevgilisini-kim-dovdu-4-1024x576.jpg 1024w, https:\/\/www.tgrthaber.com\/mavikadin\/wp-content\/uploads\/can-yaman-in-sevgilisine-ne-oldu-can-yaman-in-sevgilisini-kim-dovdu-4-768x432.jpg 768w\" sizes=\"(max-width: 1208px) 100vw, 1208px\" \/><\/p>\n<hr \/>\n<h3>\u201cF\u0130Z\u0130KSEL VE PS\u0130KOLOJ\u0130K \u015e\u0130DDETE MARUZ KALDIM\u201d<\/h3>\n<p>Sara Bluma, sosyal medya hesab\u0131ndan \u015fu a\u00e7\u0131klamada bulundu:<\/p>\n<p>&#8216;\u00c7ok uzun zamand\u0131r sessiz kald\u0131m, \u015fimdi hikayeyi kendi a\u00e7\u0131mdan anlatma ve durumumu netle\u015ftirmek i\u00e7in bir dakikan\u0131z\u0131 ay\u0131rma s\u0131ras\u0131 bende. Yasal olarak hi\u00e7 evlenmedim. G\u00fczel \u00e7ocu\u011fumun do\u011fdu\u011fu bir ili\u015fkim vard\u0131, ancak \u015fu anki partnerimle tan\u0131\u015fmadan \u00f6nce ili\u015fkimiz \u00e7oktan bitmi\u015fti.<\/p>\n<p><img loading=\"lazy\" decoding=\"async\" class=\"size-full wp-image-208215 aligncenter\" src=\"https:\/\/www.tgrthaber.com\/mavikadin\/wp-content\/uploads\/can-yaman-in-sevgilisine-ne-oldu-can-yaman-in-sevgilisini-kim-dovdu-7.jpg\" alt=\"\" width=\"1208\" height=\"680\" title=\"\" srcset=\"https:\/\/www.tgrthaber.com\/mavikadin\/wp-content\/uploads\/can-yaman-in-sevgilisine-ne-oldu-can-yaman-in-sevgilisini-kim-dovdu-7.jpg 1208w, https:\/\/www.tgrthaber.com\/mavikadin\/wp-content\/uploads\/can-yaman-in-sevgilisine-ne-oldu-can-yaman-in-sevgilisini-kim-dovdu-7-300x169.jpg 300w, https:\/\/www.tgrthaber.com\/mavikadin\/wp-content\/uploads\/can-yaman-in-sevgilisine-ne-oldu-can-yaman-in-sevgilisini-kim-dovdu-7-1024x576.jpg 1024w, https:\/\/www.tgrthaber.com\/mavikadin\/wp-content\/uploads\/can-yaman-in-sevgilisine-ne-oldu-can-yaman-in-sevgilisini-kim-dovdu-7-768x432.jpg 768w\" sizes=\"(max-width: 1208px) 100vw, 1208px\" \/><\/p>\n<hr \/>\n<p>Bu d\u00fcnyada her \u015feyden \u00e7ok sevdi\u011fim k\u00fc\u00e7\u00fck \u00e7ocu\u011fumun iyili\u011fi i\u00e7in babas\u0131yla her zaman iyi bir ili\u015fki s\u00fcrd\u00fcrmeye \u00e7al\u0131\u015ft\u0131m. Ne yaz\u0131k ki \u00f6nceki ili\u015fkim s\u0131ras\u0131nda fiziksel ve psikolojik \u015fiddete maruz kald\u0131m ve bu durumda kalarak daha k\u00f6t\u00fcs\u00fcyle kar\u015f\u0131la\u015fma riskini ald\u0131m.<\/p>\n<p>\u015eimdi yeni bir hayata ba\u015flad\u0131m, o\u011flumu seviyorum ve onun i\u00e7in sadece en iyisini diliyorum. \u015eu anda, baba o\u011flumu g\u00f6rme giri\u015fimlerimi engelliyor, ancak durumla ba\u015fa \u00e7\u0131kmaya karar verdim ve her \u015feyi avukatlar\u0131ma emanet ettim.<\/p>\n<p><img loading=\"lazy\" decoding=\"async\" class=\"alignnone size-full wp-image-208216\" src=\"https:\/\/www.tgrthaber.com\/mavikadin\/wp-content\/uploads\/can-yaman-in-sevgilisine-ne-oldu-can-yaman-in-sevgilisini-kim-dovdu-6.jpg\" alt=\"\" width=\"1208\" height=\"680\" title=\"\" srcset=\"https:\/\/www.tgrthaber.com\/mavikadin\/wp-content\/uploads\/can-yaman-in-sevgilisine-ne-oldu-can-yaman-in-sevgilisini-kim-dovdu-6.jpg 1208w, https:\/\/www.tgrthaber.com\/mavikadin\/wp-content\/uploads\/can-yaman-in-sevgilisine-ne-oldu-can-yaman-in-sevgilisini-kim-dovdu-6-300x169.jpg 300w, https:\/\/www.tgrthaber.com\/mavikadin\/wp-content\/uploads\/can-yaman-in-sevgilisine-ne-oldu-can-yaman-in-sevgilisini-kim-dovdu-6-1024x576.jpg 1024w, https:\/\/www.tgrthaber.com\/mavikadin\/wp-content\/uploads\/can-yaman-in-sevgilisine-ne-oldu-can-yaman-in-sevgilisini-kim-dovdu-6-768x432.jpg 768w\" sizes=\"(max-width: 1208px) 100vw, 1208px\" \/><\/p>\n<hr \/>\n<p>Sevginin sevgiyi do\u011furdu\u011funu vurgulamak istiyorum. Art\u0131k kad\u0131na y\u00f6nelik \u015fiddete ve her t\u00fcrl\u00fc istismara hay\u0131r demenin zaman\u0131 geldi. Biz g\u00fc\u00e7l\u00fcy\u00fcz ve birbirimize destek olmal\u0131y\u0131z \u00e7\u00fcnk\u00fc bu d\u00fcnya genellikle erkekler taraf\u0131ndan ve erkekler i\u00e7in in\u015fa edilmi\u015ftir.<\/p>\n<p>Bu zor zamanda beni destekleyen herkese te\u015fekk\u00fcr etmek istiyorum. Yak\u0131nl\u0131\u011f\u0131n\u0131z benim i\u00e7in \u00e7ok \u015fey ifade ediyor.<\/p>\n<p>Sevgilerimle,<\/p>\n<p>Sara Bluma&#8217;<\/p>\n","protected":false},"excerpt":{"rendered":"<p>\u0130talya&#8217;da oyunculuk kariyerine devam eden Can Yaman son g\u00fcnlerde \u00f6zel hayat\u0131 ile g\u00fcndemde. Bir s\u00fcredir DJ Sara\u202fBluma ile birlikte olan, ge\u00e7ti\u011fimiz g\u00fcnlerde kat\u0131ld\u0131klar\u0131 festivalda bas\u0131na birlikte poz veren Yaman-Bluma \u00e7ifti, birlikteli\u011fini resmen duyurmu\u015f oldu. Yaman&#8217;\u0131n sevgilisinin Stefano Papa isimli bir ki\u015fiyle evli oldu\u011fu ve bir \u00e7ocu\u011funun bulundu\u011fu s\u00f6yleniyordu. Sara Bluma sosyal medya hesab\u0131ndan y\u00fcz\u00fcn\u00fcn darp edildi\u011fi, kan i\u00e7inde kald\u0131\u011f\u0131 foto\u011fraflar\u0131n\u0131 payla\u015ft\u0131 ve evlilik iddialar\u0131na a\u00e7\u0131kl\u0131k getirdi. Can Yaman&#8217;\u0131n sevgilisine ne oldu? Can Yaman&#8217;\u0131n sevgilisini kim d\u00f6vd\u00fc?<\/p>\n","protected":false},"author":30,"featured_media":208214,"comment_status":"closed","ping_status":"closed","sticky":false,"template":"","format":"standard","meta":{"rank_math_lock_modified_date":false,"footnotes":""},"categories":[76],"tags":[2980,28974,2218,27804],"class_list":["post-208209","post","type-post","status-publish","format-standard","has-post-thumbnail","hentry","category-magazin","tag-can-yaman","tag-can-yamanin-sevgilisini-kim-dovdu","tag-magazin-haberleri","tag-sara-bluma"],"_links":{"self":[{"href":"https:\/\/www.tgrthaber.com\/mavikadin\/wp-json\/wp\/v2\/posts\/208209"}],"collection":[{"href":"https:\/\/www.tgrthaber.com\/mavikadin\/wp-json\/wp\/v2\/posts"}],"about":[{"href":"https:\/\/www.tgrthaber.com\/mavikadin\/wp-json\/wp\/v2\/types\/post"}],"author":[{"embeddable":true,"href":"https:\/\/www.tgrthaber.com\/mavikadin\/wp-json\/wp\/v2\/users\/30"}],"replies":[{"embeddable":true,"href":"https:\/\/www.tgrthaber.com\/mavikadin\/wp-json\/wp\/v2\/comments?post=208209"}],"version-history":[{"count":3,"href":"https:\/\/www.tgrthaber.com\/mavikadin\/wp-json\/wp\/v2\/posts\/208209\/revisions"}],"predecessor-version":[{"id":208219,"href":"https:\/\/www.tgrthaber.com\/mavikadin\/wp-json\/wp\/v2\/posts\/208209\/revisions\/208219"}],"wp:featuredmedia":[{"embeddable":true,"href":"https:\/\/www.tgrthaber.com\/mavikadin\/wp-json\/wp\/v2\/media\/208214"}],"wp:attachment":[{"href":"https:\/\/www.tgrthaber.com\/mavikadin\/wp-json\/wp\/v2\/media?parent=208209"}],"wp:term":[{"taxonomy":"category","embeddable":true,"href":"https:\/\/www.tgrthaber.com\/mavikadin\/wp-json\/wp\/v2\/categories?post=208209"},{"taxonomy":"post_tag","embeddable":true,"href":"https:\/\/www.tgrthaber.com\/mavikadin\/wp-json\/wp\/v2\/tags?post=208209"}],"curies":[{"name":"wp","href":"https:\/\/api.w.org\/{rel}","templated":true}]}}