{"id":208220,"date":"2025-07-21T14:49:52","date_gmt":"2025-07-21T11:49:52","guid":{"rendered":"https:\/\/www.tgrthaber.com\/mavikadin\/?p=208220"},"modified":"2025-07-21T14:49:52","modified_gmt":"2025-07-21T11:49:52","slug":"zalim-istanbul-dizisi-hangi-kanalda-yayinlaniyordu-zalim-istanbul-oyunculari-ve-konusu","status":"publish","type":"post","link":"https:\/\/www.tgrthaber.com\/mavikadin\/zalim-istanbul-dizisi-hangi-kanalda-yayinlaniyordu-zalim-istanbul-oyunculari-ve-konusu\/","title":{"rendered":"Zalim \u0130stanbul dizisi hangi kanalda yay\u0131nlan\u0131yordu? Zalim \u0130stanbul oyuncular\u0131 ve konusu"},"content":{"rendered":"<p>Bir d\u00f6neme damga vuran Zalim \u0130stanbul dizisinin oyuncular\u0131 aras\u0131nda gerilim b\u00fcy\u00fcyor. Dizinin \u00f6nemli isimleri aras\u0131nda yer alan Bahar \u015eahin ve Mine Tugay aras\u0131ndaki tart\u0131\u015fma git gide etkisini art\u0131rmaya ba\u015fl\u0131yor. Bu olayla birlikte Zalim \u0130stanbul dizisinin hangi kanalda yay\u0131nland\u0131\u011f\u0131 merak ediliyor. Peki, Zalim \u0130stanbul dizisi hangi kanalda yay\u0131nlan\u0131yordu? Zalim \u0130stanbul oyuncular\u0131 ve konusu ne? Zalim \u0130stanbul hangi tarihler aras\u0131nda yay\u0131nlan\u0131yordu? Zalim \u0130stanbul dizisi hakk\u0131nda merak edilenleri sizin i\u00e7in ara\u015ft\u0131rd\u0131k. \u0130\u015fte Zalim \u0130stanbul dizisi hakk\u0131nda bilinmeyenler\u2026<\/p>\n<h3>ZAL\u0130M \u0130STANBUL D\u0130Z\u0130S\u0130 HANG\u0130 KANALDA YAYINLANIYORDU?<\/h3>\n<p>Yay\u0131nland\u0131\u011f\u0131 d\u00f6neme damga vuran ve izlenme rekorlar\u0131 k\u0131ran Zalim \u0130stanbul dizisi, Kanal D ekranlar\u0131nda yay\u0131nlan\u0131yordu. Kanal D ekranlar\u0131n\u0131n b\u00fcy\u00fck bir ilgiyle takip edilen dizileri aras\u0131nda yer alan Zalim \u0130stanbul\u2019un yap\u0131m\u0131n\u0131 Av\u015far Film \u00fcstleniyordu.<\/p>\n<p><img loading=\"lazy\" decoding=\"async\" class=\"alignnone wp-image-208223\" src=\"https:\/\/www.tgrthaber.com\/mavikadin\/wp-content\/uploads\/Adsiz-tasarim-37-28-1024x576.jpg\" alt=\"Zalim \u0130stanbul dizisi hangi kanalda yay\u0131nlan\u0131yordu? Zalim \u0130stanbul oyuncular\u0131 ve konusu\" width=\"1208\" height=\"680\" title=\"\" srcset=\"https:\/\/www.tgrthaber.com\/mavikadin\/wp-content\/uploads\/Adsiz-tasarim-37-28-1024x576.jpg 1024w, https:\/\/www.tgrthaber.com\/mavikadin\/wp-content\/uploads\/Adsiz-tasarim-37-28-300x169.jpg 300w, https:\/\/www.tgrthaber.com\/mavikadin\/wp-content\/uploads\/Adsiz-tasarim-37-28-768x432.jpg 768w, https:\/\/www.tgrthaber.com\/mavikadin\/wp-content\/uploads\/Adsiz-tasarim-37-28.jpg 1208w\" sizes=\"(max-width: 1208px) 100vw, 1208px\" \/><\/p>\n<hr \/>\n<p>Yap\u0131mc\u0131l\u0131\u011f\u0131n\u0131 \u015e\u00fckr\u00fc Av\u015far\u2019\u0131n \u00fcstlendi\u011fi, y\u00f6netmen koltu\u011funda \u015eenol S\u00f6nmez\u2019in oturdu\u011fu ve S\u0131rma Yan\u0131k\u2019\u0131n kaleme ald\u0131\u011f\u0131 dizi, bir d\u00f6neme damga vuran diziler aras\u0131nda bulunuyordu. \u00d6zellikle Bahar \u015eahin\u2019in bu diziyle pop\u00fclerli\u011fini art\u0131rd\u0131\u011f\u0131 ve \u00e7e\u015fitli \u00f6d\u00fcllere aday g\u00f6sterildi\u011fi de olmu\u015ftu.<\/p>\n<h3>ZAL\u0130M \u0130STANBUL D\u0130Z\u0130S\u0130 HANG\u0130 TAR\u0130HLER ARASINDA YAYINLANDI?<\/h3>\n<p>Kanal D ekranlar\u0131nda izleyici kar\u015f\u0131s\u0131na \u00e7\u0131kan Zalim \u0130stanbul dizisinin ilk b\u00f6l\u00fcm\u00fc 1 Nisan 2019 tarihinde yay\u0131nlanm\u0131\u015ft\u0131. \u0130lk 25 b\u00f6l\u00fcm\u00fc Cevdet Mercan, sonraki b\u00f6l\u00fcmleri ise G\u00f6k\u00e7en Usta ve \u015eenol S\u00f6nmez taraf\u0131ndan \u00e7ekilen dram t\u00fcr\u00fcndeki dizi, toplamda 2 sezondan olu\u015fuyordu.<\/p>\n<p><img loading=\"lazy\" decoding=\"async\" class=\"alignnone wp-image-208224\" src=\"https:\/\/www.tgrthaber.com\/mavikadin\/wp-content\/uploads\/Adsiz-tasarim-39-29-1024x576.jpg\" alt=\"Zalim \u0130stanbul dizisi hangi kanalda yay\u0131nlan\u0131yordu? Zalim \u0130stanbul oyuncular\u0131 ve konusu\" width=\"1208\" height=\"680\" title=\"\" srcset=\"https:\/\/www.tgrthaber.com\/mavikadin\/wp-content\/uploads\/Adsiz-tasarim-39-29-1024x576.jpg 1024w, https:\/\/www.tgrthaber.com\/mavikadin\/wp-content\/uploads\/Adsiz-tasarim-39-29-300x169.jpg 300w, https:\/\/www.tgrthaber.com\/mavikadin\/wp-content\/uploads\/Adsiz-tasarim-39-29-768x432.jpg 768w, https:\/\/www.tgrthaber.com\/mavikadin\/wp-content\/uploads\/Adsiz-tasarim-39-29.jpg 1208w\" sizes=\"(max-width: 1208px) 100vw, 1208px\" \/><\/p>\n<hr \/>\n<p>Av\u015far Film taraf\u0131ndan hayata ge\u00e7irilen Zalim \u0130stanbul dizisi, 22 Haziran 2020 tarihinde yay\u0131nlanan 39. b\u00f6l\u00fcm\u00fcyle final yaparak sona erdi. Hem televizyon izleyicileri hem de sosyal medya kullan\u0131c\u0131lar\u0131 taraf\u0131ndan b\u00fcy\u00fck bir ilgiyle takip edilen dizi, konusu ve g\u00fc\u00e7l\u00fc oyuncu kadrosuyla dikkatleri \u00fczerine \u00e7ekiyordu.<\/p>\n<p><img loading=\"lazy\" decoding=\"async\" class=\"alignnone wp-image-208226\" src=\"https:\/\/www.tgrthaber.com\/mavikadin\/wp-content\/uploads\/Adsiz-tasarim-42-25-1024x576.jpg\" alt=\"Zalim \u0130stanbul dizisi hangi kanalda yay\u0131nlan\u0131yordu? Zalim \u0130stanbul oyuncular\u0131 ve konusu\" width=\"1208\" height=\"680\" title=\"\" srcset=\"https:\/\/www.tgrthaber.com\/mavikadin\/wp-content\/uploads\/Adsiz-tasarim-42-25-1024x576.jpg 1024w, https:\/\/www.tgrthaber.com\/mavikadin\/wp-content\/uploads\/Adsiz-tasarim-42-25-300x169.jpg 300w, https:\/\/www.tgrthaber.com\/mavikadin\/wp-content\/uploads\/Adsiz-tasarim-42-25-768x432.jpg 768w, https:\/\/www.tgrthaber.com\/mavikadin\/wp-content\/uploads\/Adsiz-tasarim-42-25.jpg 1208w\" sizes=\"(max-width: 1208px) 100vw, 1208px\" \/><\/p>\n<hr \/>\n<h3>ZAL\u0130M \u0130STANBUL D\u0130Z\u0130S\u0130 OYUNCULARI K\u0130M KONUSU NE?<\/h3>\n<p>Birbirinden ba\u015far\u0131l\u0131 oyuncu kadrosu ve konusuyla yay\u0131nland\u0131\u011f\u0131 d\u00f6neme damga vuran ve izlenme rekorlar\u0131 k\u0131ran Zalim \u0130stanbul dizisi, Antakya\u2019dan, \u0130stanbul\u2019a uzanan bir var olma m\u00fccadelesini ekranlara ta\u015f\u0131m\u0131\u015ft\u0131.<\/p>\n<p><img loading=\"lazy\" decoding=\"async\" class=\"alignnone wp-image-208227\" src=\"https:\/\/www.tgrthaber.com\/mavikadin\/wp-content\/uploads\/Adsiz-tasarim-44-29-1024x576.jpg\" alt=\"Zalim \u0130stanbul dizisi hangi kanalda yay\u0131nlan\u0131yordu? Zalim \u0130stanbul oyuncular\u0131 ve konusu\" width=\"1208\" height=\"680\" title=\"\" srcset=\"https:\/\/www.tgrthaber.com\/mavikadin\/wp-content\/uploads\/Adsiz-tasarim-44-29-1024x576.jpg 1024w, https:\/\/www.tgrthaber.com\/mavikadin\/wp-content\/uploads\/Adsiz-tasarim-44-29-300x169.jpg 300w, https:\/\/www.tgrthaber.com\/mavikadin\/wp-content\/uploads\/Adsiz-tasarim-44-29-768x432.jpg 768w, https:\/\/www.tgrthaber.com\/mavikadin\/wp-content\/uploads\/Adsiz-tasarim-44-29.jpg 1208w\" sizes=\"(max-width: 1208px) 100vw, 1208px\" \/><\/p>\n<hr \/>\n<p>\u00dc\u00e7 \u00e7ocu\u011fu ile Antakya\u2019da ya\u015fayan Seher\u2019in, lojistik sekt\u00f6r\u00fcn\u00fcn devleri aras\u0131nda yer alan ve ayn\u0131 zamanda memleketlileri olan Agah Kara\u00e7ay ile yollar\u0131n\u0131n kesi\u015fmesi Zalim \u0130stanbul dizisinin konusu \u015fekillendiriyordu. Ba\u015frollerinde Mine Tugay, Bahar \u015eahin, Deniz U\u011fur ve Ozan Dolunay gibi ba\u015far\u0131l\u0131 isimlerin yer ald\u0131\u011f\u0131 dizi, 2019 ve 2020 sezonunun en \u00e7ok konu\u015fulan dizileri aras\u0131nda yer al\u0131yordu.<\/p>\n<p><img loading=\"lazy\" decoding=\"async\" class=\"alignnone wp-image-208228\" src=\"https:\/\/www.tgrthaber.com\/mavikadin\/wp-content\/uploads\/Adsiz-tasarim-43-26-1024x576.jpg\" alt=\"Zalim \u0130stanbul dizisi hangi kanalda yay\u0131nlan\u0131yordu? Zalim \u0130stanbul oyuncular\u0131 ve konusu\" width=\"1208\" height=\"680\" title=\"\" srcset=\"https:\/\/www.tgrthaber.com\/mavikadin\/wp-content\/uploads\/Adsiz-tasarim-43-26-1024x576.jpg 1024w, https:\/\/www.tgrthaber.com\/mavikadin\/wp-content\/uploads\/Adsiz-tasarim-43-26-300x169.jpg 300w, https:\/\/www.tgrthaber.com\/mavikadin\/wp-content\/uploads\/Adsiz-tasarim-43-26-768x432.jpg 768w, https:\/\/www.tgrthaber.com\/mavikadin\/wp-content\/uploads\/Adsiz-tasarim-43-26.jpg 1208w\" sizes=\"(max-width: 1208px) 100vw, 1208px\" \/><\/p>\n<hr \/>\n<p>Konusu ve oyuncu kadrosuyla dikkatleri \u00fczerine \u00e7eken dizide birbirinden ba\u015far\u0131l\u0131 isimler yer al\u0131yordu. \u0130\u015fte Zalim \u0130stanbul dizisi oyuncu kadrosu:<\/p>\n<p>Fikret Ku\u015fkan \u2013 Agah Kara\u00e7ay<\/p>\n<p>Mine Tugay \u2013 \u015eeniz Kara\u00e7ay<\/p>\n<p>Bahar \u015eahin \u2013 Ceren Y\u0131lmaz Kara\u00e7ay<\/p>\n<p>Deniz U\u011fur \u2013 Seher Y\u0131lmaz<\/p>\n<p>Ozan Dolunay \u2013 Cenk Kara\u00e7ay<\/p>\n<p>Simay Barlas \u2013 Damla Kara\u00e7ay Y\u0131lmaz<\/p>\n<p>Berker G\u00fcven \u2013 Nedim Kara\u00e7ay<\/p>\n<p>\u0130dris Nebi Ta\u015fkan \u2013 Civan Y\u0131lmaz<\/p>\n<p>Sera Kutlubey \u2013 Cemre Y\u0131lmaz Kara\u00e7ay<\/p>\n<p>Ay\u015fen Sezerel \u2013 Neriman Y\u0131lmaz<\/p>\n","protected":false},"excerpt":{"rendered":"<p>Bahar \u015eahin ve Mine Tugay aras\u0131nda b\u00fcy\u00fcyen gerilimle beraber Zalim \u0130stanbul dizisinin hangi kanalda ne zaman yay\u0131nland\u0131\u011f\u0131 merakla ara\u015ft\u0131r\u0131lmaya ba\u015fland\u0131. Peki, Zalim \u0130stanbul dizisi hangi kanalda yay\u0131nlan\u0131yordu? Zalim \u0130stanbul oyuncular\u0131 ve konusu ne? \u0130\u015fte detaylar\u2026<\/p>\n","protected":false},"author":26,"featured_media":208222,"comment_status":"closed","ping_status":"closed","sticky":false,"template":"","format":"standard","meta":{"rank_math_lock_modified_date":false,"footnotes":""},"categories":[602],"tags":[2628,28811,28976,28975],"class_list":["post-208220","post","type-post","status-publish","format-standard","has-post-thumbnail","hentry","category-diziler","tag-dizi-haberleri","tag-zalim-istanbul","tag-zalim-istanbul-konusu-ve-oyunculari","tag-zalim-istnabul-dizi"],"_links":{"self":[{"href":"https:\/\/www.tgrthaber.com\/mavikadin\/wp-json\/wp\/v2\/posts\/208220"}],"collection":[{"href":"https:\/\/www.tgrthaber.com\/mavikadin\/wp-json\/wp\/v2\/posts"}],"about":[{"href":"https:\/\/www.tgrthaber.com\/mavikadin\/wp-json\/wp\/v2\/types\/post"}],"author":[{"embeddable":true,"href":"https:\/\/www.tgrthaber.com\/mavikadin\/wp-json\/wp\/v2\/users\/26"}],"replies":[{"embeddable":true,"href":"https:\/\/www.tgrthaber.com\/mavikadin\/wp-json\/wp\/v2\/comments?post=208220"}],"version-history":[{"count":2,"href":"https:\/\/www.tgrthaber.com\/mavikadin\/wp-json\/wp\/v2\/posts\/208220\/revisions"}],"predecessor-version":[{"id":208230,"href":"https:\/\/www.tgrthaber.com\/mavikadin\/wp-json\/wp\/v2\/posts\/208220\/revisions\/208230"}],"wp:featuredmedia":[{"embeddable":true,"href":"https:\/\/www.tgrthaber.com\/mavikadin\/wp-json\/wp\/v2\/media\/208222"}],"wp:attachment":[{"href":"https:\/\/www.tgrthaber.com\/mavikadin\/wp-json\/wp\/v2\/media?parent=208220"}],"wp:term":[{"taxonomy":"category","embeddable":true,"href":"https:\/\/www.tgrthaber.com\/mavikadin\/wp-json\/wp\/v2\/categories?post=208220"},{"taxonomy":"post_tag","embeddable":true,"href":"https:\/\/www.tgrthaber.com\/mavikadin\/wp-json\/wp\/v2\/tags?post=208220"}],"curies":[{"name":"wp","href":"https:\/\/api.w.org\/{rel}","templated":true}]}}