{"id":208221,"date":"2025-07-21T15:05:10","date_gmt":"2025-07-21T12:05:10","guid":{"rendered":"https:\/\/www.tgrthaber.com\/mavikadin\/?p=208221"},"modified":"2025-07-21T15:05:11","modified_gmt":"2025-07-21T12:05:11","slug":"alisanin-kardesi-selcuk-tektas-neden-oldu-selcuk-tektasin-hastaligi-neydi","status":"publish","type":"post","link":"https:\/\/www.tgrthaber.com\/mavikadin\/alisanin-kardesi-selcuk-tektas-neden-oldu-selcuk-tektasin-hastaligi-neydi\/","title":{"rendered":"Ali\u015fan\u2019\u0131n karde\u015fi Sel\u00e7uk Tekta\u015f neden \u00f6ld\u00fc? Sel\u00e7uk Tekta\u015f\u2019\u0131n hastal\u0131\u011f\u0131 neydi?"},"content":{"rendered":"<p>Ali\u015fan\u2019\u0131n karde\u015fi Sel\u00e7uk Tekta\u015f, 2021 y\u0131l\u0131nda hayat\u0131n\u0131 kaybetmi\u015fti. Ali\u015fan karde\u015finin \u00f6l\u00fcm y\u0131l d\u00f6n\u00fcm\u00fcnde yapt\u0131\u011f\u0131 payla\u015f\u0131mla g\u00fcndeme geldi. Arama motorlar\u0131nda Sel\u00e7uk Tekta\u015f\u2019\u0131n \u00f6l\u00fcm nedeni ve hastal\u0131\u011f\u0131 ara\u015ft\u0131r\u0131lmaya ba\u015fland\u0131. Peki, Ali\u015fan\u2019\u0131n karde\u015fi Sel\u00e7uk Tekta\u015f neden \u00f6ld\u00fc? Sel\u00e7uk Tekta\u015f\u2019\u0131n hastal\u0131\u011f\u0131 neydi? Sorular\u0131n\u0131 sizin i\u00e7in ara\u015ft\u0131rd\u0131k. \u0130\u015fte detaylar\u2026<\/p>\n<h3>AL\u0130\u015eAN\u2019IN KARDE\u015e\u0130 SEL\u00c7UK TEKTA\u015e NEDEN \u00d6LD\u00dc?<\/h3>\n<p>\u00dcnl\u00fc \u015fark\u0131c\u0131 Ali\u015fan\u2019\u0131n erkek karde\u015fi Sel\u00e7uk Tekta\u015f, ge\u00e7ti\u011fimiz y\u0131llarda koronavir\u00fcse yakalanm\u0131\u015ft\u0131. Covid-19\u2019a yakalan\u0131p yo\u011fun bak\u0131mda ent\u00fcbe edilen Sel\u00e7uk Tekta\u015f, 2021 y\u0131l\u0131nda vefat etmi\u015fti. Ge\u00e7ti\u011fimiz saatlerde Ali\u015fan\u2019dan karde\u015finin \u00f6l\u00fcm y\u0131l d\u00f6n\u00fcm\u00fcnde duygusal payla\u015f\u0131m geldi.<\/p>\n<p><img loading=\"lazy\" decoding=\"async\" class=\"alignnone size-full wp-image-208249\" src=\"https:\/\/www.tgrthaber.com\/mavikadin\/wp-content\/uploads\/ARZU-45-9.jpg\" alt=\"Ali\u015fan\u2019\u0131n karde\u015fi Sel\u00e7uk Tekta\u015f neden \u00f6ld\u00fc? Sel\u00e7uk Tekta\u015f\u2019\u0131n hastal\u0131\u011f\u0131 neydi?\" width=\"1208\" height=\"680\" title=\"\" srcset=\"https:\/\/www.tgrthaber.com\/mavikadin\/wp-content\/uploads\/ARZU-45-9.jpg 1208w, https:\/\/www.tgrthaber.com\/mavikadin\/wp-content\/uploads\/ARZU-45-9-300x169.jpg 300w, https:\/\/www.tgrthaber.com\/mavikadin\/wp-content\/uploads\/ARZU-45-9-1024x576.jpg 1024w, https:\/\/www.tgrthaber.com\/mavikadin\/wp-content\/uploads\/ARZU-45-9-768x432.jpg 768w\" sizes=\"(max-width: 1208px) 100vw, 1208px\" \/><\/p>\n<hr \/>\n<p>Sosyal medya hesab\u0131ndan karde\u015fiyle foto\u011fraflar\u0131n\u0131 payla\u015fan Ali\u015fan, \u015fu s\u00f6zleri s\u00f6yledi.<\/p>\n<p>&#8220;\u00d6zledim \u00e7ok \u00f6zledim. Karde\u015fimi, can\u0131m\u0131n yar\u0131s\u0131n\u0131 \u00e7ok \u00f6zledim. Sen gittin ya biliyordum hi\u00e7bir \u015feyin eskisi gibi olmayaca\u011f\u0131n\u0131&#8230; \u00d6yle de oldu karde\u015fim ama ben m\u00fccadele edece\u011fim sonuna kadar her \u015feyle. Elimden geldi\u011fince sana s\u00f6z. Yenilmeyece\u011fim s\u00f6z. Sana kavu\u015faca\u011f\u0131m g\u00fcne kadar m\u00fccadeleye devam. G\u00fcl\u00fc\u015f\u00fcne kurban oldu\u011fum. 4 sene de\u011fil 40 sene ge\u00e7se de benim k\u00f6zlenmi\u015f yaram olarak can\u0131m\u0131n yar\u0131s\u0131 olarak kalacaks\u0131n. Seni \u00e7ok seviyorum Sel\u00e7uk&#8217;um&#8230;&#8221; s\u00f6zlerini ifade etti.<\/p>\n<p><img loading=\"lazy\" decoding=\"async\" class=\"alignnone size-full wp-image-208244\" src=\"https:\/\/www.tgrthaber.com\/mavikadin\/wp-content\/uploads\/ARZU-50-7.jpg\" alt=\"Ali\u015fan\u2019\u0131n karde\u015fi Sel\u00e7uk Tekta\u015f neden \u00f6ld\u00fc? Sel\u00e7uk Tekta\u015f\u2019\u0131n hastal\u0131\u011f\u0131 neydi?\" width=\"1208\" height=\"680\" title=\"\" srcset=\"https:\/\/www.tgrthaber.com\/mavikadin\/wp-content\/uploads\/ARZU-50-7.jpg 1208w, https:\/\/www.tgrthaber.com\/mavikadin\/wp-content\/uploads\/ARZU-50-7-300x169.jpg 300w, https:\/\/www.tgrthaber.com\/mavikadin\/wp-content\/uploads\/ARZU-50-7-1024x576.jpg 1024w, https:\/\/www.tgrthaber.com\/mavikadin\/wp-content\/uploads\/ARZU-50-7-768x432.jpg 768w\" sizes=\"(max-width: 1208px) 100vw, 1208px\" \/><\/p>\n<hr \/>\n<p>Ge\u00e7irdi\u011fi koronavir\u00fcs ile 2021 y\u0131l\u0131nda hayata veda eden Sel\u00e7uk Tekta\u015f, 2009 y\u0131l\u0131nda Merve Ta\u015fk\u0131n ile nikah masas\u0131na oturmu\u015ftu. D\u00fcnya evine giren ikilinin iki k\u0131z \u00e7ocu\u011fu bulunmaktad\u0131r. Sel\u00e7uk Tekta\u015f ayn\u0131 zamanda karde\u015fi Ali\u015fan&#8217;\u0131n menajerli\u011fini de yap\u0131yord\u0131.<\/p>\n<h3><img loading=\"lazy\" decoding=\"async\" class=\"alignnone size-full wp-image-208248\" src=\"https:\/\/www.tgrthaber.com\/mavikadin\/wp-content\/uploads\/ARZU-46-8.jpg\" alt=\"Ali\u015fan\u2019\u0131n karde\u015fi Sel\u00e7uk Tekta\u015f neden \u00f6ld\u00fc? Sel\u00e7uk Tekta\u015f\u2019\u0131n hastal\u0131\u011f\u0131 neydi?\" width=\"1208\" height=\"680\" title=\"\" srcset=\"https:\/\/www.tgrthaber.com\/mavikadin\/wp-content\/uploads\/ARZU-46-8.jpg 1208w, https:\/\/www.tgrthaber.com\/mavikadin\/wp-content\/uploads\/ARZU-46-8-300x169.jpg 300w, https:\/\/www.tgrthaber.com\/mavikadin\/wp-content\/uploads\/ARZU-46-8-1024x576.jpg 1024w, https:\/\/www.tgrthaber.com\/mavikadin\/wp-content\/uploads\/ARZU-46-8-768x432.jpg 768w\" sizes=\"(max-width: 1208px) 100vw, 1208px\" \/><\/h3>\n<hr \/>\n<h3>SEL\u00c7UK TEKTA\u015e\u2019IN HASTALI\u011eI NEYD\u0130?<\/h3>\n<p>Sel\u00e7uk Tekta\u015f\u2019\u0131n kamuoyunda yans\u0131yan bir hastal\u0131\u011f\u0131 bulunmamaktad\u0131r. Koronavir\u00fcs tedavisi g\u00f6rd\u00fc\u011f\u00fc hastane de hayat\u0131n\u0131 kaybeden Sel\u00e7uk Tekta\u015f, ayn\u0131 zaman da Ali\u015fan\u2019\u0131n menajeriydi. Karde\u015finin \u00f6l\u00fcm y\u0131l d\u00f6n\u00fcm\u00fcn de payla\u015ft\u0131\u011f\u0131 duygusal payla\u015f\u0131mla g\u00fcndeme gelen Ali\u015fan, sevenlerini hem \u00fczd\u00fc hem duyguland\u0131rd\u0131. Payla\u015f\u0131m\u0131n da yazd\u0131klar\u0131 herkesin kalbine dokundu.<\/p>\n<p><img loading=\"lazy\" decoding=\"async\" class=\"alignnone size-full wp-image-208245\" src=\"https:\/\/www.tgrthaber.com\/mavikadin\/wp-content\/uploads\/ARZU-49-7.jpg\" alt=\"Ali\u015fan\u2019\u0131n karde\u015fi Sel\u00e7uk Tekta\u015f neden \u00f6ld\u00fc? Sel\u00e7uk Tekta\u015f\u2019\u0131n hastal\u0131\u011f\u0131 neydi?\" width=\"1208\" height=\"680\" title=\"\" srcset=\"https:\/\/www.tgrthaber.com\/mavikadin\/wp-content\/uploads\/ARZU-49-7.jpg 1208w, https:\/\/www.tgrthaber.com\/mavikadin\/wp-content\/uploads\/ARZU-49-7-300x169.jpg 300w, https:\/\/www.tgrthaber.com\/mavikadin\/wp-content\/uploads\/ARZU-49-7-1024x576.jpg 1024w, https:\/\/www.tgrthaber.com\/mavikadin\/wp-content\/uploads\/ARZU-49-7-768x432.jpg 768w\" sizes=\"(max-width: 1208px) 100vw, 1208px\" \/><\/p>\n<hr \/>\n<p>2021 y\u0131l\u0131nda kald\u0131\u011f\u0131 hastane de koronavir\u00fcs nedeniyle vefat eden Sel\u00e7uk Tekta\u015f, hastane de yap\u0131lan t\u00fcm m\u00fcdahalelere ra\u011fmen kurtulamad\u0131. 41 ya\u015f\u0131nda ya\u015fam\u0131n\u0131 kaybeden Sel\u00e7uk Tekta\u015f, sevenlerini derin bir h\u00fczne bo\u011fmu\u015ftu. o d\u00f6nemler de karde\u015f a\u00e7\u0131s\u0131 \u00e7eken Ali\u015fan, zor g\u00fcnler ge\u00e7irdi\u011fini her f\u0131rsatta dile getiriyordu.<\/p>\n<p><img loading=\"lazy\" decoding=\"async\" class=\"alignnone size-full wp-image-208246\" src=\"https:\/\/www.tgrthaber.com\/mavikadin\/wp-content\/uploads\/ARZU-48-7.jpg\" alt=\"Ali\u015fan\u2019\u0131n karde\u015fi Sel\u00e7uk Tekta\u015f neden \u00f6ld\u00fc? Sel\u00e7uk Tekta\u015f\u2019\u0131n hastal\u0131\u011f\u0131 neydi?\" width=\"1208\" height=\"680\" title=\"\" srcset=\"https:\/\/www.tgrthaber.com\/mavikadin\/wp-content\/uploads\/ARZU-48-7.jpg 1208w, https:\/\/www.tgrthaber.com\/mavikadin\/wp-content\/uploads\/ARZU-48-7-300x169.jpg 300w, https:\/\/www.tgrthaber.com\/mavikadin\/wp-content\/uploads\/ARZU-48-7-1024x576.jpg 1024w, https:\/\/www.tgrthaber.com\/mavikadin\/wp-content\/uploads\/ARZU-48-7-768x432.jpg 768w\" sizes=\"(max-width: 1208px) 100vw, 1208px\" \/><\/p>\n<hr \/>\n<p>Ali\u015fan zaman zaman karde\u015fi ile yapt\u0131\u011f\u0131 payla\u015f\u0131mlar ile dikkat \u00e7ekiyor. Karde\u015f \u00f6zlemi \u00e7ekti\u011fini her f\u0131rsatta dile getiren Ali\u015fan, karde\u015fini de unutmad\u0131\u011f\u0131n\u0131 ifade ediyor. Karde\u015finin vefat\u0131n\u0131n 4\u2019nc\u00fc y\u0131l\u0131nda duyguland\u0131ran payla\u015f\u0131m yapan Ali\u015fan mevlit okutaca\u011f\u0131n\u0131 da yak\u0131nlar\u0131na duyurdu.<\/p>\n","protected":false},"excerpt":{"rendered":"<p>\u015eark\u0131c\u0131 Ali\u015fan\u2019\u0131n karde\u015fi Sel\u00e7uk Tekta\u015f, \u00f6l\u00fcm\u00fcn\u00fcn \u00fczerinden 4 y\u0131l ge\u00e7ti. Ali\u015fan karde\u015finin \u00f6l\u00fcm y\u0131l d\u00f6n\u00fcm\u00fcnde yapt\u0131\u011f\u0131 payla\u015f\u0131mla g\u00fcndeme geldi. Peki, Ali\u015fan\u2019\u0131n karde\u015fi Sel\u00e7uk Tekta\u015f neden \u00f6ld\u00fc? Sel\u00e7uk Tekta\u015f\u2019\u0131n hastal\u0131\u011f\u0131 neydi? \u0130\u015fte detaylar\u2026<\/p>\n","protected":false},"author":34,"featured_media":208247,"comment_status":"closed","ping_status":"closed","sticky":false,"template":"","format":"standard","meta":{"rank_math_lock_modified_date":false,"footnotes":""},"categories":[76],"tags":[147,2218,21258,21259],"class_list":["post-208221","post","type-post","status-publish","format-standard","has-post-thumbnail","hentry","category-magazin","tag-alisan","tag-magazin-haberleri","tag-serkan-tektas","tag-serkan-tektas-neden-oldu"],"_links":{"self":[{"href":"https:\/\/www.tgrthaber.com\/mavikadin\/wp-json\/wp\/v2\/posts\/208221"}],"collection":[{"href":"https:\/\/www.tgrthaber.com\/mavikadin\/wp-json\/wp\/v2\/posts"}],"about":[{"href":"https:\/\/www.tgrthaber.com\/mavikadin\/wp-json\/wp\/v2\/types\/post"}],"author":[{"embeddable":true,"href":"https:\/\/www.tgrthaber.com\/mavikadin\/wp-json\/wp\/v2\/users\/34"}],"replies":[{"embeddable":true,"href":"https:\/\/www.tgrthaber.com\/mavikadin\/wp-json\/wp\/v2\/comments?post=208221"}],"version-history":[{"count":2,"href":"https:\/\/www.tgrthaber.com\/mavikadin\/wp-json\/wp\/v2\/posts\/208221\/revisions"}],"predecessor-version":[{"id":208252,"href":"https:\/\/www.tgrthaber.com\/mavikadin\/wp-json\/wp\/v2\/posts\/208221\/revisions\/208252"}],"wp:featuredmedia":[{"embeddable":true,"href":"https:\/\/www.tgrthaber.com\/mavikadin\/wp-json\/wp\/v2\/media\/208247"}],"wp:attachment":[{"href":"https:\/\/www.tgrthaber.com\/mavikadin\/wp-json\/wp\/v2\/media?parent=208221"}],"wp:term":[{"taxonomy":"category","embeddable":true,"href":"https:\/\/www.tgrthaber.com\/mavikadin\/wp-json\/wp\/v2\/categories?post=208221"},{"taxonomy":"post_tag","embeddable":true,"href":"https:\/\/www.tgrthaber.com\/mavikadin\/wp-json\/wp\/v2\/tags?post=208221"}],"curies":[{"name":"wp","href":"https:\/\/api.w.org\/{rel}","templated":true}]}}