{"id":208253,"date":"2025-07-21T15:22:55","date_gmt":"2025-07-21T12:22:55","guid":{"rendered":"https:\/\/www.tgrthaber.com\/mavikadin\/?p=208253"},"modified":"2025-07-21T15:22:55","modified_gmt":"2025-07-21T12:22:55","slug":"esen-gokun-ablasi-kimdir-esen-gok-neden-olmustu","status":"publish","type":"post","link":"https:\/\/www.tgrthaber.com\/mavikadin\/esen-gokun-ablasi-kimdir-esen-gok-neden-olmustu\/","title":{"rendered":"Esen G\u00f6k&#8217;\u00fcn ablas\u0131 kimdir? Esen G\u00f6k neden \u00f6lm\u00fc\u015ft\u00fc?"},"content":{"rendered":"<p>T\u00fcrkiye\u2019nin ilk kad\u0131n yar\u0131\u015f spikeri olarak tan\u0131nan Esen G\u00f6k\u2019\u00fcn hayat\u0131n\u0131 kaybetmesi, bas\u0131n ve spor camias\u0131nda derin bir \u00fcz\u00fcnt\u00fcye sebep oldu. 39 ya\u015f\u0131nda hayata veda eden G\u00f6k\u2019\u00fcn ard\u0131ndan geriye sessiz bir ev, el yaz\u0131s\u0131yla yaz\u0131lm\u0131\u015f bir not ve yan\u0131t\u0131 hala aranan baz\u0131 sorular kald\u0131. \u0130\u015fte detaylar&#8230;<\/p>\n<h3>ESEN G\u00d6K&#8217;\u00dcN ABLASI K\u0130MD\u0130R?<\/h3>\n<p>Esen G\u00f6k\u2019\u00fcn ablas\u0131yla ilgili medyaya a\u00e7\u0131k \u00e7ok fazla bilgi bulunmuyor. Ancak olay yerinde bulunan veda notunda ablas\u0131na hitaben yaz\u0131lm\u0131\u015f ifadeler dikkat \u00e7ekti. G\u00f6k, notunda ablas\u0131na \u201cSen hi\u00e7bir zaman yanl\u0131\u015f yapmad\u0131n\u201d diyerek, onun herhangi bir sorumlulu\u011fu olmad\u0131\u011f\u0131n\u0131 \u00f6zellikle vurgulad\u0131. Bu ifade, karde\u015fler aras\u0131nda duygusal bir ba\u011f oldu\u011funu ve Esen G\u00f6k\u2019\u00fcn ablas\u0131na kar\u015f\u0131 g\u00fc\u00e7l\u00fc bir sevgi ve minnet duydu\u011funu g\u00f6steriyor.<\/p>\n<p><img loading=\"lazy\" decoding=\"async\" class=\"alignnone size-full wp-image-208256\" src=\"https:\/\/www.tgrthaber.com\/mavikadin\/wp-content\/uploads\/2-1587.png\" alt=\"\" width=\"1208\" height=\"680\" title=\"\" srcset=\"https:\/\/www.tgrthaber.com\/mavikadin\/wp-content\/uploads\/2-1587.png 1208w, https:\/\/www.tgrthaber.com\/mavikadin\/wp-content\/uploads\/2-1587-300x169.png 300w, https:\/\/www.tgrthaber.com\/mavikadin\/wp-content\/uploads\/2-1587-1024x576.png 1024w, https:\/\/www.tgrthaber.com\/mavikadin\/wp-content\/uploads\/2-1587-768x432.png 768w\" sizes=\"(max-width: 1208px) 100vw, 1208px\" \/><\/p>\n<hr \/>\n<p>Notta ge\u00e7en \u201cBen hep bahane arad\u0131m\u201d gibi ifadeler de G\u00f6k\u2019\u00fcn i\u00e7sel bir m\u00fccadele ya\u015fad\u0131\u011f\u0131n\u0131 d\u00fc\u015f\u00fcnd\u00fcr\u00fcyor. Ablas\u0131 hakk\u0131nda daha fazla bilgiye ula\u015f\u0131lamasa da, bu duygusal not onun ya\u015fad\u0131\u011f\u0131 s\u00fcrecin tan\u0131\u011f\u0131 olmu\u015f yak\u0131nlar\u0131ndan biri oldu\u011funu ortaya koyuyor.<\/p>\n<p><img loading=\"lazy\" decoding=\"async\" class=\"alignnone size-full wp-image-208260\" src=\"https:\/\/www.tgrthaber.com\/mavikadin\/wp-content\/uploads\/6-364.png\" alt=\"\" width=\"1208\" height=\"680\" title=\"\" srcset=\"https:\/\/www.tgrthaber.com\/mavikadin\/wp-content\/uploads\/6-364.png 1208w, https:\/\/www.tgrthaber.com\/mavikadin\/wp-content\/uploads\/6-364-300x169.png 300w, https:\/\/www.tgrthaber.com\/mavikadin\/wp-content\/uploads\/6-364-1024x576.png 1024w, https:\/\/www.tgrthaber.com\/mavikadin\/wp-content\/uploads\/6-364-768x432.png 768w\" sizes=\"(max-width: 1208px) 100vw, 1208px\" \/><\/p>\n<hr \/>\n<h3>ESEN G\u00d6K NEDEN \u00d6LM\u00dc\u015eT\u00dc?<\/h3>\n<p>Esen G\u00f6k, \u0130stanbul Bak\u0131rk\u00f6y Osmaniye Mahallesi\u2019nde ya\u015fad\u0131\u011f\u0131 evde \u00f6l\u00fc bulundu. Polis ekipleri, olay yerine ula\u015ft\u0131\u011f\u0131nda kap\u0131n\u0131n i\u00e7eriden kilitli oldu\u011funu, anahtar\u0131n kap\u0131da oldu\u011funu ve herhangi bir zorlama izine rastlanmad\u0131\u011f\u0131n\u0131 tespit etti. G\u00f6k\u2019\u00fcn do\u011fal gaz borusuna \u00e7ar\u015fafla kendini ast\u0131\u011f\u0131 belirlendi.<\/p>\n<p><img loading=\"lazy\" decoding=\"async\" class=\"alignnone size-full wp-image-208255\" src=\"https:\/\/www.tgrthaber.com\/mavikadin\/wp-content\/uploads\/1-1519.png\" alt=\"\" width=\"1208\" height=\"680\" title=\"\" srcset=\"https:\/\/www.tgrthaber.com\/mavikadin\/wp-content\/uploads\/1-1519.png 1208w, https:\/\/www.tgrthaber.com\/mavikadin\/wp-content\/uploads\/1-1519-300x169.png 300w, https:\/\/www.tgrthaber.com\/mavikadin\/wp-content\/uploads\/1-1519-1024x576.png 1024w, https:\/\/www.tgrthaber.com\/mavikadin\/wp-content\/uploads\/1-1519-768x432.png 768w\" sizes=\"(max-width: 1208px) 100vw, 1208px\" \/><\/p>\n<hr \/>\n<p>Olay yerinde bulunan el yaz\u0131s\u0131 not ve adli t\u0131p incelemesi sonucunda, G\u00f6k\u2019\u00fcn intihar etti\u011fi netle\u015fti. \u0130stanbul Adli T\u0131p Kurumu, \u00f6l\u00fcm\u00fcn as\u0131lma yoluyla meydana geldi\u011fini do\u011frulad\u0131.<\/p>\n<p><img loading=\"lazy\" decoding=\"async\" class=\"alignnone size-full wp-image-208261\" src=\"https:\/\/www.tgrthaber.com\/mavikadin\/wp-content\/uploads\/SENA-15.png\" alt=\"\" width=\"1208\" height=\"680\" title=\"\" srcset=\"https:\/\/www.tgrthaber.com\/mavikadin\/wp-content\/uploads\/SENA-15.png 1208w, https:\/\/www.tgrthaber.com\/mavikadin\/wp-content\/uploads\/SENA-15-300x169.png 300w, https:\/\/www.tgrthaber.com\/mavikadin\/wp-content\/uploads\/SENA-15-1024x576.png 1024w, https:\/\/www.tgrthaber.com\/mavikadin\/wp-content\/uploads\/SENA-15-768x432.png 768w\" sizes=\"(max-width: 1208px) 100vw, 1208px\" \/><\/p>\n<hr \/>\n<p>Veda notunda yer alan ifadeler, G\u00f6k\u2019\u00fcn bir s\u00fcredir psikolojik olarak zorland\u0131\u011f\u0131n\u0131 d\u00fc\u015f\u00fcnd\u00fcr\u00fcyor. Yazd\u0131\u011f\u0131 c\u00fcmlelerde \u00f6zellikle ailesini ve ablas\u0131n\u0131 sorumlu tutmad\u0131\u011f\u0131n\u0131 belirtmesi, bilin\u00e7li bir vedaya i\u015faret ediyor.<\/p>\n<p><img loading=\"lazy\" decoding=\"async\" class=\"alignnone size-full wp-image-208259\" src=\"https:\/\/www.tgrthaber.com\/mavikadin\/wp-content\/uploads\/5-841.png\" alt=\"\" width=\"1208\" height=\"680\" title=\"\" srcset=\"https:\/\/www.tgrthaber.com\/mavikadin\/wp-content\/uploads\/5-841.png 1208w, https:\/\/www.tgrthaber.com\/mavikadin\/wp-content\/uploads\/5-841-300x169.png 300w, https:\/\/www.tgrthaber.com\/mavikadin\/wp-content\/uploads\/5-841-1024x576.png 1024w, https:\/\/www.tgrthaber.com\/mavikadin\/wp-content\/uploads\/5-841-768x432.png 768w\" sizes=\"(max-width: 1208px) 100vw, 1208px\" \/><\/p>\n<hr \/>\n<h3>SESS\u0130Z VEDASI DER\u0130N \u0130ZLER BIRAKTI<\/h3>\n<p>Uzun y\u0131llar boyunca T\u00fcrkiye Jokey Kul\u00fcb\u00fc\u2019n\u00fcn televizyon kanal\u0131 TJK TV\u2019de spikerlik yapan Esen G\u00f6k, ses tonu, duru\u015fu ve bilgisiyle yar\u0131\u015f severlerin akl\u0131nda kalm\u0131\u015ft\u0131. Mesle\u011finde \u00f6nc\u00fc bir kad\u0131n olan G\u00f6k\u2019\u00fcn ani kayb\u0131, hem medya camias\u0131nda hem de at yar\u0131\u015flar\u0131 d\u00fcnyas\u0131nda b\u00fcy\u00fck \u00fcz\u00fcnt\u00fcyle kar\u015f\u0131land\u0131.<\/p>\n","protected":false},"excerpt":{"rendered":"<p>T\u00fcrkiye\u2019nin ilk kad\u0131n yar\u0131\u015f spikeri olarak tan\u0131nan Esen G\u00f6k, ge\u00e7ti\u011fimiz aylarda hayat\u0131n\u0131 kaybetmi\u015fti. Ard\u0131nda b\u0131rakt\u0131\u011f\u0131 not, \u00f6l\u00fcm \u015fekli ve ailesine dair merak edilenler g\u00fcndemde kalmaya devam ediyor. \u00d6zellikle ablas\u0131na yazd\u0131\u011f\u0131 c\u00fcmleler dikkat \u00e7ekerken \u201cEsen G\u00f6k\u2019\u00fcn ablas\u0131 kimdir? Esen G\u00f6k neden \u00f6lm\u00fc\u015ft\u00fc?\u201d sorular\u0131 yeniden g\u00fcndeme geldi.<\/p>\n","protected":false},"author":28,"featured_media":208258,"comment_status":"closed","ping_status":"closed","sticky":false,"template":"","format":"standard","meta":{"rank_math_lock_modified_date":true,"footnotes":""},"categories":[491],"tags":[3374,28981,28982,28775,28777],"class_list":["post-208253","post","type-post","status-publish","format-standard","has-post-thumbnail","hentry","category-biyografi","tag-biyografi","tag-esen-gok","tag-esen-gok-ablasi","tag-esen-gok-kimdir","tag-esen-gok-neden-oldu"],"_links":{"self":[{"href":"https:\/\/www.tgrthaber.com\/mavikadin\/wp-json\/wp\/v2\/posts\/208253"}],"collection":[{"href":"https:\/\/www.tgrthaber.com\/mavikadin\/wp-json\/wp\/v2\/posts"}],"about":[{"href":"https:\/\/www.tgrthaber.com\/mavikadin\/wp-json\/wp\/v2\/types\/post"}],"author":[{"embeddable":true,"href":"https:\/\/www.tgrthaber.com\/mavikadin\/wp-json\/wp\/v2\/users\/28"}],"replies":[{"embeddable":true,"href":"https:\/\/www.tgrthaber.com\/mavikadin\/wp-json\/wp\/v2\/comments?post=208253"}],"version-history":[{"count":2,"href":"https:\/\/www.tgrthaber.com\/mavikadin\/wp-json\/wp\/v2\/posts\/208253\/revisions"}],"predecessor-version":[{"id":208263,"href":"https:\/\/www.tgrthaber.com\/mavikadin\/wp-json\/wp\/v2\/posts\/208253\/revisions\/208263"}],"wp:featuredmedia":[{"embeddable":true,"href":"https:\/\/www.tgrthaber.com\/mavikadin\/wp-json\/wp\/v2\/media\/208258"}],"wp:attachment":[{"href":"https:\/\/www.tgrthaber.com\/mavikadin\/wp-json\/wp\/v2\/media?parent=208253"}],"wp:term":[{"taxonomy":"category","embeddable":true,"href":"https:\/\/www.tgrthaber.com\/mavikadin\/wp-json\/wp\/v2\/categories?post=208253"},{"taxonomy":"post_tag","embeddable":true,"href":"https:\/\/www.tgrthaber.com\/mavikadin\/wp-json\/wp\/v2\/tags?post=208253"}],"curies":[{"name":"wp","href":"https:\/\/api.w.org\/{rel}","templated":true}]}}