{"id":208264,"date":"2025-07-21T15:43:58","date_gmt":"2025-07-21T12:43:58","guid":{"rendered":"https:\/\/www.tgrthaber.com\/mavikadin\/?p=208264"},"modified":"2025-07-21T15:49:46","modified_gmt":"2025-07-21T12:49:46","slug":"sera-kutlubey-kimdir-kac-yasinda-sera-kutlubey-hangi-dizilerde-oynadi","status":"publish","type":"post","link":"https:\/\/www.tgrthaber.com\/mavikadin\/sera-kutlubey-kimdir-kac-yasinda-sera-kutlubey-hangi-dizilerde-oynadi\/","title":{"rendered":"Sera Kutlubey kimdir ka\u00e7 ya\u015f\u0131nda? Sera Kutlubey hangi dizilerde oynad\u0131?"},"content":{"rendered":"<p>Zalim \u0130stanbul dizisinde oynad\u0131\u011f\u0131 \u2018Cemre Y\u0131lmaz\u2019 karakteriyle haf\u0131zalara kaz\u0131n\u0131n Sera Kutlubey\u2019in \u00f6zel hayat\u0131 merak ediliyor. G\u00fczelli\u011fi ve ba\u015far\u0131l\u0131 oyunculuk kariyeriyle ad\u0131ndan s\u00f6z ettiren Sera Kutlubey\u2019in kim oldu\u011fu da ara\u015ft\u0131r\u0131l\u0131yor. Zalim \u0130stanbul dizisindeki oyuncular\u0131n gerginli\u011fine Sera Kutlubey de dahil oldu. Bahar \u015eahin ve Mine Tugay olay\u0131nda, Sera Kutlubey taraf\u0131n\u0131 g\u00f6sterdi. Spsyal medya hesab\u0131ndan yapt\u0131\u011f\u0131 payla\u015f\u0131mla Mine Tugay&#8217;a destek veren Sera Kutlubey&#8217;in kim oldu\u011fu merak edildi. Peki, Sera Kutlubey kimdir? Sera Kutlubey ka\u00e7 ya\u015f\u0131nda? Sera Kutlubey hangi dizilerde oynad\u0131? Sera Kutlubey hakk\u0131nda merak edilenleri sizin i\u00e7in ara\u015ft\u0131rd\u0131k. \u0130\u015fte Sera Kutlubey hakk\u0131nda bilinmeyenler\u2026<\/p>\n<h3>SERA KUTLUBEY K\u0130MD\u0130R?<\/h3>\n<p>Sera Kutlubey, 24 Ekim 1997 y\u0131l\u0131nda Ankara\u2019da d\u00fcnyaya geldi. \u0130lkokul, ortaokul ve lise e\u011fitimini ba\u015far\u0131yla tamamlayan Kutlubey, \u00fcniversite e\u011fitimini Hali\u00e7 \u00dcniversitesi Tiyatro B\u00f6l\u00fcm\u00fc\u2019nden mezun olarak tamamlad\u0131.<\/p>\n<p><img loading=\"lazy\" decoding=\"async\" class=\"alignnone wp-image-208268\" src=\"https:\/\/www.tgrthaber.com\/mavikadin\/wp-content\/uploads\/Sera-Kutlubey-kimdir-5-1024x576.jpg\" alt=\"Sera Kutlubey kimdir ka\u00e7 ya\u015f\u0131nda? Sera Kutlubey hangi dizilerde oynad\u0131?\" width=\"1208\" height=\"680\" title=\"\" srcset=\"https:\/\/www.tgrthaber.com\/mavikadin\/wp-content\/uploads\/Sera-Kutlubey-kimdir-5-1024x576.jpg 1024w, https:\/\/www.tgrthaber.com\/mavikadin\/wp-content\/uploads\/Sera-Kutlubey-kimdir-5-300x169.jpg 300w, https:\/\/www.tgrthaber.com\/mavikadin\/wp-content\/uploads\/Sera-Kutlubey-kimdir-5-768x432.jpg 768w, https:\/\/www.tgrthaber.com\/mavikadin\/wp-content\/uploads\/Sera-Kutlubey-kimdir-5.jpg 1208w\" sizes=\"(max-width: 1208px) 100vw, 1208px\" \/><\/p>\n<hr \/>\n<p>Ba\u015far\u0131l\u0131 e\u011fitim ser\u00fcvenin ard\u0131ndan oyunculuk sekt\u00f6r\u00fcne ad\u0131m atan Sera Kutlubey, ilk oyunculuk deneyimini, 2016 y\u0131l\u0131nda \u2018Kehribar\u2019 adl\u0131 dizide \u2018Gen\u00e7 Leyla\u2019 karakteriyle ger\u00e7ekle\u015ftirdi. Daha sonra \u2018Babam ve Ailesi\u2019 adl\u0131 dizide boy g\u00f6steren Kutlubey, ba\u015far\u0131l\u0131 oyunculu\u011fuyla bir\u00e7ok dizide rol almaya hak kazand\u0131.<\/p>\n<p><img loading=\"lazy\" decoding=\"async\" class=\"alignnone wp-image-208270\" src=\"https:\/\/www.tgrthaber.com\/mavikadin\/wp-content\/uploads\/Sera-Kutlubey-kimdir-4-1024x576.jpg\" alt=\"Sera Kutlubey kimdir ka\u00e7 ya\u015f\u0131nda? Sera Kutlubey hangi dizilerde oynad\u0131?\" width=\"1208\" height=\"680\" title=\"\" srcset=\"https:\/\/www.tgrthaber.com\/mavikadin\/wp-content\/uploads\/Sera-Kutlubey-kimdir-4-1024x576.jpg 1024w, https:\/\/www.tgrthaber.com\/mavikadin\/wp-content\/uploads\/Sera-Kutlubey-kimdir-4-300x169.jpg 300w, https:\/\/www.tgrthaber.com\/mavikadin\/wp-content\/uploads\/Sera-Kutlubey-kimdir-4-768x432.jpg 768w, https:\/\/www.tgrthaber.com\/mavikadin\/wp-content\/uploads\/Sera-Kutlubey-kimdir-4.jpg 1208w\" sizes=\"(max-width: 1208px) 100vw, 1208px\" \/><\/p>\n<hr \/>\n<h3>SERA KUTLUBEY KA\u00c7 YA\u015eINDA?<\/h3>\n<p>1997 do\u011fumlu olan Sera Kutlubey, 2025 y\u0131l\u0131 itibar\u0131yla 28 ya\u015f\u0131ndad\u0131r. G\u00fczelli\u011fi ve ba\u015far\u0131l\u0131 oyunculu\u011fuyla dikkatleri \u00fczerine \u00e7eken Kutlubey, 2017 y\u0131l\u0131nda \u2018\u0130simsizler\u2019 dizisinde \u2018Seher\u2019 karakteriyle izleyici kar\u015f\u0131s\u0131na \u00e7\u0131kt\u0131. Oyuncu Ye\u015fim G\u00fcl Ak\u015far\u2019\u0131n ye\u011feni olan Kutlubey, teyzesi gibi oyunculuk kariyerini ilerletmeye devam ediyor.<\/p>\n<p><img loading=\"lazy\" decoding=\"async\" class=\"alignnone wp-image-208271\" src=\"https:\/\/www.tgrthaber.com\/mavikadin\/wp-content\/uploads\/Sera-Kutlubey-kimdir-7-1024x576.jpg\" alt=\"Sera Kutlubey kimdir ka\u00e7 ya\u015f\u0131nda? Sera Kutlubey hangi dizilerde oynad\u0131?\" width=\"1208\" height=\"680\" title=\"\" srcset=\"https:\/\/www.tgrthaber.com\/mavikadin\/wp-content\/uploads\/Sera-Kutlubey-kimdir-7-1024x576.jpg 1024w, https:\/\/www.tgrthaber.com\/mavikadin\/wp-content\/uploads\/Sera-Kutlubey-kimdir-7-300x169.jpg 300w, https:\/\/www.tgrthaber.com\/mavikadin\/wp-content\/uploads\/Sera-Kutlubey-kimdir-7-768x432.jpg 768w, https:\/\/www.tgrthaber.com\/mavikadin\/wp-content\/uploads\/Sera-Kutlubey-kimdir-7.jpg 1208w\" sizes=\"(max-width: 1208px) 100vw, 1208px\" \/><\/p>\n<hr \/>\n<p>2019 ve 2020 y\u0131llar\u0131 aras\u0131nda Kanal D ekranlar\u0131nda seyirci ile bulu\u015fan \u2018Zalim \u0130stanbul\u2019 dizisinde \u2018Cemre Y\u0131lmaz\u2019 karakterini oynayan Sera Kutlubey, bu diziyle pop\u00fclerli\u011fini art\u0131rd\u0131. Ba\u015far\u0131l\u0131 oyunculuk kariyerinin yan\u0131 s\u0131ra yazarl\u0131k kariyeriyle de dikkatleri \u00fczerine \u00e7eken Kutlubey, ilk roman\u0131 \u2018Pl\u00fcton&#8217;un D\u00fc\u015f&#8217;\u00fc\u015f\u00fc\u2019n\u00fc 2022 y\u0131l\u0131nda yay\u0131nlad\u0131.<\/p>\n<p><img loading=\"lazy\" decoding=\"async\" class=\"alignnone wp-image-208272\" src=\"https:\/\/www.tgrthaber.com\/mavikadin\/wp-content\/uploads\/Sera-Kutlubey-kimdir-1-1024x576.jpg\" alt=\"Sera Kutlubey kimdir ka\u00e7 ya\u015f\u0131nda? Sera Kutlubey hangi dizilerde oynad\u0131?\" width=\"1208\" height=\"680\" title=\"\" srcset=\"https:\/\/www.tgrthaber.com\/mavikadin\/wp-content\/uploads\/Sera-Kutlubey-kimdir-1-1024x576.jpg 1024w, https:\/\/www.tgrthaber.com\/mavikadin\/wp-content\/uploads\/Sera-Kutlubey-kimdir-1-300x169.jpg 300w, https:\/\/www.tgrthaber.com\/mavikadin\/wp-content\/uploads\/Sera-Kutlubey-kimdir-1-768x432.jpg 768w, https:\/\/www.tgrthaber.com\/mavikadin\/wp-content\/uploads\/Sera-Kutlubey-kimdir-1.jpg 1208w\" sizes=\"(max-width: 1208px) 100vw, 1208px\" \/><\/p>\n<hr \/>\n<h3>SERA KUTLUBEY HANG\u0130 D\u0130Z\u0130LERDE OYNADI?<\/h3>\n<p>Zalim \u0130stanbul dizisinde oynad\u0131\u011f\u0131 \u2018Cemre Y\u0131lmaz\u2019 karakteriyle haf\u0131zlara kaz\u0131nan Sera Kutlubey, daha sonra bir\u00e7ok ba\u015far\u0131l\u0131 projede rol almay\u0131 ba\u015fard\u0131. \u015eimdilerde Kanal D ekranlar\u0131nda izleyici kar\u015f\u0131s\u0131nda \u00e7\u0131kan \u2018\u0130nci Taneleri\u2019 dizisinde \u2018Nehir Y\u00fcceda\u011f\u2019 karakteriyle seyirci kar\u015f\u0131s\u0131na \u00e7\u0131kan Kutlubey, ba\u015far\u0131l\u0131 oyunculuk kariyerini s\u00fcrd\u00fcr\u00fcyor.<\/p>\n<p><img loading=\"lazy\" decoding=\"async\" class=\"alignnone wp-image-208273\" src=\"https:\/\/www.tgrthaber.com\/mavikadin\/wp-content\/uploads\/Sera-Kutlubey-kimdir-3-1024x576.jpg\" alt=\"Sera Kutlubey kimdir ka\u00e7 ya\u015f\u0131nda? Sera Kutlubey hangi dizilerde oynad\u0131?\" width=\"1208\" height=\"680\" title=\"\" srcset=\"https:\/\/www.tgrthaber.com\/mavikadin\/wp-content\/uploads\/Sera-Kutlubey-kimdir-3-1024x576.jpg 1024w, https:\/\/www.tgrthaber.com\/mavikadin\/wp-content\/uploads\/Sera-Kutlubey-kimdir-3-300x169.jpg 300w, https:\/\/www.tgrthaber.com\/mavikadin\/wp-content\/uploads\/Sera-Kutlubey-kimdir-3-768x432.jpg 768w, https:\/\/www.tgrthaber.com\/mavikadin\/wp-content\/uploads\/Sera-Kutlubey-kimdir-3.jpg 1208w\" sizes=\"(max-width: 1208px) 100vw, 1208px\" \/><\/p>\n<hr \/>\n<p><strong>\u0130\u015fte Sera Kutlubey\u2019in rol ald\u0131\u011f\u0131 diziler:<\/strong><\/p>\n<p>Kehribar \u2013 Gen\u00e7 Leyla<\/p>\n<p>Babam ve Ailesi \u2013 Hasret<\/p>\n<p>\u0130simsizler \u2013 Seher<\/p>\n<p>Zalim \u0130stanbul \u2013 Cemre Y\u0131lmaz<\/p>\n<p>Hercai \u2013 Azra<\/p>\n<p>\u0130yilik \u2013 Damla Din\u00e7er<\/p>\n<p>Ad\u0131m Farah \u2013 Merjan Azadi<\/p>\n<p>\u0130nci Taneleri \u2013 Nehir Y\u00fcceda\u011f<\/p>\n","protected":false},"excerpt":{"rendered":"<p>Zalim \u0130stanbul dizisiyle ad\u0131n\u0131 geni\u015f kitlelere duyuran Sera Kutlubey\u2019in kim oldu\u011fu merakla ara\u015ft\u0131r\u0131l\u0131yor. Peki, Sera Kutlubey kimdir, ka\u00e7 ya\u015f\u0131nda? Sera Kutlubey hangi dizilerde oynad\u0131? \u0130\u015fte detaylar\u2026<\/p>\n","protected":false},"author":26,"featured_media":208267,"comment_status":"closed","ping_status":"closed","sticky":false,"template":"","format":"standard","meta":{"rank_math_lock_modified_date":false,"footnotes":""},"categories":[491],"tags":[3374,16521,6024,28983,28811],"class_list":["post-208264","post","type-post","status-publish","format-standard","has-post-thumbnail","hentry","category-biyografi","tag-biyografi","tag-biyografi-haberleri","tag-sera-kutlubey","tag-sera-kutlubey-kimdir","tag-zalim-istanbul"],"_links":{"self":[{"href":"https:\/\/www.tgrthaber.com\/mavikadin\/wp-json\/wp\/v2\/posts\/208264"}],"collection":[{"href":"https:\/\/www.tgrthaber.com\/mavikadin\/wp-json\/wp\/v2\/posts"}],"about":[{"href":"https:\/\/www.tgrthaber.com\/mavikadin\/wp-json\/wp\/v2\/types\/post"}],"author":[{"embeddable":true,"href":"https:\/\/www.tgrthaber.com\/mavikadin\/wp-json\/wp\/v2\/users\/26"}],"replies":[{"embeddable":true,"href":"https:\/\/www.tgrthaber.com\/mavikadin\/wp-json\/wp\/v2\/comments?post=208264"}],"version-history":[{"count":4,"href":"https:\/\/www.tgrthaber.com\/mavikadin\/wp-json\/wp\/v2\/posts\/208264\/revisions"}],"predecessor-version":[{"id":208285,"href":"https:\/\/www.tgrthaber.com\/mavikadin\/wp-json\/wp\/v2\/posts\/208264\/revisions\/208285"}],"wp:featuredmedia":[{"embeddable":true,"href":"https:\/\/www.tgrthaber.com\/mavikadin\/wp-json\/wp\/v2\/media\/208267"}],"wp:attachment":[{"href":"https:\/\/www.tgrthaber.com\/mavikadin\/wp-json\/wp\/v2\/media?parent=208264"}],"wp:term":[{"taxonomy":"category","embeddable":true,"href":"https:\/\/www.tgrthaber.com\/mavikadin\/wp-json\/wp\/v2\/categories?post=208264"},{"taxonomy":"post_tag","embeddable":true,"href":"https:\/\/www.tgrthaber.com\/mavikadin\/wp-json\/wp\/v2\/tags?post=208264"}],"curies":[{"name":"wp","href":"https:\/\/api.w.org\/{rel}","templated":true}]}}