{"id":208265,"date":"2025-07-21T16:03:46","date_gmt":"2025-07-21T13:03:46","guid":{"rendered":"https:\/\/www.tgrthaber.com\/mavikadin\/?p=208265"},"modified":"2025-07-22T00:38:29","modified_gmt":"2025-07-21T21:38:29","slug":"masterchef-21-temmuz-2025-ana-kadroya-giren-10-yarismaci-kim-oldu-21-temmuz-2025-masterchef-ana-kadroya-giren-10-yarismaci","status":"publish","type":"post","link":"https:\/\/www.tgrthaber.com\/mavikadin\/masterchef-21-temmuz-2025-ana-kadroya-giren-10-yarismaci-kim-oldu-21-temmuz-2025-masterchef-ana-kadroya-giren-10-yarismaci\/","title":{"rendered":"MasterChef 21 Temmuz 2025 ana kadroya giren 10. yar\u0131\u015fmac\u0131 kim oldu? 21 Temmuz 2025 MasterChef ana kadroya giren 10. yar\u0131\u015fmac\u0131"},"content":{"rendered":"<p>Ekranlar\u0131n sevilerek seyredilen yar\u0131\u015fma program\u0131 MasterChef T\u00fcrkiye&#8217;de ana kadro sava\u015flar\u0131nda sonlara yakla\u015f\u0131ld\u0131. Ana kadronun belirlenmeye ba\u015flad\u0131\u011f\u0131 programda heyecan dorukta. Son olarak 9. yar\u0131\u015fmac\u0131n\u0131n a\u00e7\u0131kland\u0131\u011f\u0131 programda g\u00f6zler \u015fimdi 10. yar\u0131\u015fmac\u0131ya \u00e7evrildi. MasterChef T\u00fcrkiye&#8217;de ana kadroya giren 9. yar\u0131\u015fmac\u0131 Ayten Saner olmu\u015ftu. 21 Temmuz 2025 ana kadroya giren 10. yar\u0131\u015fmac\u0131 a\u00e7\u0131kland\u0131. MasterChef izleyicileri MasterChef ana kadroya giren 10. yar\u0131\u015fmac\u0131n\u0131n kim oldu\u011funu ara\u015ft\u0131rmaya ba\u015flad\u0131. \u0130\u015fte detaylar&#8230;<\/p>\n<h3>MASTERCHEF ANA KADRO SAVA\u015eLARI TAM GAZ DEVAM ED\u0130YOR<\/h3>\n<p>TV8 ekranlar\u0131n\u0131n sevilen yemek yar\u0131\u015fmas\u0131 program\u0131 MasterChef T\u00fcrkiye&#8217;de heyecan dorukta! Yeni sezon tam gaz devam ediyor. \u00dc\u00e7l\u00fc d\u00fcellolar\u0131n sona erdi\u011fi yar\u0131\u015fmada \u015fimdi, yar\u0131\u015fmac\u0131lar ana kadroya girebilmek i\u00e7in ter d\u00f6k\u00fcyor. D\u00fcn ak\u015fam yay\u0131nlanan programda Ayten Saner, en g\u00fczel ta\u015f kaday\u0131f\u0131 yaparak, MasterChef ana kadroya giren 9. yar\u0131\u015fmac\u0131 oldu.<\/p>\n<p><img loading=\"lazy\" decoding=\"async\" class=\"alignnone wp-image-208286 size-large\" src=\"https:\/\/www.tgrthaber.com\/mavikadin\/wp-content\/uploads\/Ekran-Resmi-2025-07-21-15.54.01-1024x579.png\" alt=\"\" width=\"1024\" height=\"579\" title=\"\" srcset=\"https:\/\/www.tgrthaber.com\/mavikadin\/wp-content\/uploads\/Ekran-Resmi-2025-07-21-15.54.01-1024x579.png 1024w, https:\/\/www.tgrthaber.com\/mavikadin\/wp-content\/uploads\/Ekran-Resmi-2025-07-21-15.54.01-300x170.png 300w, https:\/\/www.tgrthaber.com\/mavikadin\/wp-content\/uploads\/Ekran-Resmi-2025-07-21-15.54.01-768x434.png 768w, https:\/\/www.tgrthaber.com\/mavikadin\/wp-content\/uploads\/Ekran-Resmi-2025-07-21-15.54.01.png 1036w\" sizes=\"(max-width: 1024px) 100vw, 1024px\" \/><\/p>\n<hr \/>\n<p>MasterChef hayallerine bir ad\u0131m daha yakla\u015fan Ayten Saner&#8217;in s\u00f6zleri de sosyal medyada \u00e7ok konu\u015fuldu. Ayten Saner, &#8216;K\u00fc\u00e7\u00fck ya\u015fta \u00e7al\u0131\u015fmaya ba\u015flad\u0131m. 10 ya\u015f\u0131nda annem 5 tane \u00e7ocu\u011fu kuca\u011f\u0131ma b\u0131rakt\u0131. En k\u00fc\u00e7\u00fc\u011f\u00fc 2 ayl\u0131kt\u0131. Benim bunu anlatmam\u0131n sebebi, benim gibi olan kad\u0131nlar\u0131n ayakta kalmas\u0131n\u0131 sa\u011flamak. Herkese \u00e7ok te\u015fekk\u00fcr ediyorum. T\u00fcm arkada\u015flar\u0131ma, \u00e7ocuklar\u0131ma. Onlar benim \u00e7ocu\u011fum ya\u015f\u0131nda. Her ne kadar beni hocalar\u0131 olarak g\u00f6rmeseler de&#8217; s\u00f6zleri ile dikkat \u00e7ekti.<\/p>\n<p><img loading=\"lazy\" decoding=\"async\" class=\"alignnone wp-image-208288 size-full\" src=\"https:\/\/www.tgrthaber.com\/mavikadin\/wp-content\/uploads\/Ekran-Resmi-2025-07-21-15.54.51.png\" alt=\"\" width=\"1016\" height=\"586\" title=\"\" srcset=\"https:\/\/www.tgrthaber.com\/mavikadin\/wp-content\/uploads\/Ekran-Resmi-2025-07-21-15.54.51.png 1016w, https:\/\/www.tgrthaber.com\/mavikadin\/wp-content\/uploads\/Ekran-Resmi-2025-07-21-15.54.51-300x173.png 300w, https:\/\/www.tgrthaber.com\/mavikadin\/wp-content\/uploads\/Ekran-Resmi-2025-07-21-15.54.51-768x443.png 768w\" sizes=\"(max-width: 1016px) 100vw, 1016px\" \/><\/p>\n<hr \/>\n<h3>MASTERCHEF 21 TEMMUZ 2025 ANA KADROYA G\u0130REN 10. YARI\u015eMACI K\u0130M OLDU?<\/h3>\n<p>MasterChef 21 Temmuz 2025 ana kadroya giren 10. yar\u0131\u015fmac\u0131 \u00c7a\u011flar \u00d6z oldu.<\/p>\n<p><img loading=\"lazy\" decoding=\"async\" class=\"alignnone wp-image-208503 size-large\" src=\"https:\/\/www.tgrthaber.com\/mavikadin\/wp-content\/uploads\/Ekran-Resmi-2025-07-22-00.20.15-1024x609.png\" alt=\"\" width=\"1024\" height=\"609\" title=\"\" srcset=\"https:\/\/www.tgrthaber.com\/mavikadin\/wp-content\/uploads\/Ekran-Resmi-2025-07-22-00.20.15-1024x609.png 1024w, https:\/\/www.tgrthaber.com\/mavikadin\/wp-content\/uploads\/Ekran-Resmi-2025-07-22-00.20.15-300x179.png 300w, https:\/\/www.tgrthaber.com\/mavikadin\/wp-content\/uploads\/Ekran-Resmi-2025-07-22-00.20.15-768x457.png 768w, https:\/\/www.tgrthaber.com\/mavikadin\/wp-content\/uploads\/Ekran-Resmi-2025-07-22-00.20.15.png 1472w\" sizes=\"(max-width: 1024px) 100vw, 1024px\" \/><\/p>\n<hr \/>\n<h3 class=\"p2\"><b>MASTERCHEF 2025 ANA KADRODA K\u0130MLER VAR?<br \/>\n<\/b><\/h3>\n<p class=\"p1\">\u00a0Ada Kadroya Giren 1. Yar\u0131\u015fmac\u0131: Furkan<\/p>\n<p class=\"p1\">Ana Kadroya Giren 2. Yar\u0131\u015fmac\u0131: Eyl\u00fcl<\/p>\n<p class=\"p1\">Ana Kadroya Giren 3. Yar\u0131\u015fmac\u0131: \u00c7a\u011fatay<\/p>\n<p class=\"p1\">4. Yar\u0131\u015fmac\u0131: Onur<\/p>\n<p><img loading=\"lazy\" decoding=\"async\" class=\"alignnone wp-image-208289 size-large\" src=\"https:\/\/www.tgrthaber.com\/mavikadin\/wp-content\/uploads\/Ekran-Resmi-2025-07-21-15.53.55-1024x630.png\" alt=\"\" width=\"1024\" height=\"630\" title=\"\" srcset=\"https:\/\/www.tgrthaber.com\/mavikadin\/wp-content\/uploads\/Ekran-Resmi-2025-07-21-15.53.55-1024x630.png 1024w, https:\/\/www.tgrthaber.com\/mavikadin\/wp-content\/uploads\/Ekran-Resmi-2025-07-21-15.53.55-300x185.png 300w, https:\/\/www.tgrthaber.com\/mavikadin\/wp-content\/uploads\/Ekran-Resmi-2025-07-21-15.53.55-768x473.png 768w, https:\/\/www.tgrthaber.com\/mavikadin\/wp-content\/uploads\/Ekran-Resmi-2025-07-21-15.53.55.png 1030w\" sizes=\"(max-width: 1024px) 100vw, 1024px\" \/><\/p>\n<hr \/>\n<p class=\"p1\">5. Yar\u0131\u015fmac\u0131: Hilal<\/p>\n<p class=\"p2\">6. Yar\u0131\u015fmac\u0131: Sercan<\/p>\n<p>7. Yar\u0131\u015fmac\u0131 Ayla<br \/>\n8. Yar\u0131\u015fmac\u0131 \u0130hsan Yi\u011fit<\/p>\n<p>9. Yar\u0131\u015fmac\u0131 Ayten<\/p>\n<p><img loading=\"lazy\" decoding=\"async\" class=\"alignnone wp-image-208290 size-full\" src=\"https:\/\/www.tgrthaber.com\/mavikadin\/wp-content\/uploads\/Ekran-Resmi-2025-07-21-15.57.30.png\" alt=\"\" width=\"990\" height=\"512\" title=\"\" srcset=\"https:\/\/www.tgrthaber.com\/mavikadin\/wp-content\/uploads\/Ekran-Resmi-2025-07-21-15.57.30.png 990w, https:\/\/www.tgrthaber.com\/mavikadin\/wp-content\/uploads\/Ekran-Resmi-2025-07-21-15.57.30-300x155.png 300w, https:\/\/www.tgrthaber.com\/mavikadin\/wp-content\/uploads\/Ekran-Resmi-2025-07-21-15.57.30-768x397.png 768w\" sizes=\"(max-width: 990px) 100vw, 990px\" \/><\/p>\n<hr \/>\n<h3 class=\"p1\"><b>YILLARA G\u00d6RE MASTERCHEF \u015eAMP\u0130YONLARI<\/b><\/h3>\n<p class=\"p1\">Masterchef ilk sezonunda birinci olan isim Muzaffer \u015eenduran olmu\u015ftu.<\/p>\n<p>2018 MasterChef T\u00fcrkiye \u015fampiyonu<span class=\"Apple-converted-space\">\u00a0 <\/span>U\u011fur Karda\u015f olmu\u015ftu.<\/p>\n<p>Masterchef T\u00fcrkiye&#8217;nin ilk kad\u0131n \u015fampiyonu 2018 sezonunda Cemre Uyan\u0131k olmu\u015ftu.<\/p>\n<p><img loading=\"lazy\" decoding=\"async\" class=\"alignnone wp-image-208301 size-large\" src=\"https:\/\/www.tgrthaber.com\/mavikadin\/wp-content\/uploads\/Ekran-Resmi-2025-07-21-16.02.33-1024x615.png\" alt=\"\" width=\"1024\" height=\"615\" title=\"\" srcset=\"https:\/\/www.tgrthaber.com\/mavikadin\/wp-content\/uploads\/Ekran-Resmi-2025-07-21-16.02.33-1024x615.png 1024w, https:\/\/www.tgrthaber.com\/mavikadin\/wp-content\/uploads\/Ekran-Resmi-2025-07-21-16.02.33-300x180.png 300w, https:\/\/www.tgrthaber.com\/mavikadin\/wp-content\/uploads\/Ekran-Resmi-2025-07-21-16.02.33-768x461.png 768w, https:\/\/www.tgrthaber.com\/mavikadin\/wp-content\/uploads\/Ekran-Resmi-2025-07-21-16.02.33.png 1036w\" sizes=\"(max-width: 1024px) 100vw, 1024px\" \/><\/p>\n<hr \/>\n<p class=\"p1\">Masterchef 2021&#8217;in \u015fampiyonu Eren Ka\u015f\u0131k\u00e7\u0131 olmu\u015ftu.<\/p>\n<p class=\"p1\">Masterchef All Star 2023 \u015fampiyonu Esra Tokelli olmu\u015ftu.<\/p>\n<p>MasterChef T\u00fcrkiye 2024 \u015eampiyonu Onur \u00dcresin olmu\u015ftu.<\/p>\n<h3 class=\"p2\"><\/h3>\n","protected":false},"excerpt":{"rendered":"<p>MasterChef&#8217;te ana kadro heyecan\u0131 devam ediyor. Ana kadroya giren 10. yar\u0131\u015fmac\u0131 bu ak\u015fam a\u00e7\u0131klanacak. \u0130zleyiciler, &#8216;MasterChef ana kadroya giren 10. yar\u0131\u015fmac\u0131 kim oldu?&#8217; sorusunun cevab\u0131n\u0131 ara\u015ft\u0131r\u0131yor. \u0130\u015fte detaylar.. <\/p>\n","protected":false},"author":16,"featured_media":208296,"comment_status":"closed","ping_status":"closed","sticky":false,"template":"","format":"standard","meta":{"rank_math_lock_modified_date":false,"footnotes":""},"categories":[76],"tags":[133,2218,28987,28986,26982],"class_list":["post-208265","post","type-post","status-publish","format-standard","has-post-thumbnail","hentry","category-magazin","tag-magazin","tag-magazin-haberleri","tag-masterchef-21-temmuz-2025-ana-kadroya-giren-10-isim-kim","tag-masterchef-21-temmuz-2025-ana-kadroya-giren-10-yarismaci-kim","tag-masterchef-haberleri"],"_links":{"self":[{"href":"https:\/\/www.tgrthaber.com\/mavikadin\/wp-json\/wp\/v2\/posts\/208265"}],"collection":[{"href":"https:\/\/www.tgrthaber.com\/mavikadin\/wp-json\/wp\/v2\/posts"}],"about":[{"href":"https:\/\/www.tgrthaber.com\/mavikadin\/wp-json\/wp\/v2\/types\/post"}],"author":[{"embeddable":true,"href":"https:\/\/www.tgrthaber.com\/mavikadin\/wp-json\/wp\/v2\/users\/16"}],"replies":[{"embeddable":true,"href":"https:\/\/www.tgrthaber.com\/mavikadin\/wp-json\/wp\/v2\/comments?post=208265"}],"version-history":[{"count":6,"href":"https:\/\/www.tgrthaber.com\/mavikadin\/wp-json\/wp\/v2\/posts\/208265\/revisions"}],"predecessor-version":[{"id":208507,"href":"https:\/\/www.tgrthaber.com\/mavikadin\/wp-json\/wp\/v2\/posts\/208265\/revisions\/208507"}],"wp:featuredmedia":[{"embeddable":true,"href":"https:\/\/www.tgrthaber.com\/mavikadin\/wp-json\/wp\/v2\/media\/208296"}],"wp:attachment":[{"href":"https:\/\/www.tgrthaber.com\/mavikadin\/wp-json\/wp\/v2\/media?parent=208265"}],"wp:term":[{"taxonomy":"category","embeddable":true,"href":"https:\/\/www.tgrthaber.com\/mavikadin\/wp-json\/wp\/v2\/categories?post=208265"},{"taxonomy":"post_tag","embeddable":true,"href":"https:\/\/www.tgrthaber.com\/mavikadin\/wp-json\/wp\/v2\/tags?post=208265"}],"curies":[{"name":"wp","href":"https:\/\/api.w.org\/{rel}","templated":true}]}}