{"id":208269,"date":"2025-07-21T15:49:36","date_gmt":"2025-07-21T12:49:36","guid":{"rendered":"https:\/\/www.tgrthaber.com\/mavikadin\/?p=208269"},"modified":"2025-07-21T16:02:05","modified_gmt":"2025-07-21T13:02:05","slug":"deniz-ugur-bahar-sahin-ve-mine-tugay-savasinda-kimi-savundu-deniz-ugur-kimi-hedef-gosterdi","status":"publish","type":"post","link":"https:\/\/www.tgrthaber.com\/mavikadin\/deniz-ugur-bahar-sahin-ve-mine-tugay-savasinda-kimi-savundu-deniz-ugur-kimi-hedef-gosterdi\/","title":{"rendered":"Deniz U\u011fur Bahar \u015eahin ve Mine Tugay sava\u015f\u0131nda kimi savundu? Deniz U\u011fur kimi hedef g\u00f6sterdi?"},"content":{"rendered":"<p>2019-2020 y\u0131llar\u0131 aras\u0131nda Kanal D ekranlar\u0131nda yay\u0131nlanan \u2018Zalim \u0130stanbul\u2019 dizisi,\u00a0 g\u00fc\u00e7l\u00fc oyuncu kadrosuyla b\u00fcy\u00fck ses getirmi\u015f, reytinglerde uzun s\u00fcre \u00fcst s\u0131ralarda yer alm\u0131\u015ft\u0131. Ba\u015frollerini Mine Tugay, Fikret Ku\u015fkan, Bahar \u015eahin, Deniz U\u011fur gibi isimlerin payla\u015ft\u0131\u011f\u0131 dizi, \u00e7ekimleri esnas\u0131nda mobing ya\u015fand\u0131\u011f\u0131 iddialar\u0131 ile yeniden g\u00fcndemde. Dizinin oyuncular\u0131ndan Bahar \u015eahin, konuk oldu\u011fu Arya Bekta\u015f\u2019\u0131n Youtube program\u0131nda Zalim \u0130stanbul dizisi setinde kad\u0131n bir oyuncu taraf\u0131ndan mobinge maruz kald\u0131\u011f\u0131n\u0131 a\u00e7\u0131klad\u0131. Sosyal medyada baz\u0131 kullan\u0131c\u0131lar Bahar \u015eahin\u2019e mobing uygulayan ki\u015finin Mine Tugay oldu\u011funu iddia etti. Mine Tugay, bu su\u00e7lamalar\u0131 kesinlikle redderken olaya dizinin oyuncular\u0131ndan Deniz U\u011fur da kat\u0131ld\u0131. Deniz U\u011fur Bahar \u015eahin ve Mine Tugay sava\u015f\u0131nda kimi savundu? Deniz U\u011fur kimi hedef g\u00f6sterdi?<\/p>\n<h3>DEN\u0130Z U\u011eUR BAHAR \u015eAH\u0130N VE M\u0130NE TUGAY SAVA\u015eINDA K\u0130M\u0130 SAVUNDU?<\/h3>\n<p>Bahar \u015eahin\u2019in kat\u0131ld\u0131\u011f\u0131 Youtube program\u0131nda Zalim \u0130stanbul dizisinde mobinge u\u011frad\u0131\u011f\u0131n\u0131 iddia etmesi \u00fczerine, olay\u0131n muhattab\u0131 oldu\u011fu d\u00fc\u015f\u00fcn\u00fclen Mine Tugay\u2019dan cevap geldi. Mine Tugay mobing uygulad\u0131\u011f\u0131 iddias\u0131n\u0131 kesin bir dille yalanlad\u0131.<\/p>\n<p><img loading=\"lazy\" decoding=\"async\" class=\"size-full wp-image-208276 aligncenter\" src=\"https:\/\/www.tgrthaber.com\/mavikadin\/wp-content\/uploads\/deniz-ugur-bahar-sahin-ve-mine-tugay-savasinda-kimi-savundu-deniz-ugur-kimi-hedef-gosterdi-3.jpg\" alt=\"\" width=\"1208\" height=\"680\" title=\"\" srcset=\"https:\/\/www.tgrthaber.com\/mavikadin\/wp-content\/uploads\/deniz-ugur-bahar-sahin-ve-mine-tugay-savasinda-kimi-savundu-deniz-ugur-kimi-hedef-gosterdi-3.jpg 1208w, https:\/\/www.tgrthaber.com\/mavikadin\/wp-content\/uploads\/deniz-ugur-bahar-sahin-ve-mine-tugay-savasinda-kimi-savundu-deniz-ugur-kimi-hedef-gosterdi-3-300x169.jpg 300w, https:\/\/www.tgrthaber.com\/mavikadin\/wp-content\/uploads\/deniz-ugur-bahar-sahin-ve-mine-tugay-savasinda-kimi-savundu-deniz-ugur-kimi-hedef-gosterdi-3-1024x576.jpg 1024w, https:\/\/www.tgrthaber.com\/mavikadin\/wp-content\/uploads\/deniz-ugur-bahar-sahin-ve-mine-tugay-savasinda-kimi-savundu-deniz-ugur-kimi-hedef-gosterdi-3-768x432.jpg 768w\" sizes=\"(max-width: 1208px) 100vw, 1208px\" \/><\/p>\n<hr \/>\n<p>T\u00fcm bu ya\u015fananlara Zalim \u0130stanbul\u2019un oyuncular\u0131ndan Deniz U\u011fur da kat\u0131ld\u0131.<\/p>\n<p><img loading=\"lazy\" decoding=\"async\" class=\"size-full wp-image-208282 aligncenter\" src=\"https:\/\/www.tgrthaber.com\/mavikadin\/wp-content\/uploads\/deniz-ugur-bahar-sahin-ve-mine-tugay-savasinda-kimi-savundu-deniz-ugur-kimi-hedef-gosterdi-4.jpg\" alt=\"\" width=\"1208\" height=\"680\" title=\"\" srcset=\"https:\/\/www.tgrthaber.com\/mavikadin\/wp-content\/uploads\/deniz-ugur-bahar-sahin-ve-mine-tugay-savasinda-kimi-savundu-deniz-ugur-kimi-hedef-gosterdi-4.jpg 1208w, https:\/\/www.tgrthaber.com\/mavikadin\/wp-content\/uploads\/deniz-ugur-bahar-sahin-ve-mine-tugay-savasinda-kimi-savundu-deniz-ugur-kimi-hedef-gosterdi-4-300x169.jpg 300w, https:\/\/www.tgrthaber.com\/mavikadin\/wp-content\/uploads\/deniz-ugur-bahar-sahin-ve-mine-tugay-savasinda-kimi-savundu-deniz-ugur-kimi-hedef-gosterdi-4-1024x576.jpg 1024w, https:\/\/www.tgrthaber.com\/mavikadin\/wp-content\/uploads\/deniz-ugur-bahar-sahin-ve-mine-tugay-savasinda-kimi-savundu-deniz-ugur-kimi-hedef-gosterdi-4-768x432.jpg 768w\" sizes=\"(max-width: 1208px) 100vw, 1208px\" \/><\/p>\n<hr \/>\n<p>U\u011fur, sosyal medya hesab\u0131ndan Bahar \u015eahin\u2019i destekleyerek \u201cBu \u00e7ocuk koskoca dizide en \u00e7ok konu\u015fulan karakteri oynad\u0131 ve hayatta tek ba\u015f\u0131na ayakta duruyor. U\u011fra\u015fmay\u0131n, fena yapar\u0131m&#8217; yaz\u0131s\u0131 ile taraf\u0131n\u0131 belli etti. \u00a0<img loading=\"lazy\" decoding=\"async\" class=\"alignnone size-full wp-image-208279\" src=\"https:\/\/www.tgrthaber.com\/mavikadin\/wp-content\/uploads\/deniz-ugur-bahar-sahin-ve-mine-tugay-savasinda-kimi-savundu-deniz-ugur-kimi-hedef-gosterdi-5.jpg\" alt=\"\" width=\"1208\" height=\"680\" title=\"\" srcset=\"https:\/\/www.tgrthaber.com\/mavikadin\/wp-content\/uploads\/deniz-ugur-bahar-sahin-ve-mine-tugay-savasinda-kimi-savundu-deniz-ugur-kimi-hedef-gosterdi-5.jpg 1208w, https:\/\/www.tgrthaber.com\/mavikadin\/wp-content\/uploads\/deniz-ugur-bahar-sahin-ve-mine-tugay-savasinda-kimi-savundu-deniz-ugur-kimi-hedef-gosterdi-5-300x169.jpg 300w, https:\/\/www.tgrthaber.com\/mavikadin\/wp-content\/uploads\/deniz-ugur-bahar-sahin-ve-mine-tugay-savasinda-kimi-savundu-deniz-ugur-kimi-hedef-gosterdi-5-1024x576.jpg 1024w, https:\/\/www.tgrthaber.com\/mavikadin\/wp-content\/uploads\/deniz-ugur-bahar-sahin-ve-mine-tugay-savasinda-kimi-savundu-deniz-ugur-kimi-hedef-gosterdi-5-768x432.jpg 768w\" sizes=\"(max-width: 1208px) 100vw, 1208px\" \/><\/p>\n<p>U\u011fur, bu s\u00f6zlerle yetinmeyip bir payla\u015f\u0131m daha yaparak \u015fu s\u00f6zleri payla\u015ft\u0131. \u201cKanal\u0131n genel m\u00fcd\u00fcr\u00fcyle sevgili olup senaryoyu kendi k\u00f6t\u00fc karakterinin eksenine d\u00f6nd\u00fcr\u00fcp seyirciyi diziden so\u011futan ruh hastalar\u0131n\u0131 da g\u00f6rd\u00fck mesela. Torpilli olanlar tabii ki birbirini kollar ama Bahar\u2019\u0131n arkas\u0131nda torpil yoktu. Sinsi de\u011fildir, i\u00e7i d\u0131\u015f\u0131 biridir. Sak\u0131n konuyu uzat\u0131p beni konu\u015fturmay\u0131n. \u00c7\u00fcnk\u00fc sekt\u00f6rel ele\u015ftiri en sevdi\u011fim \u015feydir ve ba\u015fkalar\u0131 gibi \u00e7ekinmem.\u201d<\/p>\n<p><img loading=\"lazy\" decoding=\"async\" class=\"size-full wp-image-208280 aligncenter\" src=\"https:\/\/www.tgrthaber.com\/mavikadin\/wp-content\/uploads\/deniz-ugur-bahar-sahin-ve-mine-tugay-savasinda-kimi-savundu-deniz-ugur-kimi-hedef-gosterdi-2.jpg\" alt=\"\" width=\"1208\" height=\"680\" title=\"\" srcset=\"https:\/\/www.tgrthaber.com\/mavikadin\/wp-content\/uploads\/deniz-ugur-bahar-sahin-ve-mine-tugay-savasinda-kimi-savundu-deniz-ugur-kimi-hedef-gosterdi-2.jpg 1208w, https:\/\/www.tgrthaber.com\/mavikadin\/wp-content\/uploads\/deniz-ugur-bahar-sahin-ve-mine-tugay-savasinda-kimi-savundu-deniz-ugur-kimi-hedef-gosterdi-2-300x169.jpg 300w, https:\/\/www.tgrthaber.com\/mavikadin\/wp-content\/uploads\/deniz-ugur-bahar-sahin-ve-mine-tugay-savasinda-kimi-savundu-deniz-ugur-kimi-hedef-gosterdi-2-1024x576.jpg 1024w, https:\/\/www.tgrthaber.com\/mavikadin\/wp-content\/uploads\/deniz-ugur-bahar-sahin-ve-mine-tugay-savasinda-kimi-savundu-deniz-ugur-kimi-hedef-gosterdi-2-768x432.jpg 768w\" sizes=\"(max-width: 1208px) 100vw, 1208px\" \/><\/p>\n<hr \/>\n<h3>DEN\u0130Z U\u011eUR K\u0130M\u0130 HEDEF G\u00d6STERD\u0130?<\/h3>\n<p>Deniz U\u011fur\u2019un instagram hesab\u0131ndan yapt\u0131\u011f\u0131 payla\u015f\u0131mda, &#8220;Senaryoyu kendi k\u00f6t\u00fc karakterinin eksenine d\u00f6nd\u00fcr\u00fcp seyirciyi diziden so\u011futan ruh hastalar\u0131n\u0131 da g\u00f6rd\u00fck mesela\u201d s\u00f6zleri ile kimi hedef g\u00f6sterdi\u011fi, hedefin tekrar Mine Tugay olup olmad\u0131\u011f\u0131 merak ediliyor.<\/p>\n<p><img loading=\"lazy\" decoding=\"async\" class=\"size-full wp-image-208281 aligncenter\" src=\"https:\/\/www.tgrthaber.com\/mavikadin\/wp-content\/uploads\/deniz-ugur-bahar-sahin-ve-mine-tugay-savasinda-kimi-savundu-deniz-ugur-kimi-hedef-gosterdi-6.jpg\" alt=\"\" width=\"1208\" height=\"680\" title=\"\" srcset=\"https:\/\/www.tgrthaber.com\/mavikadin\/wp-content\/uploads\/deniz-ugur-bahar-sahin-ve-mine-tugay-savasinda-kimi-savundu-deniz-ugur-kimi-hedef-gosterdi-6.jpg 1208w, https:\/\/www.tgrthaber.com\/mavikadin\/wp-content\/uploads\/deniz-ugur-bahar-sahin-ve-mine-tugay-savasinda-kimi-savundu-deniz-ugur-kimi-hedef-gosterdi-6-300x169.jpg 300w, https:\/\/www.tgrthaber.com\/mavikadin\/wp-content\/uploads\/deniz-ugur-bahar-sahin-ve-mine-tugay-savasinda-kimi-savundu-deniz-ugur-kimi-hedef-gosterdi-6-1024x576.jpg 1024w, https:\/\/www.tgrthaber.com\/mavikadin\/wp-content\/uploads\/deniz-ugur-bahar-sahin-ve-mine-tugay-savasinda-kimi-savundu-deniz-ugur-kimi-hedef-gosterdi-6-768x432.jpg 768w\" sizes=\"(max-width: 1208px) 100vw, 1208px\" \/><\/p>\n<hr \/>\n<p>Bakal\u0131m Tugay, Deniz U\u011fur\u2019un bu s\u00f6zlerine cevap verecek mi?<\/p>\n","protected":false},"excerpt":{"rendered":"<p>Oyuncu Bahar \u015eahin, ge\u00e7ti\u011fimiz g\u00fcnlerde Arya Bekta\u015f&#8217;\u0131n Youtube kanal\u0131na konuk olmu\u015f, programda g\u00fcndem olacak a\u00e7\u0131klamalarda bulunmu\u015ftu. \u015eahin, Zalim \u0130stanbul setinde \u00e7al\u0131\u015f\u0131rken bir kad\u0131n oyuncu taraf\u0131ndan psikolojik ve fiziksel \u015fiddete varan mobinge u\u011frad\u0131\u011f\u0131n\u0131 iddia etti. \u0130ddia edilen ki\u015finin Mine Tugay oldu\u011fu kulaktan kula\u011fa yay\u0131l\u0131nca Tugay, kendisine isnad edilenleri reddetti. Son olarak ya\u015fanan olaya Zalim \u0130stanbul oyuncular\u0131ndan Deniz U\u011fur da dahil oldu. Deniz U\u011fur Bahar \u015eahin ve Mine Tugay sava\u015f\u0131nda kimi savundu? Deniz U\u011fur kimi hedef g\u00f6sterdi?<\/p>\n","protected":false},"author":30,"featured_media":208278,"comment_status":"closed","ping_status":"closed","sticky":false,"template":"","format":"standard","meta":{"rank_math_lock_modified_date":false,"footnotes":""},"categories":[76],"tags":[13633,14047,2218,4336,28811],"class_list":["post-208269","post","type-post","status-publish","format-standard","has-post-thumbnail","hentry","category-magazin","tag-bahar-sahin","tag-deniz-ugur","tag-magazin-haberleri","tag-mine-tugay","tag-zalim-istanbul"],"_links":{"self":[{"href":"https:\/\/www.tgrthaber.com\/mavikadin\/wp-json\/wp\/v2\/posts\/208269"}],"collection":[{"href":"https:\/\/www.tgrthaber.com\/mavikadin\/wp-json\/wp\/v2\/posts"}],"about":[{"href":"https:\/\/www.tgrthaber.com\/mavikadin\/wp-json\/wp\/v2\/types\/post"}],"author":[{"embeddable":true,"href":"https:\/\/www.tgrthaber.com\/mavikadin\/wp-json\/wp\/v2\/users\/30"}],"replies":[{"embeddable":true,"href":"https:\/\/www.tgrthaber.com\/mavikadin\/wp-json\/wp\/v2\/comments?post=208269"}],"version-history":[{"count":3,"href":"https:\/\/www.tgrthaber.com\/mavikadin\/wp-json\/wp\/v2\/posts\/208269\/revisions"}],"predecessor-version":[{"id":208299,"href":"https:\/\/www.tgrthaber.com\/mavikadin\/wp-json\/wp\/v2\/posts\/208269\/revisions\/208299"}],"wp:featuredmedia":[{"embeddable":true,"href":"https:\/\/www.tgrthaber.com\/mavikadin\/wp-json\/wp\/v2\/media\/208278"}],"wp:attachment":[{"href":"https:\/\/www.tgrthaber.com\/mavikadin\/wp-json\/wp\/v2\/media?parent=208269"}],"wp:term":[{"taxonomy":"category","embeddable":true,"href":"https:\/\/www.tgrthaber.com\/mavikadin\/wp-json\/wp\/v2\/categories?post=208269"},{"taxonomy":"post_tag","embeddable":true,"href":"https:\/\/www.tgrthaber.com\/mavikadin\/wp-json\/wp\/v2\/tags?post=208269"}],"curies":[{"name":"wp","href":"https:\/\/api.w.org\/{rel}","templated":true}]}}