{"id":208316,"date":"2025-07-21T20:37:46","date_gmt":"2025-07-21T17:37:46","guid":{"rendered":"https:\/\/www.tgrthaber.com\/mavikadin\/?p=208316"},"modified":"2025-07-21T20:39:45","modified_gmt":"2025-07-21T17:39:45","slug":"masterchef-alti-ezmeli-kebap-tarifi-sirri-verildi-daha-iyisini-yemediniz","status":"publish","type":"post","link":"https:\/\/www.tgrthaber.com\/mavikadin\/masterchef-alti-ezmeli-kebap-tarifi-sirri-verildi-daha-iyisini-yemediniz\/","title":{"rendered":"MasterChef alt\u0131 ezmeli kebap tarifi! S\u0131rr\u0131 verildi daha iyisini yemediniz!"},"content":{"rendered":"<p>TV8 ekranlar\u0131n\u0131n sevilen yemek yar\u0131\u015fmas\u0131 program\u0131 MasterChef&#8217;te her ak\u015fam birbirinden g\u00fczel yemekler yap\u0131l\u0131yor. Yar\u0131\u015fmac\u0131lar\u0131n t\u00fcm yeteneklerini sergiledi\u011fi programda ana kadro heyecan\u0131 devam ediyor. Bu ak\u015fam ana kadroya girecek olan 10. yar\u0131\u015fmac\u0131 belli olacak. \u015eefler yar\u0131\u015fmac\u0131lardan Gaziantep&#8217;in alt\u0131 ezmeli kebap tarifini istedi. En g\u00fczel kebab\u0131 yapan yar\u0131\u015fmac\u0131 MasterChef \u00f6nl\u00fc\u011f\u00fcn\u00fc giyerek hayallerine bir ad\u0131m daha yakla\u015facak. Tarifin ekranda yer almas\u0131yla birlikte izleyiciler de p\u00fcf noktalar\u0131n\u0131 ara\u015ft\u0131rmaya ba\u015flad\u0131. Peki MasterChef Gaziantep&#8217;in alt\u0131 ezmeli kebap tarifi nas\u0131l yap\u0131l\u0131r? \u0130\u015fte malzeme listesi, haz\u0131rlan\u0131\u015f\u0131 ve t\u00fcm p\u00fcf noktalar\u0131&#8230;<\/p>\n<h3>MASTERCHEF ALTI EZMEL\u0130 KEBAP TAR\u0130F\u0130! SIRRI VER\u0130LD\u0130 DAHA \u0130Y\u0130S\u0130N\u0130 YEMED\u0130N\u0130Z<\/h3>\n<p>MasterChef mutfa\u011f\u0131nda bu ak\u015fam yar\u0131\u015fmac\u0131lara verilen yemek \u015fi\u015f kebap oldu. Alt\u0131 ezmeli \u015fi\u015f kebab\u0131 en g\u00fczel \u015fekilde haz\u0131rlayan yar\u0131\u015fmac\u0131 ana kadroya giren 10. yar\u0131\u015fmac\u0131 oldu. \u0130zleyiciler alt\u0131 ezmeli \u015fi\u015f kebab\u0131n nas\u0131l yap\u0131ld\u0131\u011f\u0131n\u0131 merak ediyor. Biz de sizler i\u00e7in bu \u015fahane lezzeti evde haz\u0131rlaman\u0131n t\u00fcm p\u00fcf noktalar\u0131n\u0131 s\u0131ralad\u0131k. \u0130\u015fte hem g\u00f6z\u00fc hem de mideyi doyuran alt\u0131 ezmeli \u015fi\u015f kebab\u0131n yap\u0131l\u0131\u015f\u0131&#8230;<\/p>\n<p><img loading=\"lazy\" decoding=\"async\" class=\"alignnone wp-image-208436 size-large\" src=\"https:\/\/www.tgrthaber.com\/mavikadin\/wp-content\/uploads\/Ekran-Resmi-2025-07-21-20.22.37-1024x626.png\" alt=\"\" width=\"1024\" height=\"626\" title=\"\" srcset=\"https:\/\/www.tgrthaber.com\/mavikadin\/wp-content\/uploads\/Ekran-Resmi-2025-07-21-20.22.37-1024x626.png 1024w, https:\/\/www.tgrthaber.com\/mavikadin\/wp-content\/uploads\/Ekran-Resmi-2025-07-21-20.22.37-300x183.png 300w, https:\/\/www.tgrthaber.com\/mavikadin\/wp-content\/uploads\/Ekran-Resmi-2025-07-21-20.22.37-768x469.png 768w, https:\/\/www.tgrthaber.com\/mavikadin\/wp-content\/uploads\/Ekran-Resmi-2025-07-21-20.22.37.png 1290w\" sizes=\"(max-width: 1024px) 100vw, 1024px\" \/><\/p>\n<hr \/>\n<h3>Malzemeler:<\/h3>\n<p>500 gram orta ya\u011fl\u0131 k\u0131yma<\/p>\n<p>2 adet kapya biber<\/p>\n<p>1 adet so\u011fan rendelenip suyu s\u0131k\u0131lm\u0131\u015f<\/p>\n<p>2 di\u015f rendelenmi\u015f sar\u0131msak<\/p>\n<p>1 tatl\u0131 ka\u015f\u0131\u011f\u0131 sal\u00e7a<\/p>\n<p>1 tatl\u0131 ka\u015f\u0131\u011f\u0131 pulbiber<\/p>\n<p><img loading=\"lazy\" decoding=\"async\" class=\"alignnone wp-image-208437 size-large\" src=\"https:\/\/www.tgrthaber.com\/mavikadin\/wp-content\/uploads\/Ekran-Resmi-2025-07-21-20.25.50-1024x670.png\" alt=\"\" width=\"1024\" height=\"670\" title=\"\" srcset=\"https:\/\/www.tgrthaber.com\/mavikadin\/wp-content\/uploads\/Ekran-Resmi-2025-07-21-20.25.50-1024x670.png 1024w, https:\/\/www.tgrthaber.com\/mavikadin\/wp-content\/uploads\/Ekran-Resmi-2025-07-21-20.25.50-300x196.png 300w, https:\/\/www.tgrthaber.com\/mavikadin\/wp-content\/uploads\/Ekran-Resmi-2025-07-21-20.25.50-768x503.png 768w, https:\/\/www.tgrthaber.com\/mavikadin\/wp-content\/uploads\/Ekran-Resmi-2025-07-21-20.25.50.png 1308w\" sizes=\"(max-width: 1024px) 100vw, 1024px\" \/><\/p>\n<hr \/>\n<p>1 \u00e7ay ka\u015f\u0131\u011f\u0131 karabiber<\/p>\n<p>1 \u00e7ay ka\u015f\u0131\u011f\u0131 tuz<\/p>\n<h3>HAZIRLANI\u015eI<\/h3>\n<p>\u0130lk olarak biberleri robotla k\u0131y\u0131n. Ard\u0131ndan suyunu s\u0131karak k\u0131ymaya ilave edin. So\u011fan\u0131 rendeleyin ve suyunu s\u0131k\u0131n. Bunu da yine k\u0131yman\u0131za ilave edin. Sal\u00e7a ve baharatlar\u0131 da ilave edip 10 dakika kadar yo\u011furun. Dolapta 1 saat kadar dinlenmesi gerekiyor. Dinlenen har\u00e7tan mandalina b\u00fcy\u00fckl\u00fc\u011f\u00fcnde par\u00e7alar kopar\u0131p, \u015fi\u015flere yap\u0131\u015ft\u0131r\u0131n ve \u015fekil verin. Ya\u011fl\u0131 ka\u011f\u0131t serili tepsiye \u015fi\u015fleri dizin. \u00dczerine f\u0131r\u00e7ayla s\u0131v\u0131 ya\u011f s\u00fcr\u00fcn ve 180 derecee alt \u00fcst pi\u015fene kadar \u015fekil verin. \u015eimdiden afiyetler olsun.<\/p>\n<p><img loading=\"lazy\" decoding=\"async\" class=\"alignnone wp-image-208438 size-large\" src=\"https:\/\/www.tgrthaber.com\/mavikadin\/wp-content\/uploads\/Ekran-Resmi-2025-07-21-20.26.00-1024x680.png\" alt=\"\" width=\"1024\" height=\"680\" title=\"\" srcset=\"https:\/\/www.tgrthaber.com\/mavikadin\/wp-content\/uploads\/Ekran-Resmi-2025-07-21-20.26.00-1024x680.png 1024w, https:\/\/www.tgrthaber.com\/mavikadin\/wp-content\/uploads\/Ekran-Resmi-2025-07-21-20.26.00-300x199.png 300w, https:\/\/www.tgrthaber.com\/mavikadin\/wp-content\/uploads\/Ekran-Resmi-2025-07-21-20.26.00-768x510.png 768w, https:\/\/www.tgrthaber.com\/mavikadin\/wp-content\/uploads\/Ekran-Resmi-2025-07-21-20.26.00.png 1422w\" sizes=\"(max-width: 1024px) 100vw, 1024px\" \/><\/p>\n<hr \/>\n<h3>KEBAP EZMES\u0130 NASIL YAPILIR?<\/h3>\n<h3>Malzemeler:<\/h3>\n<p>5 orta boy domates<\/p>\n<p>3 b\u00fcy\u00fck boy kapya biber<\/p>\n<p>3 b\u00fcy\u00fck boy ye\u015fil biber<\/p>\n<p>1 orta boy kuru so\u011fan<\/p>\n<p>3 di\u015f sar\u0131msak<\/p>\n<p>Yar\u0131m demet maydanoz<\/p>\n<p>1 yemek ka\u015f\u0131\u011f\u0131 biber-domates sal\u00e7as\u0131 kar\u0131\u015f\u0131m\u0131<\/p>\n<p>1 bu\u00e7uk tatl\u0131 ka\u015f\u0131\u011f\u0131 pulbiber<\/p>\n<p>1 yemek ka\u015f\u0131\u011f\u0131 nar ek\u015fisi<\/p>\n<p>2 yemek ka\u015f\u0131\u011f\u0131 zeytinya\u011f<\/p>\n<p>Tuz<\/p>\n<p><img loading=\"lazy\" decoding=\"async\" class=\"alignnone wp-image-208439 size-large\" src=\"https:\/\/www.tgrthaber.com\/mavikadin\/wp-content\/uploads\/Ekran-Resmi-2025-07-21-20.26.05-1024x574.png\" alt=\"\" width=\"1024\" height=\"574\" title=\"\" srcset=\"https:\/\/www.tgrthaber.com\/mavikadin\/wp-content\/uploads\/Ekran-Resmi-2025-07-21-20.26.05-1024x574.png 1024w, https:\/\/www.tgrthaber.com\/mavikadin\/wp-content\/uploads\/Ekran-Resmi-2025-07-21-20.26.05-300x168.png 300w, https:\/\/www.tgrthaber.com\/mavikadin\/wp-content\/uploads\/Ekran-Resmi-2025-07-21-20.26.05-768x430.png 768w, https:\/\/www.tgrthaber.com\/mavikadin\/wp-content\/uploads\/Ekran-Resmi-2025-07-21-20.26.05.png 1520w\" sizes=\"(max-width: 1024px) 100vw, 1024px\" \/><\/p>\n<hr \/>\n<h3>HAZIRLANI\u015eI:<\/h3>\n<p class=\"p1\">Sebzeleri y\u0131kay\u0131n ve s\u00fczd\u00fcrerek robota al\u0131n. Ard\u0131ndan ince bir \u015fekilde \u00e7ekin. Sulanaca\u011f\u0131 i\u00e7in kevgire al\u0131p suyunu \u00e7\u0131kar\u0131n ve s\u00fcz\u00fcld\u00fc\u011f\u00fcnden emin olun. Bir kaba s\u00fcz\u00fclen malzemeyi al\u0131p zeytinya\u011f hari\u00e7 di\u011fer malzemeleri ekleyerek kar\u0131\u015ft\u0131r\u0131n. Servis taba\u011f\u0131na ald\u0131ktan sonra \u00fczerine zeytinya\u011f\u0131 gezdirerek servis edebilirsiniz. \u015eimdiden afiyetler olsun.<\/p>\n<p><img loading=\"lazy\" decoding=\"async\" class=\"alignnone wp-image-208440 size-large\" src=\"https:\/\/www.tgrthaber.com\/mavikadin\/wp-content\/uploads\/Ekran-Resmi-2025-07-21-20.29.43-1024x630.png\" alt=\"\" width=\"1024\" height=\"630\" title=\"\" srcset=\"https:\/\/www.tgrthaber.com\/mavikadin\/wp-content\/uploads\/Ekran-Resmi-2025-07-21-20.29.43-1024x630.png 1024w, https:\/\/www.tgrthaber.com\/mavikadin\/wp-content\/uploads\/Ekran-Resmi-2025-07-21-20.29.43-300x185.png 300w, https:\/\/www.tgrthaber.com\/mavikadin\/wp-content\/uploads\/Ekran-Resmi-2025-07-21-20.29.43-768x473.png 768w, https:\/\/www.tgrthaber.com\/mavikadin\/wp-content\/uploads\/Ekran-Resmi-2025-07-21-20.29.43.png 1336w\" sizes=\"(max-width: 1024px) 100vw, 1024px\" \/><\/p>\n<hr \/>\n<h3 class=\"p1\">KEBABIN \u015e\u0130\u015eTEN D\u00dc\u015eMEMES\u0130 \u0130\u00c7\u0130N NE YAPMALI?<\/h3>\n<p class=\"p1\">Kebab\u0131 yaparken k\u0131ymay\u0131 mutlaka dinlendirmeniz gerekiyor. Aksi taktirde k\u0131ymalar \u015fi\u015fe yap\u0131\u015fmayacak ve \u015fi\u015ften d\u00fc\u015fecektir.<\/p>\n<h3 class=\"p1\">KEBABIN YUMU\u015eAK OLMASI \u0130\u00c7\u0130N NE YAPILMALI?<\/h3>\n<p class=\"p1\">Et kar\u0131\u015ft\u0131r\u0131ld\u0131ktan sonra k\u0131yma i\u015flemi s\u0131ras\u0131nda mutlaka so\u011fuk su eklenmelidir. B\u00f6ylece et daha iyi \u015fekilde kar\u0131\u015facak ve homojenle\u015fmesini sa\u011flayacakt\u0131r. B\u00f6ylece et daha lezzetli olacak ve kebap yumu\u015fac\u0131k olacakt\u0131r.<\/p>\n<p><img loading=\"lazy\" decoding=\"async\" class=\"alignnone wp-image-208442 size-full\" src=\"https:\/\/www.tgrthaber.com\/mavikadin\/wp-content\/uploads\/Ekran-Resmi-2025-07-21-20.32.06.png\" alt=\"\" width=\"1576\" height=\"1004\" title=\"\" srcset=\"https:\/\/www.tgrthaber.com\/mavikadin\/wp-content\/uploads\/Ekran-Resmi-2025-07-21-20.32.06.png 1576w, https:\/\/www.tgrthaber.com\/mavikadin\/wp-content\/uploads\/Ekran-Resmi-2025-07-21-20.32.06-300x191.png 300w, https:\/\/www.tgrthaber.com\/mavikadin\/wp-content\/uploads\/Ekran-Resmi-2025-07-21-20.32.06-1024x652.png 1024w, https:\/\/www.tgrthaber.com\/mavikadin\/wp-content\/uploads\/Ekran-Resmi-2025-07-21-20.32.06-768x489.png 768w, https:\/\/www.tgrthaber.com\/mavikadin\/wp-content\/uploads\/Ekran-Resmi-2025-07-21-20.32.06-1536x979.png 1536w\" sizes=\"(max-width: 1576px) 100vw, 1576px\" \/><\/p>\n<hr \/>\n<h3>KEBAP SA\u011eLIKLI MIDIR?<\/h3>\n<p class=\"p1\">Kebab\u0131n mutlaka kontroll\u00fc t\u00fcketilmesi \u00f6nerilir. \u00d6zellikle kalp, tansiyon ve kolestrol hastal\u0131\u011f\u0131 bulunan ki\u015filerin kebab\u0131 t\u00fcketmeden \u00f6nce doktorlar\u0131na ba\u015fvurmalar\u0131 \u00f6nerilir.<\/p>\n<p>&nbsp;<\/p>\n<p>&nbsp;<\/p>\n","protected":false},"excerpt":{"rendered":"<p>MasterChef&#8217;te bu ak\u015fam yar\u0131\u015fmac\u0131lara verilen yemek alt\u0131 ezmeli \u015fi\u015f kebap oldu. \u0130zleyiciler kebab\u0131n nas\u0131l yap\u0131ld\u0131\u011f\u0131n\u0131 ara\u015ft\u0131rmaya ba\u015flad\u0131. Peki MasterChef alt\u0131 ezmeli \u015fi\u015f kebap nas\u0131l yap\u0131l\u0131r? \u0130\u015fte tarifi&#8230; <\/p>\n","protected":false},"author":16,"featured_media":208446,"comment_status":"closed","ping_status":"closed","sticky":false,"template":"","format":"standard","meta":{"rank_math_lock_modified_date":false,"footnotes":""},"categories":[191],"tags":[29019,29018,29020,355,3411],"class_list":["post-208316","post","type-post","status-publish","format-standard","has-post-thumbnail","hentry","category-yemek-tarifleri","tag-masterchef-alti-ezmeli-kebap-nasil-yapilir","tag-masterchef-alti-ezmeli-kebap-tarifi","tag-masterchef-kebap-tarifleri","tag-yemek","tag-yemek-tarifleri"],"_links":{"self":[{"href":"https:\/\/www.tgrthaber.com\/mavikadin\/wp-json\/wp\/v2\/posts\/208316"}],"collection":[{"href":"https:\/\/www.tgrthaber.com\/mavikadin\/wp-json\/wp\/v2\/posts"}],"about":[{"href":"https:\/\/www.tgrthaber.com\/mavikadin\/wp-json\/wp\/v2\/types\/post"}],"author":[{"embeddable":true,"href":"https:\/\/www.tgrthaber.com\/mavikadin\/wp-json\/wp\/v2\/users\/16"}],"replies":[{"embeddable":true,"href":"https:\/\/www.tgrthaber.com\/mavikadin\/wp-json\/wp\/v2\/comments?post=208316"}],"version-history":[{"count":2,"href":"https:\/\/www.tgrthaber.com\/mavikadin\/wp-json\/wp\/v2\/posts\/208316\/revisions"}],"predecessor-version":[{"id":208445,"href":"https:\/\/www.tgrthaber.com\/mavikadin\/wp-json\/wp\/v2\/posts\/208316\/revisions\/208445"}],"wp:featuredmedia":[{"embeddable":true,"href":"https:\/\/www.tgrthaber.com\/mavikadin\/wp-json\/wp\/v2\/media\/208446"}],"wp:attachment":[{"href":"https:\/\/www.tgrthaber.com\/mavikadin\/wp-json\/wp\/v2\/media?parent=208316"}],"wp:term":[{"taxonomy":"category","embeddable":true,"href":"https:\/\/www.tgrthaber.com\/mavikadin\/wp-json\/wp\/v2\/categories?post=208316"},{"taxonomy":"post_tag","embeddable":true,"href":"https:\/\/www.tgrthaber.com\/mavikadin\/wp-json\/wp\/v2\/tags?post=208316"}],"curies":[{"name":"wp","href":"https:\/\/api.w.org\/{rel}","templated":true}]}}