{"id":208317,"date":"2025-07-21T17:25:24","date_gmt":"2025-07-21T14:25:24","guid":{"rendered":"https:\/\/www.tgrthaber.com\/mavikadin\/?p=208317"},"modified":"2025-07-21T17:25:23","modified_gmt":"2025-07-21T14:25:23","slug":"duygu-ozdin-kimdir-kac-yasinda-duygu-ozdin-neden-oldu","status":"publish","type":"post","link":"https:\/\/www.tgrthaber.com\/mavikadin\/duygu-ozdin-kimdir-kac-yasinda-duygu-ozdin-neden-oldu\/","title":{"rendered":"Duygu \u00d6zdin kimdir ka\u00e7 ya\u015f\u0131nda? Duygu \u00d6zdin neden \u00f6ld\u00fc?"},"content":{"rendered":"<p>Fenerbah\u00e7e trib\u00fcnlerinden y\u00fckselen bir umut, sosyal medyada sessizce binlerce ki\u015fiye ula\u015ft\u0131. \u201cBen de kanseri yendi\u011fimde stattan balon u\u00e7urur muyuz?\u201d s\u00f6zleriyle tan\u0131nan Duygu \u00d6zdin\u2019in payla\u015f\u0131m\u0131, k\u0131sa s\u00fcrede viral oldu. Ancak gen\u00e7 kad\u0131n\u0131n bu c\u00fcmleyle duyurdu\u011fu hayal, ger\u00e7e\u011fe d\u00f6n\u00fc\u015femeden yar\u0131m kald\u0131. Kanserle verdi\u011fi m\u00fccadelede ya\u015fam sava\u015f\u0131n\u0131 kaybeden Duygu\u2019nun vefat\u0131, Fenerbah\u00e7e camias\u0131nda ve sosyal medyada b\u00fcy\u00fck bir \u00fcz\u00fcnt\u00fcyle kar\u015f\u0131land\u0131. \u0130\u015fte detaylar&#8230;<\/p>\n<h3>DUYGU \u00d6ZD\u0130N K\u0130MD\u0130R KA\u00c7 YA\u015eINDA?<\/h3>\n<p>Duygu \u00d6zdin, sosyal medya \u00fczerinden Fenerbah\u00e7e sevgisiyle tan\u0131nan gen\u00e7 bir kad\u0131nd\u0131. Hayat enerjisi, samimi payla\u015f\u0131mlar\u0131 ve tuttu\u011fu tak\u0131ma olan ba\u011fl\u0131l\u0131\u011f\u0131yla dikkat \u00e7eken Duygu\u2019nun ya\u015f\u0131 net olarak bilinmese de gen\u00e7 ya\u015fta hayata veda etti\u011fi \u00f6\u011frenildi. Instagram\u2019daki @dygozdn1 adl\u0131 hesab\u0131nda zaman zaman tedavi s\u00fcrecine ve duygular\u0131na da yer veriyordu. \u00d6zellikle futbol camias\u0131na hitap eden i\u00e7erikleriyle bir\u00e7ok ki\u015finin g\u00f6nl\u00fcnde taht kurmu\u015ftu.<\/p>\n<p><img loading=\"lazy\" decoding=\"async\" class=\"alignnone size-full wp-image-208331\" src=\"https:\/\/www.tgrthaber.com\/mavikadin\/wp-content\/uploads\/3-1558.png\" alt=\"\" width=\"1208\" height=\"680\" title=\"\" srcset=\"https:\/\/www.tgrthaber.com\/mavikadin\/wp-content\/uploads\/3-1558.png 1208w, https:\/\/www.tgrthaber.com\/mavikadin\/wp-content\/uploads\/3-1558-300x169.png 300w, https:\/\/www.tgrthaber.com\/mavikadin\/wp-content\/uploads\/3-1558-1024x576.png 1024w, https:\/\/www.tgrthaber.com\/mavikadin\/wp-content\/uploads\/3-1558-768x432.png 768w\" sizes=\"(max-width: 1208px) 100vw, 1208px\" \/><\/p>\n<hr \/>\n<h3>DUYGU \u00d6ZD\u0130N NEDEN \u00d6LD\u00dc?<\/h3>\n<p>Gen\u00e7 Fenerbah\u00e7eli, uzun s\u00fcredir kanser tedavisi g\u00f6r\u00fcyordu. Umudunu ve m\u00fccadele azmini kaybetmeyen Duygu, sosyal medya hesab\u0131ndan \u201cBen de kanseri yendi\u011fimde stattan balon u\u00e7urur muyuz?\u201d diyerek takip\u00e7ilerine seslenmi\u015fti.<\/p>\n<p><img loading=\"lazy\" decoding=\"async\" class=\"alignnone size-full wp-image-208329\" src=\"https:\/\/www.tgrthaber.com\/mavikadin\/wp-content\/uploads\/1-1520.png\" alt=\"\" width=\"1208\" height=\"680\" title=\"\" srcset=\"https:\/\/www.tgrthaber.com\/mavikadin\/wp-content\/uploads\/1-1520.png 1208w, https:\/\/www.tgrthaber.com\/mavikadin\/wp-content\/uploads\/1-1520-300x169.png 300w, https:\/\/www.tgrthaber.com\/mavikadin\/wp-content\/uploads\/1-1520-1024x576.png 1024w, https:\/\/www.tgrthaber.com\/mavikadin\/wp-content\/uploads\/1-1520-768x432.png 768w\" sizes=\"(max-width: 1208px) 100vw, 1208px\" \/><\/p>\n<hr \/>\n<p>Yapt\u0131\u011f\u0131 payla\u015f\u0131m\u0131, hem Fenerbah\u00e7e taraftarlar\u0131 hem de binlerce sosyal medya kullan\u0131c\u0131s\u0131 taraf\u0131ndan payla\u015f\u0131lm\u0131\u015f, b\u00fcy\u00fck yank\u0131 uyand\u0131rm\u0131\u015ft\u0131. Ne yaz\u0131k ki, Duygu bu m\u00fccadelenin sonunda ya\u015fam\u0131n\u0131 yitirdi.<\/p>\n<p><img loading=\"lazy\" decoding=\"async\" class=\"alignnone size-full wp-image-208333\" src=\"https:\/\/www.tgrthaber.com\/mavikadin\/wp-content\/uploads\/5-842.png\" alt=\"\" width=\"1208\" height=\"680\" title=\"\" srcset=\"https:\/\/www.tgrthaber.com\/mavikadin\/wp-content\/uploads\/5-842.png 1208w, https:\/\/www.tgrthaber.com\/mavikadin\/wp-content\/uploads\/5-842-300x169.png 300w, https:\/\/www.tgrthaber.com\/mavikadin\/wp-content\/uploads\/5-842-1024x576.png 1024w, https:\/\/www.tgrthaber.com\/mavikadin\/wp-content\/uploads\/5-842-768x432.png 768w\" sizes=\"(max-width: 1208px) 100vw, 1208px\" \/><\/p>\n<hr \/>\n<h3>SOSYAL MEDYA \u00dcZ\u00dcNT\u00dcS\u00dcN\u00dc YA\u015eIYOR<\/h3>\n<p>Duygu\u2019nun \u00f6l\u00fcm\u00fcyle birlikte sosyal medya adeta \u00fcz\u00fcnt\u00fcl\u00fc bir hava yay\u0131ld\u0131. Sevenleri, takip\u00e7ileri ve Fenerbah\u00e7eliler onu \u201cg\u00fc\u00e7l\u00fc, umut dolu ve i\u00e7ten\u201d biri olarak an\u0131yor. \u201cGer\u00e7ek bir Fenerbah\u00e7eliydi\u201d, \u201cUmudun sembol\u00fcyd\u00fc\u201d yorumlar\u0131, gen\u00e7 kad\u0131n\u0131n geride nas\u0131l izler b\u0131rakt\u0131\u011f\u0131n\u0131 g\u00f6zler \u00f6n\u00fcne serdi.<\/p>\n<p><img loading=\"lazy\" decoding=\"async\" class=\"alignnone size-full wp-image-208330\" src=\"https:\/\/www.tgrthaber.com\/mavikadin\/wp-content\/uploads\/2-1588.png\" alt=\"\" width=\"1208\" height=\"680\" title=\"\" srcset=\"https:\/\/www.tgrthaber.com\/mavikadin\/wp-content\/uploads\/2-1588.png 1208w, https:\/\/www.tgrthaber.com\/mavikadin\/wp-content\/uploads\/2-1588-300x169.png 300w, https:\/\/www.tgrthaber.com\/mavikadin\/wp-content\/uploads\/2-1588-1024x576.png 1024w, https:\/\/www.tgrthaber.com\/mavikadin\/wp-content\/uploads\/2-1588-768x432.png 768w\" sizes=\"(max-width: 1208px) 100vw, 1208px\" \/><\/p>\n<hr \/>\n<p>Duygu \u00d6zdin\u2019in ard\u0131ndan, hem spor d\u00fcnyas\u0131 hem de sosyal medya kullan\u0131c\u0131lar\u0131 bir kez daha umutla verilen m\u00fccadelelerin ne kadar k\u0131ymetli oldu\u011funu hat\u0131rlad\u0131. Onun hayali yar\u0131m kald\u0131 ama mesaj\u0131 kalplerde ya\u015famaya devam edecek.<\/p>\n","protected":false},"excerpt":{"rendered":"<p>Fenerbah\u00e7e taraftar\u0131 Duygu \u00d6zdin, sosyal medyada yapt\u0131\u011f\u0131 duygusal payla\u015f\u0131mla dikkat \u00e7ekmi\u015fti. \u201cBen de kanseri yendi\u011fimde stattan balon u\u00e7urur muyuz?\u201d s\u00f6zleriyle binlerce ki\u015fiye umut veren gen\u00e7 kad\u0131n, hayat m\u00fccadelesini kaybetti.<\/p>\n","protected":false},"author":28,"featured_media":208334,"comment_status":"closed","ping_status":"closed","sticky":false,"template":"","format":"standard","meta":{"rank_math_lock_modified_date":true,"footnotes":""},"categories":[491],"tags":[3374,28991,28993,28992,28994],"class_list":["post-208317","post","type-post","status-publish","format-standard","has-post-thumbnail","hentry","category-biyografi","tag-biyografi","tag-duygu-ozdin","tag-duygu-ozdin-kac-yasinda","tag-duygu-ozdin-kimdir","tag-duygu-ozdin-neden-oldu"],"_links":{"self":[{"href":"https:\/\/www.tgrthaber.com\/mavikadin\/wp-json\/wp\/v2\/posts\/208317"}],"collection":[{"href":"https:\/\/www.tgrthaber.com\/mavikadin\/wp-json\/wp\/v2\/posts"}],"about":[{"href":"https:\/\/www.tgrthaber.com\/mavikadin\/wp-json\/wp\/v2\/types\/post"}],"author":[{"embeddable":true,"href":"https:\/\/www.tgrthaber.com\/mavikadin\/wp-json\/wp\/v2\/users\/28"}],"replies":[{"embeddable":true,"href":"https:\/\/www.tgrthaber.com\/mavikadin\/wp-json\/wp\/v2\/comments?post=208317"}],"version-history":[{"count":2,"href":"https:\/\/www.tgrthaber.com\/mavikadin\/wp-json\/wp\/v2\/posts\/208317\/revisions"}],"predecessor-version":[{"id":208336,"href":"https:\/\/www.tgrthaber.com\/mavikadin\/wp-json\/wp\/v2\/posts\/208317\/revisions\/208336"}],"wp:featuredmedia":[{"embeddable":true,"href":"https:\/\/www.tgrthaber.com\/mavikadin\/wp-json\/wp\/v2\/media\/208334"}],"wp:attachment":[{"href":"https:\/\/www.tgrthaber.com\/mavikadin\/wp-json\/wp\/v2\/media?parent=208317"}],"wp:term":[{"taxonomy":"category","embeddable":true,"href":"https:\/\/www.tgrthaber.com\/mavikadin\/wp-json\/wp\/v2\/categories?post=208317"},{"taxonomy":"post_tag","embeddable":true,"href":"https:\/\/www.tgrthaber.com\/mavikadin\/wp-json\/wp\/v2\/tags?post=208317"}],"curies":[{"name":"wp","href":"https:\/\/api.w.org\/{rel}","templated":true}]}}