{"id":208318,"date":"2025-07-21T17:31:18","date_gmt":"2025-07-21T14:31:18","guid":{"rendered":"https:\/\/www.tgrthaber.com\/mavikadin\/?p=208318"},"modified":"2025-07-21T17:31:19","modified_gmt":"2025-07-21T14:31:19","slug":"duygu-ozdin-ne-kanseriydi-duygu-ozdin-neden-oldu","status":"publish","type":"post","link":"https:\/\/www.tgrthaber.com\/mavikadin\/duygu-ozdin-ne-kanseriydi-duygu-ozdin-neden-oldu\/","title":{"rendered":"Duygu \u00d6zdin ne kanseriydi? Duygu \u00d6zdin neden \u00f6ld\u00fc?"},"content":{"rendered":"<p>Duygu \u00d6zdin, ge\u00e7irdi\u011fi rahats\u0131zl\u0131\u011f\u0131 ile bir s\u00fcredir \u0130stanbul\u2019da tedavi g\u00f6r\u00fcyordu. Ancak ge\u00e7ti\u011fimiz saatlerde gen\u00e7 kad\u0131n\u0131n vefat haberi geldi. Bu haber sonras\u0131 Duygu \u00d6zdin\u2019in sevenleri gen\u00e7 kad\u0131n\u0131n ard\u0131ndan derin h\u00fczne bo\u011fuldu. Peki, Duygu \u00d6zdin ne kanseriydi? Duygu \u00d6zdin neden \u00f6ld\u00fc? sorular\u0131n\u0131 sizin i\u00e7in ara\u015ft\u0131rd\u0131k. \u0130\u015fte detaylar\u2026<\/p>\n<h3>DUYGU \u00d6ZD\u0130N NE KANSER\u0130YD\u0130?<\/h3>\n<p>Bir s\u00fcredir \u0130stanbul\u2019da tedavi alt\u0131nda olan Duygu \u00d6zdin, ge\u00e7ti\u011fimiz saatler de hayat\u0131n\u0131 kaybetti. Gen\u00e7 kad\u0131n\u0131n \u00f6l\u00fcm\u00fc sevenlerini h\u00fczne bo\u011fdu. Ni\u011fde\u2019nin Altunhisar il\u00e7esine ba\u011fl\u0131 Uluk\u0131\u015fla K\u00f6y\u00fc\u2019nden olan Duygu \u00d6zdin, gen\u00e7 ya\u015f\u0131nda kanser hastal\u0131\u011f\u0131na yakaland\u0131. Tedavisini \u0130stanbul\u2019da g\u00f6ren Duygu \u00d6zdin, kanser ile m\u00fccadele ediyordu.<\/p>\n<p><img loading=\"lazy\" decoding=\"async\" class=\"alignnone size-full wp-image-208341\" src=\"https:\/\/www.tgrthaber.com\/mavikadin\/wp-content\/uploads\/ARZU-57-6.jpg\" alt=\"Duygu \u00d6zdin ne kanseriydi? Duygu \u00d6zdin neden \u00f6ld\u00fc?\" width=\"1208\" height=\"680\" title=\"\" srcset=\"https:\/\/www.tgrthaber.com\/mavikadin\/wp-content\/uploads\/ARZU-57-6.jpg 1208w, https:\/\/www.tgrthaber.com\/mavikadin\/wp-content\/uploads\/ARZU-57-6-300x169.jpg 300w, https:\/\/www.tgrthaber.com\/mavikadin\/wp-content\/uploads\/ARZU-57-6-1024x576.jpg 1024w, https:\/\/www.tgrthaber.com\/mavikadin\/wp-content\/uploads\/ARZU-57-6-768x432.jpg 768w\" sizes=\"(max-width: 1208px) 100vw, 1208px\" \/><\/p>\n<hr \/>\n<p>Ge\u00e7ti\u011fimiz saatlerde vefat eden Duygu \u00d6zdin\u2019in ayn\u0131 zamanda nikah merasimi oldu\u011fu da iddia edildi. Gen\u00e7 kad\u0131n\u0131n vefat\u0131 ba\u015fta alisi olmak \u00fczere t\u00fcm k\u00f6y halk\u0131n\u0131 ve yak\u0131n \u00e7evresini de h\u00fczne bo\u011fdu. Hasan ve Birg\u00fcl \u00d6zdin \u00e7iftinin k\u0131zlar\u0131 olan Duygu \u00d6zdin, t\u00fcm tedavilere ve m\u00fcdahalelere ra\u011fmen hastal\u0131\u011f\u0131 yenemedi\u011fi \u00f6\u011frenildi.<\/p>\n<p><img loading=\"lazy\" decoding=\"async\" class=\"alignnone size-full wp-image-208340\" src=\"https:\/\/www.tgrthaber.com\/mavikadin\/wp-content\/uploads\/ARZU-58-7.jpg\" alt=\"Duygu \u00d6zdin ne kanseriydi? Duygu \u00d6zdin neden \u00f6ld\u00fc?\" width=\"1208\" height=\"680\" title=\"\" srcset=\"https:\/\/www.tgrthaber.com\/mavikadin\/wp-content\/uploads\/ARZU-58-7.jpg 1208w, https:\/\/www.tgrthaber.com\/mavikadin\/wp-content\/uploads\/ARZU-58-7-300x169.jpg 300w, https:\/\/www.tgrthaber.com\/mavikadin\/wp-content\/uploads\/ARZU-58-7-1024x576.jpg 1024w, https:\/\/www.tgrthaber.com\/mavikadin\/wp-content\/uploads\/ARZU-58-7-768x432.jpg 768w\" sizes=\"(max-width: 1208px) 100vw, 1208px\" \/><\/p>\n<hr \/>\n<p>Gen\u00e7 ya\u015fta vefat eden Duygu \u00d6zdin\u2019in cenazesi, \u0130stanbul\u2019da al\u0131narak memleketi Ni\u011fde\u2019nin Uluk\u0131\u015fla K\u00f6y\u00fc\u2019nde topra\u011fa defnedilecek. Duygu \u00d6zdin\u2019in ne kanseri oldu\u011fu bilgisine kamuoyunda ula\u015f\u0131lamam\u0131\u015ft\u0131r. Ayr\u0131ca Duygu \u00d6zdin\u2019in koyu bir Fenerbah\u00e7e hayran\u0131 oldu\u011fu da yapt\u0131\u011f\u0131 payla\u015f\u0131mlar ile g\u00f6r\u00fclmektedir.<\/p>\n<h3><img loading=\"lazy\" decoding=\"async\" class=\"alignnone size-full wp-image-208338\" src=\"https:\/\/www.tgrthaber.com\/mavikadin\/wp-content\/uploads\/ARZU-60-7.jpg\" alt=\"Duygu \u00d6zdin ne kanseriydi? Duygu \u00d6zdin neden \u00f6ld\u00fc?\" width=\"1208\" height=\"680\" title=\"\" srcset=\"https:\/\/www.tgrthaber.com\/mavikadin\/wp-content\/uploads\/ARZU-60-7.jpg 1208w, https:\/\/www.tgrthaber.com\/mavikadin\/wp-content\/uploads\/ARZU-60-7-300x169.jpg 300w, https:\/\/www.tgrthaber.com\/mavikadin\/wp-content\/uploads\/ARZU-60-7-1024x576.jpg 1024w, https:\/\/www.tgrthaber.com\/mavikadin\/wp-content\/uploads\/ARZU-60-7-768x432.jpg 768w\" sizes=\"(max-width: 1208px) 100vw, 1208px\" \/><\/h3>\n<hr \/>\n<h3>DUYGU \u00d6ZD\u0130N NEDEN \u00d6LD\u00dc?<\/h3>\n<p>Duygu \u00d6zdin\u2019in vefat\u0131 sonras\u0131 sosyal medyada payla\u015f\u0131m yapan yak\u0131nlar\u0131, gen\u00e7 kad\u0131n\u0131n ani \u00f6l\u00fcm\u00fc \u00fczerine \u201cBug\u00fcn nik\u00e2h merasimi yap\u0131lacakt\u0131, d\u00fc\u011f\u00fcn\u00fcne gidecektik\u2026 Olmad\u0131 be ye\u011fen. Yak\u0131\u015fmad\u0131, \u00fczd\u00fcn bizleri\u201d ifadeleriyle ac\u0131s\u0131n\u0131 dile getirdi.<\/p>\n<p><img loading=\"lazy\" decoding=\"async\" class=\"alignnone size-full wp-image-208337\" src=\"https:\/\/www.tgrthaber.com\/mavikadin\/wp-content\/uploads\/ARZU-61-7.jpg\" alt=\"Duygu \u00d6zdin ne kanseriydi? Duygu \u00d6zdin neden \u00f6ld\u00fc?\" width=\"1208\" height=\"680\" title=\"\" srcset=\"https:\/\/www.tgrthaber.com\/mavikadin\/wp-content\/uploads\/ARZU-61-7.jpg 1208w, https:\/\/www.tgrthaber.com\/mavikadin\/wp-content\/uploads\/ARZU-61-7-300x169.jpg 300w, https:\/\/www.tgrthaber.com\/mavikadin\/wp-content\/uploads\/ARZU-61-7-1024x576.jpg 1024w, https:\/\/www.tgrthaber.com\/mavikadin\/wp-content\/uploads\/ARZU-61-7-768x432.jpg 768w\" sizes=\"(max-width: 1208px) 100vw, 1208px\" \/><\/p>\n<hr \/>\n<p>\u0130stanbul\u2019da kanser tedavisi g\u00f6ren Duygu \u00d6zdin, ani vefat\u0131 ile sevenlerini derin bir h\u00fczne bo\u011fdu. K\u00f6y halk\u0131 da gen\u00e7 kad\u0131n\u0131n vefat\u0131n\u0131 b\u00fcy\u00fck bir \u00fcz\u00fcnt\u00fcyle kar\u015f\u0131lad\u0131. K\u00f6y sakinlerinin \u00fcz\u00fcld\u00fc\u011f\u00fc Duygu \u00d6zdin\u2019in vefat\u0131, haber g\u00fcndemlerinde yer almaya ba\u015flad\u0131.<\/p>\n<p><img loading=\"lazy\" decoding=\"async\" class=\"alignnone size-full wp-image-208339\" src=\"https:\/\/www.tgrthaber.com\/mavikadin\/wp-content\/uploads\/ARZU-59-7.jpg\" alt=\"Duygu \u00d6zdin ne kanseriydi? Duygu \u00d6zdin neden \u00f6ld\u00fc?\" width=\"1208\" height=\"680\" title=\"\" srcset=\"https:\/\/www.tgrthaber.com\/mavikadin\/wp-content\/uploads\/ARZU-59-7.jpg 1208w, https:\/\/www.tgrthaber.com\/mavikadin\/wp-content\/uploads\/ARZU-59-7-300x169.jpg 300w, https:\/\/www.tgrthaber.com\/mavikadin\/wp-content\/uploads\/ARZU-59-7-1024x576.jpg 1024w, https:\/\/www.tgrthaber.com\/mavikadin\/wp-content\/uploads\/ARZU-59-7-768x432.jpg 768w\" sizes=\"(max-width: 1208px) 100vw, 1208px\" \/><\/p>\n<hr \/>\n<p>Ayr\u0131ca Duygu \u00d6zdin\u2019in kendi sosyal medyas\u0131ndan yapt\u0131\u011f\u0131 payla\u015f\u0131mlar ile de koyu bir Fenerbah\u00e7e tak\u0131m\u0131 hayran\u0131 oldu\u011fu g\u00f6r\u00fcl\u00fcyor. Duygu \u00d6zdin\u2019in ani \u00f6l\u00fcm\u00fc g\u00fcndemde yer al\u0131yor.<\/p>\n","protected":false},"excerpt":{"rendered":"<p>\u0130stanbul\u2019da rahats\u0131zl\u0131\u011f\u0131 nedeniyle bir s\u00fcredir tedavi g\u00f6ren Duygu \u00d6zdin, hayat\u0131n\u0131 kaybetti Gen\u00e7 kad\u0131n\u0131n \u00f6l\u00fcm haberi sevenlerini derin h\u00fczne bo\u011fuldu. Peki, Duygu \u00d6zdin ne kanseriydi? Duygu \u00d6zdin neden \u00f6ld\u00fc? \u0130\u015fte detaylar\u2026<\/p>\n","protected":false},"author":34,"featured_media":208339,"comment_status":"closed","ping_status":"closed","sticky":false,"template":"","format":"standard","meta":{"rank_math_lock_modified_date":false,"footnotes":""},"categories":[76],"tags":[28991,28995,2218],"class_list":["post-208318","post","type-post","status-publish","format-standard","has-post-thumbnail","hentry","category-magazin","tag-duygu-ozdin","tag-duygu-ozdin-kanser","tag-magazin-haberleri"],"_links":{"self":[{"href":"https:\/\/www.tgrthaber.com\/mavikadin\/wp-json\/wp\/v2\/posts\/208318"}],"collection":[{"href":"https:\/\/www.tgrthaber.com\/mavikadin\/wp-json\/wp\/v2\/posts"}],"about":[{"href":"https:\/\/www.tgrthaber.com\/mavikadin\/wp-json\/wp\/v2\/types\/post"}],"author":[{"embeddable":true,"href":"https:\/\/www.tgrthaber.com\/mavikadin\/wp-json\/wp\/v2\/users\/34"}],"replies":[{"embeddable":true,"href":"https:\/\/www.tgrthaber.com\/mavikadin\/wp-json\/wp\/v2\/comments?post=208318"}],"version-history":[{"count":2,"href":"https:\/\/www.tgrthaber.com\/mavikadin\/wp-json\/wp\/v2\/posts\/208318\/revisions"}],"predecessor-version":[{"id":208345,"href":"https:\/\/www.tgrthaber.com\/mavikadin\/wp-json\/wp\/v2\/posts\/208318\/revisions\/208345"}],"wp:featuredmedia":[{"embeddable":true,"href":"https:\/\/www.tgrthaber.com\/mavikadin\/wp-json\/wp\/v2\/media\/208339"}],"wp:attachment":[{"href":"https:\/\/www.tgrthaber.com\/mavikadin\/wp-json\/wp\/v2\/media?parent=208318"}],"wp:term":[{"taxonomy":"category","embeddable":true,"href":"https:\/\/www.tgrthaber.com\/mavikadin\/wp-json\/wp\/v2\/categories?post=208318"},{"taxonomy":"post_tag","embeddable":true,"href":"https:\/\/www.tgrthaber.com\/mavikadin\/wp-json\/wp\/v2\/tags?post=208318"}],"curies":[{"name":"wp","href":"https:\/\/api.w.org\/{rel}","templated":true}]}}