{"id":208346,"date":"2025-07-21T18:02:10","date_gmt":"2025-07-21T15:02:10","guid":{"rendered":"https:\/\/www.tgrthaber.com\/mavikadin\/?p=208346"},"modified":"2025-07-21T18:02:10","modified_gmt":"2025-07-21T15:02:10","slug":"sakir-pasa-ailesi-mucizeler-ve-skandallar-dizisinin-2-sezonu-iptal-edildi-bakin-sebebi-ne-cikti","status":"publish","type":"post","link":"https:\/\/www.tgrthaber.com\/mavikadin\/sakir-pasa-ailesi-mucizeler-ve-skandallar-dizisinin-2-sezonu-iptal-edildi-bakin-sebebi-ne-cikti\/","title":{"rendered":"\u015eakir Pa\u015fa Ailesi: Mucizeler ve Skandallar dizisinin 2. sezonu iptal edildi! Bak\u0131n sebebi ne \u00e7\u0131kt\u0131"},"content":{"rendered":"<p class=\"p2\">NOW TV\u2019de yay\u0131nlanan \u201c\u015eakir Pa\u015fa Ailesi: Mucizeler ve Skandallar\u201d dizisinin 2. sezonunun iptal edildi\u011fi haberi seyirciyi \u00fczd\u00fc. Artan maliyetler nedeniyle dizinin yay\u0131ndan kald\u0131r\u0131ld\u0131\u011f\u0131 \u00f6\u011frenildi.<\/p>\n<h3>\u015eAK\u0130R PA\u015eA D\u0130Z\u0130S\u0130 2. SEZONU \u0130PTAL ED\u0130LD\u0130! SEY\u0130RC\u0130Y\u0130 \u00dcZEN HABER<\/h3>\n<p class=\"p1\">NOW TV\u2019de yay\u0131nlanan \u201c\u015eakir Pa\u015fa Ailesi: Mucizeler ve Skandallar\u201d dizisi yay\u0131nland\u0131\u011f\u0131 g\u00fcn itibariyle olaylarla dolu bir s\u00fcre\u00e7 ge\u00e7irdi. \u0130stanbul 10. Asliye Hukuk Mahkemesi\u2019nin 21 \u015eubat\u2019t ald\u0131\u011f\u0131 karara g\u00f6re dizinin yay\u0131nlanan b\u00f6l\u00fcmleri kald\u0131r\u0131lm\u0131\u015ft\u0131 ve \u00e7ekimleri iptal edilmi\u015fti. Dizinin \u00e7ekimleri<span class=\"Apple-converted-space\">\u00a0 <\/span>Cevat \u015eakir Kabaa\u011fa\u00e7l\u0131&#8217;n\u0131n torunlar\u0131n\u0131n a\u00e7t\u0131\u011f\u0131 dava nedeniyle durdurulmu\u015ftu.<\/p>\n<p><img loading=\"lazy\" decoding=\"async\" class=\"alignnone wp-image-208355 size-large\" src=\"https:\/\/www.tgrthaber.com\/mavikadin\/wp-content\/uploads\/Ekran-Resmi-2025-07-21-17.55.46-1024x645.png\" alt=\"\" width=\"1024\" height=\"645\" title=\"\" srcset=\"https:\/\/www.tgrthaber.com\/mavikadin\/wp-content\/uploads\/Ekran-Resmi-2025-07-21-17.55.46-1024x645.png 1024w, https:\/\/www.tgrthaber.com\/mavikadin\/wp-content\/uploads\/Ekran-Resmi-2025-07-21-17.55.46-300x189.png 300w, https:\/\/www.tgrthaber.com\/mavikadin\/wp-content\/uploads\/Ekran-Resmi-2025-07-21-17.55.46-768x484.png 768w, https:\/\/www.tgrthaber.com\/mavikadin\/wp-content\/uploads\/Ekran-Resmi-2025-07-21-17.55.46.png 1242w\" sizes=\"(max-width: 1024px) 100vw, 1024px\" \/><\/p>\n<hr \/>\n<p class=\"p1\">Aile \u00fcyeleri, dizinin yap\u0131m s\u00fcrecinde izin almad\u0131klar\u0131 ve \u00f6zel hayatlar\u0131n\u0131n ihlal edildi\u011fi gerek\u00e7esiyle mahkemeye ba\u015fvurmu\u015ftu. Mahkeme, ki\u015filik haklar\u0131 ihlali nedeniyle dizinin yay\u0131ndan kald\u0131r\u0131lmas\u0131na karar vermi\u015fti. Medyap\u0131m ile aile ve ailenin avukat\u0131 Ayd\u0131n Kurban aras\u0131nda yap\u0131lan g\u00f6r\u00fc\u015fmeler sonucunda taraflar aras\u0131nda anla\u015fma sa\u011flanm\u0131\u015ft\u0131.<span class=\"Apple-converted-space\">\u00a0<\/span><\/p>\n<p><img loading=\"lazy\" decoding=\"async\" class=\"alignnone wp-image-208358 size-large\" src=\"https:\/\/www.tgrthaber.com\/mavikadin\/wp-content\/uploads\/Ekran-Resmi-2025-07-21-17.55.51-1024x690.png\" alt=\"\" width=\"1024\" height=\"690\" title=\"\" srcset=\"https:\/\/www.tgrthaber.com\/mavikadin\/wp-content\/uploads\/Ekran-Resmi-2025-07-21-17.55.51-1024x690.png 1024w, https:\/\/www.tgrthaber.com\/mavikadin\/wp-content\/uploads\/Ekran-Resmi-2025-07-21-17.55.51-300x202.png 300w, https:\/\/www.tgrthaber.com\/mavikadin\/wp-content\/uploads\/Ekran-Resmi-2025-07-21-17.55.51-768x517.png 768w, https:\/\/www.tgrthaber.com\/mavikadin\/wp-content\/uploads\/Ekran-Resmi-2025-07-21-17.55.51.png 1256w\" sizes=\"(max-width: 1024px) 100vw, 1024px\" \/><\/p>\n<hr \/>\n<p class=\"p1\">Tedbir davas\u0131 a\u00e7an aile \u00fcyeleri davadan feragat<span class=\"Apple-converted-space\">\u00a0 <\/span>etmi\u015fti. Dizi tekrar zaman atlamas\u0131 ya\u015fanarak ekranlara gelecekken seyirciyi \u00fczen haber duyuruldu. Birsen Altunta\u015f\u2019\u0131n haberine g\u00f6re dizi artan maliyetler nedeniyle 2. sezonunda yay\u0131nlanmayacak.<\/p>\n<p><img loading=\"lazy\" decoding=\"async\" class=\"alignnone wp-image-208359 size-large\" src=\"https:\/\/www.tgrthaber.com\/mavikadin\/wp-content\/uploads\/Ekran-Resmi-2025-07-21-17.55.55-1024x639.png\" alt=\"\" width=\"1024\" height=\"639\" title=\"\" srcset=\"https:\/\/www.tgrthaber.com\/mavikadin\/wp-content\/uploads\/Ekran-Resmi-2025-07-21-17.55.55-1024x639.png 1024w, https:\/\/www.tgrthaber.com\/mavikadin\/wp-content\/uploads\/Ekran-Resmi-2025-07-21-17.55.55-300x187.png 300w, https:\/\/www.tgrthaber.com\/mavikadin\/wp-content\/uploads\/Ekran-Resmi-2025-07-21-17.55.55-768x479.png 768w, https:\/\/www.tgrthaber.com\/mavikadin\/wp-content\/uploads\/Ekran-Resmi-2025-07-21-17.55.55.png 1202w\" sizes=\"(max-width: 1024px) 100vw, 1024px\" \/><\/p>\n<hr \/>\n<h3 class=\"p1\">\u015eAK\u0130R PA\u015eA A\u0130LES\u0130N\u0130N OYUNCU KADROSUNDA K\u0130MLER VAR?<\/h3>\n<p class=\"p1\">Vahide Per\u00e7in, Meryem Uzerli,<span class=\"Apple-converted-space\">\u00a0 <\/span>F\u0131rat Tan\u0131\u015f&#8217;\u0131n ba\u015frollerinde yer ald\u0131\u011f\u0131 dizinin kadrosunda Devrim Yakut, Cem Yi\u011fit \u00dcz\u00fcmo\u011flu, Denise Capezza, Nilsu Berfin Akta\u015f, Helin Kandemir, Ya\u011fmur Ba\u015fkurt gibi isimler de yer al\u0131yordu.<\/p>\n<p><img loading=\"lazy\" decoding=\"async\" class=\"alignnone wp-image-208360 size-large\" src=\"https:\/\/www.tgrthaber.com\/mavikadin\/wp-content\/uploads\/Ekran-Resmi-2025-07-21-17.56.04-1024x722.png\" alt=\"\" width=\"1024\" height=\"722\" title=\"\" srcset=\"https:\/\/www.tgrthaber.com\/mavikadin\/wp-content\/uploads\/Ekran-Resmi-2025-07-21-17.56.04-1024x722.png 1024w, https:\/\/www.tgrthaber.com\/mavikadin\/wp-content\/uploads\/Ekran-Resmi-2025-07-21-17.56.04-300x212.png 300w, https:\/\/www.tgrthaber.com\/mavikadin\/wp-content\/uploads\/Ekran-Resmi-2025-07-21-17.56.04-768x542.png 768w, https:\/\/www.tgrthaber.com\/mavikadin\/wp-content\/uploads\/Ekran-Resmi-2025-07-21-17.56.04.png 1080w\" sizes=\"(max-width: 1024px) 100vw, 1024px\" \/><\/p>\n<hr \/>\n<h3>\u015eAK\u0130R PA\u015eA A\u0130LES\u0130N\u0130N KONUSU NE?<\/h3>\n<p class=\"p1\">T\u00fcrkiye\u2019nin en \u00f6nemli ve renkli ailelerinden biri olan \u015eakir Pa\u015fa ailesini anlatan dizide ailenin karma\u015f\u0131k ve \u00e7arp\u0131c\u0131 hikayesi anlat\u0131l\u0131yor. Bu hikayede Cevat \u015eakir Kabaa\u011fa\u00e7l\u0131&#8217;y\u0131, modern resmin \u00f6nc\u00fcs\u00fc Fahrelnisa Zeid&#8217;, T\u00fcrkiye&#8217;nin ilk grav\u00fcr sanat\u00e7\u0131s\u0131 Aliye Berger&#8217; ve ilk seramik sanat\u00e7\u0131s\u0131 F\u00fcreya Koral yer al\u0131yor.<\/p>\n<p><img loading=\"lazy\" decoding=\"async\" class=\"alignnone wp-image-208361 size-large\" src=\"https:\/\/www.tgrthaber.com\/mavikadin\/wp-content\/uploads\/Ekran-Resmi-2025-07-21-17.58.34-1024x691.png\" alt=\"\" width=\"1024\" height=\"691\" title=\"\" srcset=\"https:\/\/www.tgrthaber.com\/mavikadin\/wp-content\/uploads\/Ekran-Resmi-2025-07-21-17.58.34-1024x691.png 1024w, https:\/\/www.tgrthaber.com\/mavikadin\/wp-content\/uploads\/Ekran-Resmi-2025-07-21-17.58.34-300x202.png 300w, https:\/\/www.tgrthaber.com\/mavikadin\/wp-content\/uploads\/Ekran-Resmi-2025-07-21-17.58.34-768x518.png 768w, https:\/\/www.tgrthaber.com\/mavikadin\/wp-content\/uploads\/Ekran-Resmi-2025-07-21-17.58.34.png 1216w\" sizes=\"(max-width: 1024px) 100vw, 1024px\" \/><\/p>\n<hr \/>\n<p class=\"p1\">Dizide ailenin birbirleriyle olan ili\u015fkileri ve ya\u015famlar\u0131 farkl\u0131 bir perspektiften anlat\u0131l\u0131yor. Dizi ba\u015flad\u0131\u011f\u0131 andan itibaren sosyal medyan\u0131n g\u00fcndemine oturmu\u015f ve en \u00e7ok konu\u015fulan yap\u0131mlar aras\u0131nda yer alm\u0131\u015ft\u0131.<\/p>\n","protected":false},"excerpt":{"rendered":"<p>\u015eakir Pa\u015fa Ailesi: Mucizeler ve Skandallar dizisi seyircisini \u00fczen haber geldi! Dizi gelen haberlere g\u00f6re 2. sezonda yay\u0131nlanmayacak. Bak\u0131n sebebi ne \u00e7\u0131kt\u0131! <\/p>\n","protected":false},"author":16,"featured_media":208362,"comment_status":"closed","ping_status":"closed","sticky":false,"template":"","format":"standard","meta":{"rank_math_lock_modified_date":false,"footnotes":""},"categories":[602],"tags":[2628,3602,28998,28999,28997],"class_list":["post-208346","post","type-post","status-publish","format-standard","has-post-thumbnail","hentry","category-diziler","tag-dizi-haberleri","tag-diziler","tag-sakir-pasa-ailesi-2-sezon-neden-iptal-edildi","tag-sakir-pasa-ailesi-2-sezonu-neden-iptal","tag-sakir-pasa-ailesi-mucizeler-ve-skandallar-dizisinin-2-sezonu-iptal"],"_links":{"self":[{"href":"https:\/\/www.tgrthaber.com\/mavikadin\/wp-json\/wp\/v2\/posts\/208346"}],"collection":[{"href":"https:\/\/www.tgrthaber.com\/mavikadin\/wp-json\/wp\/v2\/posts"}],"about":[{"href":"https:\/\/www.tgrthaber.com\/mavikadin\/wp-json\/wp\/v2\/types\/post"}],"author":[{"embeddable":true,"href":"https:\/\/www.tgrthaber.com\/mavikadin\/wp-json\/wp\/v2\/users\/16"}],"replies":[{"embeddable":true,"href":"https:\/\/www.tgrthaber.com\/mavikadin\/wp-json\/wp\/v2\/comments?post=208346"}],"version-history":[{"count":2,"href":"https:\/\/www.tgrthaber.com\/mavikadin\/wp-json\/wp\/v2\/posts\/208346\/revisions"}],"predecessor-version":[{"id":208364,"href":"https:\/\/www.tgrthaber.com\/mavikadin\/wp-json\/wp\/v2\/posts\/208346\/revisions\/208364"}],"wp:featuredmedia":[{"embeddable":true,"href":"https:\/\/www.tgrthaber.com\/mavikadin\/wp-json\/wp\/v2\/media\/208362"}],"wp:attachment":[{"href":"https:\/\/www.tgrthaber.com\/mavikadin\/wp-json\/wp\/v2\/media?parent=208346"}],"wp:term":[{"taxonomy":"category","embeddable":true,"href":"https:\/\/www.tgrthaber.com\/mavikadin\/wp-json\/wp\/v2\/categories?post=208346"},{"taxonomy":"post_tag","embeddable":true,"href":"https:\/\/www.tgrthaber.com\/mavikadin\/wp-json\/wp\/v2\/tags?post=208346"}],"curies":[{"name":"wp","href":"https:\/\/api.w.org\/{rel}","templated":true}]}}