{"id":208347,"date":"2025-07-21T17:56:40","date_gmt":"2025-07-21T14:56:40","guid":{"rendered":"https:\/\/www.tgrthaber.com\/mavikadin\/?p=208347"},"modified":"2025-07-21T17:56:40","modified_gmt":"2025-07-21T14:56:40","slug":"uzak-sehir-dizisinde-soke-eden-ayrilik-iddiasi-ozan-akbaba-uzak-sehir-dizisinden-ayriliyor-mu","status":"publish","type":"post","link":"https:\/\/www.tgrthaber.com\/mavikadin\/uzak-sehir-dizisinde-soke-eden-ayrilik-iddiasi-ozan-akbaba-uzak-sehir-dizisinden-ayriliyor-mu\/","title":{"rendered":"Uzak \u015eehir dizisinde \u015foke eden ayr\u0131l\u0131k iddias\u0131! Ozan Akbaba Uzak \u015eehir dizisinden ayr\u0131l\u0131yor mu?"},"content":{"rendered":"<p>Yay\u0131nland\u0131\u011f\u0131 g\u00fcnden bu yana izlenme rekorlar\u0131na imza atan Uzak \u015eehir dizisinde \u015foke eden bir ayr\u0131l\u0131\u011f\u0131n ya\u015fanaca\u011f\u0131 iddia edildi. Dizinin ba\u015frol karakterleri aras\u0131nda yer alan Ozan Akbaba\u2019n\u0131n Uzak \u015eehir\u2019den ayr\u0131laca\u011f\u0131 konu\u015fuluyor. Peki, Ozan Akbaba Uzak \u015eehir dizisinden ayr\u0131l\u0131yor mu? \u0130\u015fte Ozan Akbaba\u2019n\u0131n Uzak \u015eehir dizisinden ayr\u0131l\u0131p ayr\u0131lmayaca\u011f\u0131na dair detaylar\u2026<\/p>\n<h3>UZAK \u015eEH\u0130R D\u0130Z\u0130S\u0130NDE \u015eOKE EDEN AYRILIK \u0130DD\u0130ASI!<\/h3>\n<p>Kanal D ekranlar\u0131n\u0131n reyting rekortmeni dizisi Uzak \u015eehir, yay\u0131nland\u0131\u011f\u0131 g\u00fcnden bu yana b\u00fcy\u00fck bir ilgiyle takip ediliyor. Konusu ve g\u00fc\u00e7l\u00fc oyuncu kadrosuyla dikkatleri \u00fczerine \u00e7eken dizi, yeni sezonda yine f\u0131rt\u0131na gibi esmeye haz\u0131rlan\u0131yor. Yay\u0131nlanan her b\u00f6l\u00fcm\u00fcyle seyirciyi ekran ba\u015f\u0131na kilitlemeyi ba\u015faran dizide \u015foke eden bir ayr\u0131l\u0131\u011f\u0131n ya\u015fanaca\u011f\u0131 iddia ediliyor.<\/p>\n<p><img loading=\"lazy\" decoding=\"async\" class=\"alignnone wp-image-208350\" src=\"https:\/\/www.tgrthaber.com\/mavikadin\/wp-content\/uploads\/Ozan-Akbaba-Uzak-Sehir-3-1024x576.jpg\" alt=\"Uzak \u015eehir dizisinde \u015foke eden ayr\u0131l\u0131k iddias\u0131! Ozan Akbaba Uzak \u015eehir dizisinden ayr\u0131l\u0131yor mu?\" width=\"1208\" height=\"680\" title=\"\" srcset=\"https:\/\/www.tgrthaber.com\/mavikadin\/wp-content\/uploads\/Ozan-Akbaba-Uzak-Sehir-3-1024x576.jpg 1024w, https:\/\/www.tgrthaber.com\/mavikadin\/wp-content\/uploads\/Ozan-Akbaba-Uzak-Sehir-3-300x169.jpg 300w, https:\/\/www.tgrthaber.com\/mavikadin\/wp-content\/uploads\/Ozan-Akbaba-Uzak-Sehir-3-768x432.jpg 768w, https:\/\/www.tgrthaber.com\/mavikadin\/wp-content\/uploads\/Ozan-Akbaba-Uzak-Sehir-3.jpg 1208w\" sizes=\"(max-width: 1208px) 100vw, 1208px\" \/><\/p>\n<hr \/>\n<p>Yeni sezon haz\u0131rl\u0131klar\u0131na yak\u0131n zamanda ba\u015flanacak olan Uzak \u015eehir dizisinin oyuncu kadrosunda hangi isimlerin yer alaca\u011f\u0131 da merakla ara\u015ft\u0131r\u0131l\u0131yor. Dizi hakk\u0131nda sosyal medyada \u00e7e\u015fitli ayr\u0131l\u0131k iddialar\u0131 ortaya at\u0131l\u0131yor. Uzak \u015eehir\u2019in s\u0131k\u0131 takip\u00e7ileri ise yeni sezonda hangi oyuncular\u0131n diziye kesin olarak devam edip etmeyece\u011fini merak ediyor.<\/p>\n<p><img loading=\"lazy\" decoding=\"async\" class=\"alignnone wp-image-208351\" src=\"https:\/\/www.tgrthaber.com\/mavikadin\/wp-content\/uploads\/Ozan-Akbaba-Uzak-Sehir-4-1024x576.jpg\" alt=\"Uzak \u015eehir dizisinde \u015foke eden ayr\u0131l\u0131k iddias\u0131! Ozan Akbaba Uzak \u015eehir dizisinden ayr\u0131l\u0131yor mu?\" width=\"1208\" height=\"680\" title=\"\" srcset=\"https:\/\/www.tgrthaber.com\/mavikadin\/wp-content\/uploads\/Ozan-Akbaba-Uzak-Sehir-4-1024x576.jpg 1024w, https:\/\/www.tgrthaber.com\/mavikadin\/wp-content\/uploads\/Ozan-Akbaba-Uzak-Sehir-4-300x169.jpg 300w, https:\/\/www.tgrthaber.com\/mavikadin\/wp-content\/uploads\/Ozan-Akbaba-Uzak-Sehir-4-768x432.jpg 768w, https:\/\/www.tgrthaber.com\/mavikadin\/wp-content\/uploads\/Ozan-Akbaba-Uzak-Sehir-4.jpg 1208w\" sizes=\"(max-width: 1208px) 100vw, 1208px\" \/><\/p>\n<hr \/>\n<p>Muhte\u015fem bir sezon finaline imza at\u0131lan Uzak \u015eehir dizisinde yeni sezonda ne gibi geli\u015fmelerin ya\u015fanaca\u011f\u0131 da merak edilenler aras\u0131nda yer al\u0131yor. Bu kez ayr\u0131l\u0131k iddialar\u0131yla g\u00fcndemde olan dizide hangi karakterin Uzak \u015eehir\u2019e veda edece\u011fi ara\u015ft\u0131r\u0131l\u0131yor.<\/p>\n<p><img loading=\"lazy\" decoding=\"async\" class=\"alignnone wp-image-208352\" src=\"https:\/\/www.tgrthaber.com\/mavikadin\/wp-content\/uploads\/Ozan-Akbaba-Uzak-Sehir-5-1024x576.jpg\" alt=\"Uzak \u015eehir dizisinde \u015foke eden ayr\u0131l\u0131k iddias\u0131! Ozan Akbaba Uzak \u015eehir dizisinden ayr\u0131l\u0131yor mu?\" width=\"1208\" height=\"680\" title=\"\" srcset=\"https:\/\/www.tgrthaber.com\/mavikadin\/wp-content\/uploads\/Ozan-Akbaba-Uzak-Sehir-5-1024x576.jpg 1024w, https:\/\/www.tgrthaber.com\/mavikadin\/wp-content\/uploads\/Ozan-Akbaba-Uzak-Sehir-5-300x169.jpg 300w, https:\/\/www.tgrthaber.com\/mavikadin\/wp-content\/uploads\/Ozan-Akbaba-Uzak-Sehir-5-768x432.jpg 768w, https:\/\/www.tgrthaber.com\/mavikadin\/wp-content\/uploads\/Ozan-Akbaba-Uzak-Sehir-5.jpg 1208w\" sizes=\"(max-width: 1208px) 100vw, 1208px\" \/><\/p>\n<hr \/>\n<h3>OZAN AKBABA UZAK \u015eEH\u0130R D\u0130Z\u0130S\u0130NDEN AYRILIYOR MU?<\/h3>\n<p>Ba\u015frollerinde Ozan Akbaba ve Sinem \u00dcnsal gibi ba\u015far\u0131l\u0131 oyuncular\u0131n yer ald\u0131\u011f\u0131 Uzak \u015eehir dizisinin yeni sezona nas\u0131l ba\u015flayaca\u011f\u0131 merak uyand\u0131r\u0131yor. Dizinin s\u0131k\u0131 takip\u00e7ileri yeni sezonu sab\u0131rs\u0131zl\u0131kla beklerken, ortaya at\u0131lan iddialar ise Uzak \u015eehir fanlar\u0131n\u0131 k\u0131zd\u0131r\u0131yor. Son zamanlarda Uzak \u015eehir dizisiyle alakal\u0131 bir\u00e7ok iddia ortaya at\u0131l\u0131yor.<\/p>\n<p><img loading=\"lazy\" decoding=\"async\" class=\"alignnone wp-image-208353\" src=\"https:\/\/www.tgrthaber.com\/mavikadin\/wp-content\/uploads\/Ozan-Akbaba-Uzak-Sehir-6-1024x576.jpg\" alt=\"Uzak \u015eehir dizisinde \u015foke eden ayr\u0131l\u0131k iddias\u0131! Ozan Akbaba Uzak \u015eehir dizisinden ayr\u0131l\u0131yor mu?\" width=\"1208\" height=\"680\" title=\"\" srcset=\"https:\/\/www.tgrthaber.com\/mavikadin\/wp-content\/uploads\/Ozan-Akbaba-Uzak-Sehir-6-1024x576.jpg 1024w, https:\/\/www.tgrthaber.com\/mavikadin\/wp-content\/uploads\/Ozan-Akbaba-Uzak-Sehir-6-300x169.jpg 300w, https:\/\/www.tgrthaber.com\/mavikadin\/wp-content\/uploads\/Ozan-Akbaba-Uzak-Sehir-6-768x432.jpg 768w, https:\/\/www.tgrthaber.com\/mavikadin\/wp-content\/uploads\/Ozan-Akbaba-Uzak-Sehir-6.jpg 1208w\" sizes=\"(max-width: 1208px) 100vw, 1208px\" \/><\/p>\n<hr \/>\n<p>\u015eimdilerde ise ortaya at\u0131lan iddialar\u0131n aras\u0131nda Uzak \u015eehir dizisinde \u2018Cihan\u2019 karakterini oynayan Ozan Akbaba\u2019n\u0131n diziye veda edece\u011fi yer al\u0131yor. Dizinin sevilen karakterleri aras\u0131nda yer alan \u2018Cihan\u2019\u0131n Uzak \u015eehir\u2019den ayr\u0131l\u0131p ayr\u0131lmayaca\u011f\u0131 da merak ediliyor.<\/p>\n<p><img loading=\"lazy\" decoding=\"async\" class=\"alignnone wp-image-208354\" src=\"https:\/\/www.tgrthaber.com\/mavikadin\/wp-content\/uploads\/Ozan-Akbaba-Uzak-Sehir-1-1024x576.jpg\" alt=\"Uzak \u015eehir dizisinde \u015foke eden ayr\u0131l\u0131k iddias\u0131! Ozan Akbaba Uzak \u015eehir dizisinden ayr\u0131l\u0131yor mu?\" width=\"1208\" height=\"680\" title=\"\" srcset=\"https:\/\/www.tgrthaber.com\/mavikadin\/wp-content\/uploads\/Ozan-Akbaba-Uzak-Sehir-1-1024x576.jpg 1024w, https:\/\/www.tgrthaber.com\/mavikadin\/wp-content\/uploads\/Ozan-Akbaba-Uzak-Sehir-1-300x169.jpg 300w, https:\/\/www.tgrthaber.com\/mavikadin\/wp-content\/uploads\/Ozan-Akbaba-Uzak-Sehir-1-768x432.jpg 768w, https:\/\/www.tgrthaber.com\/mavikadin\/wp-content\/uploads\/Ozan-Akbaba-Uzak-Sehir-1.jpg 1208w\" sizes=\"(max-width: 1208px) 100vw, 1208px\" \/><\/p>\n<hr \/>\n<p>Ozan Akbaba\u2019n\u0131n Uzak \u015eehir dizisinden ayr\u0131l\u0131p ayr\u0131lmayaca\u011f\u0131na ili\u015fkin herhangi resmi bir a\u00e7\u0131klama bulunmuyor. Tamamen iddia olarak g\u00fcndeme ta\u015f\u0131nan bu olay, sosyal medya kullan\u0131c\u0131lar\u0131 taraf\u0131ndan da ilgiyle ara\u015ft\u0131r\u0131l\u0131yor. Fakat \u00e7e\u015fitli iddialar ortaya at\u0131lsa da Ozan Akbaba\u2019n\u0131n yeni sezonda da kadroda olaca\u011f\u0131 ve Alya \u2013 Cihan a\u015fk\u0131n\u0131n g\u00fc\u00e7l\u00fcklerle s\u0131nanmaya devam edece\u011fi s\u00f6yleniyor.<\/p>\n","protected":false},"excerpt":{"rendered":"<p>Kanal D ekranlar\u0131n\u0131n b\u00fcy\u00fck bir ilgiyle takip edilen dizisi Uzak \u015eehir\u2019de \u015foke eden ayr\u0131l\u0131k iddias\u0131 ortaya at\u0131ld\u0131. \u2018Cihan\u2019 karakteriyle izleyici kar\u015f\u0131s\u0131na \u00e7\u0131kan Ozan Akbaba\u2019n\u0131n Uzak \u015eehir dizisinden ayr\u0131laca\u011f\u0131 iddia edildi. \u0130\u015fte detaylar\u2026<\/p>\n","protected":false},"author":26,"featured_media":208349,"comment_status":"closed","ping_status":"closed","sticky":false,"template":"","format":"standard","meta":{"rank_math_lock_modified_date":false,"footnotes":""},"categories":[602],"tags":[2628,3602,2295,2293,3269,28996],"class_list":["post-208347","post","type-post","status-publish","format-standard","has-post-thumbnail","hentry","category-diziler","tag-dizi-haberleri","tag-diziler","tag-ozan-akbaba","tag-uzak-sehir","tag-uzak-sehir-cihan","tag-uzak-sehir-flas-ayrilik"],"_links":{"self":[{"href":"https:\/\/www.tgrthaber.com\/mavikadin\/wp-json\/wp\/v2\/posts\/208347"}],"collection":[{"href":"https:\/\/www.tgrthaber.com\/mavikadin\/wp-json\/wp\/v2\/posts"}],"about":[{"href":"https:\/\/www.tgrthaber.com\/mavikadin\/wp-json\/wp\/v2\/types\/post"}],"author":[{"embeddable":true,"href":"https:\/\/www.tgrthaber.com\/mavikadin\/wp-json\/wp\/v2\/users\/26"}],"replies":[{"embeddable":true,"href":"https:\/\/www.tgrthaber.com\/mavikadin\/wp-json\/wp\/v2\/comments?post=208347"}],"version-history":[{"count":2,"href":"https:\/\/www.tgrthaber.com\/mavikadin\/wp-json\/wp\/v2\/posts\/208347\/revisions"}],"predecessor-version":[{"id":208357,"href":"https:\/\/www.tgrthaber.com\/mavikadin\/wp-json\/wp\/v2\/posts\/208347\/revisions\/208357"}],"wp:featuredmedia":[{"embeddable":true,"href":"https:\/\/www.tgrthaber.com\/mavikadin\/wp-json\/wp\/v2\/media\/208349"}],"wp:attachment":[{"href":"https:\/\/www.tgrthaber.com\/mavikadin\/wp-json\/wp\/v2\/media?parent=208347"}],"wp:term":[{"taxonomy":"category","embeddable":true,"href":"https:\/\/www.tgrthaber.com\/mavikadin\/wp-json\/wp\/v2\/categories?post=208347"},{"taxonomy":"post_tag","embeddable":true,"href":"https:\/\/www.tgrthaber.com\/mavikadin\/wp-json\/wp\/v2\/tags?post=208347"}],"curies":[{"name":"wp","href":"https:\/\/api.w.org\/{rel}","templated":true}]}}