{"id":208384,"date":"2025-07-21T19:24:10","date_gmt":"2025-07-21T16:24:10","guid":{"rendered":"https:\/\/www.tgrthaber.com\/mavikadin\/?p=208384"},"modified":"2025-07-21T19:24:10","modified_gmt":"2025-07-21T16:24:10","slug":"sefonun-down-sendromlu-hayraniyla-sahnede-sarki-soyledigi-anlar-begeni-rekoru-kirdi","status":"publish","type":"post","link":"https:\/\/www.tgrthaber.com\/mavikadin\/sefonun-down-sendromlu-hayraniyla-sahnede-sarki-soyledigi-anlar-begeni-rekoru-kirdi\/","title":{"rendered":"Sefo&#8217;nun Down sendromlu hayran\u0131yla sahnede \u015fark\u0131 s\u00f6yledi\u011fi anlar be\u011feni rekoru k\u0131rd\u0131"},"content":{"rendered":"<p class=\"p1\">Son d\u00f6nemde Demet Akal\u0131n\u2019la birlikte \u00e7\u0131kard\u0131\u011f\u0131 \u2018Yerinde Dur\u2019 \u015fark\u0131s\u0131yla m\u00fczik listelerinin zirvesine yerle\u015fen Sefo, Kocaeli\u2019nin Kartepe il\u00e7esinde konser verdi. Konser alan\u0131n\u0131 dolduran dinleyicilerini co\u015fturan ve Down sendromlu bir hayran\u0131 k\u0131rmayarak sahnede \u015fark\u0131 s\u00f6yleyen Sefo, bu ince hareketi ile bir kez daha alk\u0131\u015f toplad\u0131.<\/p>\n<h3>SEFO&#8217;NUN DOWN SENDROMLU HAYRANIYLA SAHNEDE \u015eARKI S\u00d6YLED\u0130\u011e\u0130 ANLARA BE\u011eEN\u0130 YA\u011eDI<\/h3>\n<p class=\"p1\">Son d\u00f6nemde pop y\u0131ld\u0131z\u0131 Demet Akal\u0131n ile birlikte \u00e7\u0131kard\u0131\u011f\u0131 &#8220;Yerinde Dur&#8221; \u015fark\u0131s\u0131yla m\u00fczik listelerinde zirveye yerle\u015fen Sefo, Kartepe Ayr\u0131 Gezegen A\u00e7\u0131k Hava Sahnesi\u2019nde konser verdi. Sefo\u2019nun konserine y\u00fczlerce vatanda\u015f kat\u0131ld\u0131. Sevilen \u015fark\u0131lar\u0131n\u0131 hayranlar\u0131yla birlikte seslendiren \u015fark\u0131c\u0131 sahnedeki performans\u0131 ile bir kez daha be\u011feni toplad\u0131.<\/p>\n<div style=\"width: 640px;\" class=\"wp-video\"><!--[if lt IE 9]><script>document.createElement('video');<\/script><![endif]-->\n<video class=\"wp-video-shortcode\" id=\"video-208384-1\" width=\"640\" height=\"1147\" preload=\"metadata\" controls=\"controls\"><source type=\"video\/mp4\" src=\"https:\/\/www.tgrthaber.com\/mavikadin\/wp-content\/uploads\/sefo.mp4?_=1\" \/><a href=\"https:\/\/www.tgrthaber.com\/mavikadin\/wp-content\/uploads\/sefo.mp4\">https:\/\/www.tgrthaber.com\/mavikadin\/wp-content\/uploads\/sefo.mp4<\/a><\/video><\/div>\n<p class=\"p1\">Sefo, konsere kat\u0131lan seyircilere unutulmaz bir gece ya\u015fat\u0131rken, \u015fark\u0131c\u0131n\u0131n down sendromlu bir hayran\u0131n\u0131n iste\u011fini k\u0131rmayarak sahnede birlikte \u015fark\u0131 s\u00f6yledi\u011fi anlara be\u011feni ya\u011fd\u0131. Konserin ard\u0131ndan bas\u0131n mensuplar\u0131n\u0131n sorular\u0131n\u0131 cevaplayan Sefo, &#8216;Bundan sonra herhangi bir sanat\u00e7\u0131 ile yine i\u015fbirli\u011fi yapar m\u0131s\u0131n?&#8217; sorusuna,<span class=\"Apple-converted-space\">\u00a0 <\/span>&#8220;Her zaman \u00e7al\u0131\u015fmaya devam. \u0130\u015f birli\u011fi de olur, tek ba\u015f\u0131na da olur. Biz m\u00fczik \u00fcretmeye devam edece\u011fiz&#8221; dedi.<\/p>\n<p><img loading=\"lazy\" decoding=\"async\" class=\"alignnone wp-image-208405 \" src=\"https:\/\/www.tgrthaber.com\/mavikadin\/wp-content\/uploads\/Ekran-Resmi-2025-07-21-19.17.24.png\" alt=\"\" width=\"982\" height=\"609\" title=\"\" srcset=\"https:\/\/www.tgrthaber.com\/mavikadin\/wp-content\/uploads\/Ekran-Resmi-2025-07-21-19.17.24.png 874w, https:\/\/www.tgrthaber.com\/mavikadin\/wp-content\/uploads\/Ekran-Resmi-2025-07-21-19.17.24-300x186.png 300w, https:\/\/www.tgrthaber.com\/mavikadin\/wp-content\/uploads\/Ekran-Resmi-2025-07-21-19.17.24-768x476.png 768w\" sizes=\"(max-width: 982px) 100vw, 982px\" \/><\/p>\n<hr \/>\n<p class=\"p1\">Demet Akal\u0131n\u2019la yeniden bir d\u00fcet yap\u0131l\u0131p yap\u0131lmayaca\u011f\u0131 sorusu \u00fczerine, &#8220;Demet Ablamla bir \u00e7al\u0131\u015fmam\u0131z oldu, \u015fu anl\u0131k durum bu. Devam\u0131nda ba\u015fka haz\u0131rl\u0131klar, projeler var. \u00dclke olarak \u00e7ok de\u011ferli sanat\u00e7\u0131lara sahibiz&#8221; diye konu\u015ftu.<\/p>\n<h3>SEFO K\u0130MD\u0130R KA\u00c7 YA\u015eINDA?<\/h3>\n<p class=\"p1\">Sahne ad\u0131 Sefo olan \u00fcnl\u00fc \u015fark\u0131c\u0131n\u0131n ger\u00e7ek ismi Seyfullah Sa\u011f\u0131r\u2019d\u0131r. 1998 y\u0131l\u0131nda Samsun\u2019da d\u00fcnyaya gelen Sefo Aslen Trabzonludur. <span class=\"Apple-converted-space\">\u00a0 <\/span>&#8220;Bilmem Mi?&#8221; \u0130simli \u015fark\u0131s\u0131yla geni\u015f kitlelerce tan\u0131nm\u0131\u015ft\u0131r. Son olarak Demet Akal\u0131n&#8217;la &#8216;Yerinde Dur&#8217; \u015fark\u0131s\u0131nda d\u00fcet yapan Sefo, m\u00fczik listelerinde zirveye oturmu\u015ftur.<\/p>\n<p><img loading=\"lazy\" decoding=\"async\" class=\"alignnone wp-image-208406 size-full\" src=\"https:\/\/www.tgrthaber.com\/mavikadin\/wp-content\/uploads\/Ekran-Resmi-2025-07-21-19.18.44.png\" alt=\"\" width=\"976\" height=\"588\" title=\"\" srcset=\"https:\/\/www.tgrthaber.com\/mavikadin\/wp-content\/uploads\/Ekran-Resmi-2025-07-21-19.18.44.png 976w, https:\/\/www.tgrthaber.com\/mavikadin\/wp-content\/uploads\/Ekran-Resmi-2025-07-21-19.18.44-300x181.png 300w, https:\/\/www.tgrthaber.com\/mavikadin\/wp-content\/uploads\/Ekran-Resmi-2025-07-21-19.18.44-768x463.png 768w\" sizes=\"(max-width: 976px) 100vw, 976px\" \/><\/p>\n<hr \/>\n<p class=\"p1\">Diskografi<\/p>\n<p class=\"p1\">Yalan (2018)<\/p>\n<p class=\"p1\">Poz (2019)<\/p>\n<p class=\"p1\">Up Down (2019)<\/p>\n<p class=\"p1\">362 (2019)<\/p>\n<p class=\"p1\">Derdi Ne? (2019)<\/p>\n<p class=\"p1\">Ba\u015fa Sar (ft. Aerro, Yase) (2020)<\/p>\n<p><img loading=\"lazy\" decoding=\"async\" class=\"alignnone wp-image-208407 size-full\" src=\"https:\/\/www.tgrthaber.com\/mavikadin\/wp-content\/uploads\/Ekran-Resmi-2025-07-21-19.18.52.png\" alt=\"\" width=\"1018\" height=\"688\" title=\"\" srcset=\"https:\/\/www.tgrthaber.com\/mavikadin\/wp-content\/uploads\/Ekran-Resmi-2025-07-21-19.18.52.png 1018w, https:\/\/www.tgrthaber.com\/mavikadin\/wp-content\/uploads\/Ekran-Resmi-2025-07-21-19.18.52-300x203.png 300w, https:\/\/www.tgrthaber.com\/mavikadin\/wp-content\/uploads\/Ekran-Resmi-2025-07-21-19.18.52-768x519.png 768w\" sizes=\"(max-width: 1018px) 100vw, 1018px\" \/><\/p>\n<hr \/>\n<p class=\"p1\">Rest (2020)<\/p>\n<p class=\"p1\">Kaybol (ft. Revart) (2020)<\/p>\n<p class=\"p1\">Nerdeyim? (2020)<\/p>\n<p class=\"p1\">Geri Gel (2020)<\/p>\n<p class=\"p1\">Ard\u0131ndan (2021)<\/p>\n<p><img loading=\"lazy\" decoding=\"async\" class=\"alignnone wp-image-208409 \" src=\"https:\/\/www.tgrthaber.com\/mavikadin\/wp-content\/uploads\/Ekran-Resmi-2025-07-21-19.20.55.png\" alt=\"\" width=\"983\" height=\"579\" title=\"\" srcset=\"https:\/\/www.tgrthaber.com\/mavikadin\/wp-content\/uploads\/Ekran-Resmi-2025-07-21-19.20.55.png 954w, https:\/\/www.tgrthaber.com\/mavikadin\/wp-content\/uploads\/Ekran-Resmi-2025-07-21-19.20.55-300x177.png 300w, https:\/\/www.tgrthaber.com\/mavikadin\/wp-content\/uploads\/Ekran-Resmi-2025-07-21-19.20.55-768x452.png 768w\" sizes=\"(max-width: 983px) 100vw, 983px\" \/><\/p>\n<hr \/>\n<p class=\"p1\">Youngstar (2021)<\/p>\n<p class=\"p1\">\u0130htiyac\u0131m Yok (2021)<\/p>\n<p class=\"p1\">Liman (ft. Kayra \u00c7andar) (2021)<\/p>\n<p class=\"p1\">Toz Duman (2021)<\/p>\n<p class=\"p1\">Bonita (ft. Reynmen) (2021)<\/p>\n<p class=\"p1\">Bilmem mi? (2021)<\/p>\n<p class=\"p1\">Affettim (2022)<\/p>\n<p><img loading=\"lazy\" decoding=\"async\" class=\"alignnone wp-image-208408 size-full\" src=\"https:\/\/www.tgrthaber.com\/mavikadin\/wp-content\/uploads\/Ekran-Resmi-2025-07-21-19.19.59.png\" alt=\"\" width=\"984\" height=\"568\" title=\"\" srcset=\"https:\/\/www.tgrthaber.com\/mavikadin\/wp-content\/uploads\/Ekran-Resmi-2025-07-21-19.19.59.png 984w, https:\/\/www.tgrthaber.com\/mavikadin\/wp-content\/uploads\/Ekran-Resmi-2025-07-21-19.19.59-300x173.png 300w, https:\/\/www.tgrthaber.com\/mavikadin\/wp-content\/uploads\/Ekran-Resmi-2025-07-21-19.19.59-768x443.png 768w\" sizes=\"(max-width: 984px) 100vw, 984px\" \/><\/p>\n<hr \/>\n<p class=\"p1\">M\u00edrame (Bilmem mi? Remix) (ft. Reik) (2022)<\/p>\n<p class=\"p1\">Yar\u0131m Kal\u0131r (ft. Revart) (2022)<\/p>\n<p class=\"p1\">Tutsak (2022)<\/p>\n<p class=\"p1\">Isabelle (ft. CAPO) (2022)<\/p>\n<p class=\"p1\">K\u00f6rd\u00fc\u011f\u00fcm (ft. Jako) (2022)<\/p>\n<p class=\"p1\">\u015eahane (ft. Organize) (2022)<\/p>\n<p class=\"p1\">Gitti (ft. Aerro) (2022)<\/p>\n<p class=\"p1\">Beni Beni (2022)<\/p>\n","protected":false},"excerpt":{"rendered":"<p>Demet Akal\u0131n&#8217;la birlikte yapt\u0131\u011f\u0131 &#8216;Yerinde Dur&#8217;d\u00fceti ile m\u00fczik listelerinde zirveye ula\u015fan Sefo, son olarak Kocaeli konserinde hayranlar\u0131yla bulu\u015ftu. Konserde down sendromlu hayran\u0131n\u0131 k\u0131rmayarak, sahnede birlikte \u015fark\u0131 s\u00f6yledi\u011fi anlar be\u011feni rekoru k\u0131rd\u0131. <\/p>\n","protected":false},"author":16,"featured_media":208402,"comment_status":"closed","ping_status":"closed","sticky":false,"template":"","format":"standard","meta":{"rank_math_lock_modified_date":false,"footnotes":""},"categories":[76],"tags":[133,2218,29010,29009,29011],"class_list":["post-208384","post","type-post","status-publish","format-standard","has-post-thumbnail","hentry","category-magazin","tag-magazin","tag-magazin-haberleri","tag-sefo-down-sendrom-hayran-kocaeli-konser","tag-sefo-down-sendrom-hayran-sarki","tag-sefo-kimdir"],"_links":{"self":[{"href":"https:\/\/www.tgrthaber.com\/mavikadin\/wp-json\/wp\/v2\/posts\/208384"}],"collection":[{"href":"https:\/\/www.tgrthaber.com\/mavikadin\/wp-json\/wp\/v2\/posts"}],"about":[{"href":"https:\/\/www.tgrthaber.com\/mavikadin\/wp-json\/wp\/v2\/types\/post"}],"author":[{"embeddable":true,"href":"https:\/\/www.tgrthaber.com\/mavikadin\/wp-json\/wp\/v2\/users\/16"}],"replies":[{"embeddable":true,"href":"https:\/\/www.tgrthaber.com\/mavikadin\/wp-json\/wp\/v2\/comments?post=208384"}],"version-history":[{"count":2,"href":"https:\/\/www.tgrthaber.com\/mavikadin\/wp-json\/wp\/v2\/posts\/208384\/revisions"}],"predecessor-version":[{"id":208411,"href":"https:\/\/www.tgrthaber.com\/mavikadin\/wp-json\/wp\/v2\/posts\/208384\/revisions\/208411"}],"wp:featuredmedia":[{"embeddable":true,"href":"https:\/\/www.tgrthaber.com\/mavikadin\/wp-json\/wp\/v2\/media\/208402"}],"wp:attachment":[{"href":"https:\/\/www.tgrthaber.com\/mavikadin\/wp-json\/wp\/v2\/media?parent=208384"}],"wp:term":[{"taxonomy":"category","embeddable":true,"href":"https:\/\/www.tgrthaber.com\/mavikadin\/wp-json\/wp\/v2\/categories?post=208384"},{"taxonomy":"post_tag","embeddable":true,"href":"https:\/\/www.tgrthaber.com\/mavikadin\/wp-json\/wp\/v2\/tags?post=208384"}],"curies":[{"name":"wp","href":"https:\/\/api.w.org\/{rel}","templated":true}]}}