{"id":208403,"date":"2025-07-21T20:20:28","date_gmt":"2025-07-21T17:20:28","guid":{"rendered":"https:\/\/www.tgrthaber.com\/mavikadin\/?p=208403"},"modified":"2025-07-21T22:46:21","modified_gmt":"2025-07-21T19:46:21","slug":"sette-mobbing-iddiasiyla-gundeme-gelen-bahar-sahine-usta-isimden-dikkat-ceken-paylasim","status":"publish","type":"post","link":"https:\/\/www.tgrthaber.com\/mavikadin\/sette-mobbing-iddiasiyla-gundeme-gelen-bahar-sahine-usta-isimden-dikkat-ceken-paylasim\/","title":{"rendered":"Sette mobbing iddias\u0131yla g\u00fcndeme gelen Bahar \u015eahin&#8217;e usta isimden dikkat \u00e7eken payla\u015f\u0131m!"},"content":{"rendered":"<p>G\u00fczel oyuncu Bahar \u015eahin Zalim \u0130stanbul g\u00fcnleri ile g\u00fcndeme bomba gibi d\u00fc\u015ft\u00fc. Dizide Neriman rol\u00fcn\u00fc \u00fcstlenen Ay\u015fen Sezerel, bu iddialara daha fazla kay\u0131ts\u0131z kalamayarak sosyal medya hesab\u0131 \u00fczerinden bir payla\u015f\u0131m yapt\u0131. &#8216;Can\u0131m torunum, seni \u00e7ok seviyorum&#8217; notunu d\u00fc\u015fen Sezerel, Bahar \u015eahin&#8217;le yan yana oldu\u011fu bir foto\u011fraf yay\u0131nlayarak t\u00fcm dikkatleri \u00fczerine \u00e7ekti. Tam da olaylar\u0131n patlak verdi\u011fi zamanda gelen bu kare \u00e7ok\u00e7a etkile\u015fim alarak, sosyal medya kullan\u0131c\u0131lar\u0131n\u0131n radar\u0131na girmeyi ba\u015fard\u0131. T\u00fcm detaylar haberimizde&#8230;<\/p>\n<h3>SETTE MOBB\u0130NG \u0130DD\u0130ASIYLA G\u00dcNDEME GELEN BAHAR \u015eAH\u0130N&#8217;E USTA \u0130S\u0130MDEN D\u0130KKAT \u00c7EKEN PAYLA\u015eIM<\/h3>\n<p>Zalim \u0130stanbul dizisinde ayn\u0131 kadroda bulunan Ay\u015fen Sezerel ve Bahar \u015eahin&#8217;den s\u00fcrpriz bir hamle geldi. \u0130ki ismin y\u0131llar sonra bir arada oldu\u011fu kare, \u00f6zellikle zamanlama a\u00e7\u0131s\u0131ndan dikkatleri \u00fczerine \u00e7ekti.<\/p>\n<p><img loading=\"lazy\" decoding=\"async\" class=\"alignnone wp-image-208426\" src=\"https:\/\/www.tgrthaber.com\/mavikadin\/wp-content\/uploads\/bahar-sahinden-yillar-sonra-itiraf-dizi-setinde-mobbinge-ugradigini-acikladi-dmi9-300x169.webp\" alt=\"\" width=\"1208\" height=\"680\" title=\"\" srcset=\"https:\/\/www.tgrthaber.com\/mavikadin\/wp-content\/uploads\/bahar-sahinden-yillar-sonra-itiraf-dizi-setinde-mobbinge-ugradigini-acikladi-dmi9-300x169.webp 300w, https:\/\/www.tgrthaber.com\/mavikadin\/wp-content\/uploads\/bahar-sahinden-yillar-sonra-itiraf-dizi-setinde-mobbinge-ugradigini-acikladi-dmi9-1024x576.webp 1024w, https:\/\/www.tgrthaber.com\/mavikadin\/wp-content\/uploads\/bahar-sahinden-yillar-sonra-itiraf-dizi-setinde-mobbinge-ugradigini-acikladi-dmi9-768x432.webp 768w, https:\/\/www.tgrthaber.com\/mavikadin\/wp-content\/uploads\/bahar-sahinden-yillar-sonra-itiraf-dizi-setinde-mobbinge-ugradigini-acikladi-dmi9.webp 1280w\" sizes=\"(max-width: 1208px) 100vw, 1208px\" \/><\/p>\n<hr \/>\n<p>Ay\u015fen Sezerel&#8217;in payla\u015f\u0131m\u0131na &#8216;Can\u0131m torunum, seni \u00e7ok seviyorum&#8217; notunu d\u00fc\u015fmesi kafalar\u0131 daha da kar\u0131\u015ft\u0131rd\u0131. Zalim \u0130stanbul dizisinde Ceren Y\u0131lmaz&#8217;\u0131 oynayan Bahar \u015eahin,\u00a0 ayn\u0131 dizinin oyuncu kadrosunda bulunan usta oyuncu Ay\u015fen Sezerel&#8217;in \u00fcstlendi\u011fi Neriman Y\u0131lmaz&#8217;\u0131n torunuydu. Sezerel&#8217;in payla\u015f\u0131m\u0131na d\u00fc\u015ft\u00fc\u011f\u00fc not, &#8216;Acaba g\u00f6nderme mi var?&#8217; sorular\u0131n\u0131 da beraberinde getirdi.<\/p>\n<p><img loading=\"lazy\" decoding=\"async\" class=\"alignnone wp-image-208427\" src=\"https:\/\/www.tgrthaber.com\/mavikadin\/wp-content\/uploads\/bahar-sahin-1-300x169.webp\" alt=\"\" width=\"1208\" height=\"680\" title=\"\" srcset=\"https:\/\/www.tgrthaber.com\/mavikadin\/wp-content\/uploads\/bahar-sahin-1-300x169.webp 300w, https:\/\/www.tgrthaber.com\/mavikadin\/wp-content\/uploads\/bahar-sahin-1-1024x576.webp 1024w, https:\/\/www.tgrthaber.com\/mavikadin\/wp-content\/uploads\/bahar-sahin-1-768x432.webp 768w, https:\/\/www.tgrthaber.com\/mavikadin\/wp-content\/uploads\/bahar-sahin-1.webp 1280w\" sizes=\"(max-width: 1208px) 100vw, 1208px\" \/><\/p>\n<hr \/>\n<h3>SETTE MOBB\u0130NG \u0130DD\u0130ASI MAGAZ\u0130N D\u00dcNYASINI SARSTI<\/h3>\n<p>Zalim \u0130stanbul oyuncusu k\u0131sa s\u00fcre \u00f6nce YouTube&#8217;da ya\u015fad\u0131\u011f\u0131 bir olay\u0131 anlatt\u0131. Sette, &#8216;Bana varo\u015f dedi ve \u00fcst\u00fcme y\u00fcr\u00fcd\u00fc. Korkudan tir tir titredim ve kimse benim yan\u0131mda de\u011fildi&#8217; diyerek adeta magazin d\u00fcnyas\u0131nda deprem etkisi olu\u015fturdu. Gen\u00e7 oyuncu k\u00fc\u00e7\u00fck oldu\u011fu i\u00e7in a\u015fa\u011fland\u0131\u011f\u0131n\u0131 ve Zalim \u0130stanbul setinde \u00e7ok zor g\u00fcnler ge\u00e7irdi\u011finden bahsetti.<\/p>\n<p><img loading=\"lazy\" decoding=\"async\" class=\"alignnone wp-image-208428\" src=\"https:\/\/www.tgrthaber.com\/mavikadin\/wp-content\/uploads\/bahar-sahin-300x169.webp\" alt=\"\" width=\"1208\" height=\"680\" title=\"\" srcset=\"https:\/\/www.tgrthaber.com\/mavikadin\/wp-content\/uploads\/bahar-sahin-300x169.webp 300w, https:\/\/www.tgrthaber.com\/mavikadin\/wp-content\/uploads\/bahar-sahin-1024x576.webp 1024w, https:\/\/www.tgrthaber.com\/mavikadin\/wp-content\/uploads\/bahar-sahin-768x432.webp 768w, https:\/\/www.tgrthaber.com\/mavikadin\/wp-content\/uploads\/bahar-sahin.webp 1280w\" sizes=\"(max-width: 1208px) 100vw, 1208px\" \/><\/p>\n<hr \/>\n<p>Bahar \u015eahin&#8217;in bu a\u00e7\u0131klamalar\u0131ndan sonra y\u0131llar \u00f6nce yay\u0131nlanan Zalim \u0130stanbul dizisinde yer alan kad\u0131n oyuncularla ilgili de tahminler y\u00fcr\u00fct\u00fclmeye ba\u015fland\u0131.<\/p>\n<p><img loading=\"lazy\" decoding=\"async\" class=\"alignnone wp-image-208484\" src=\"https:\/\/www.tgrthaber.com\/mavikadin\/wp-content\/uploads\/651069ceae0a8f1e4c2a20c6-300x169.webp\" alt=\"\" width=\"1208\" height=\"680\" title=\"\" srcset=\"https:\/\/www.tgrthaber.com\/mavikadin\/wp-content\/uploads\/651069ceae0a8f1e4c2a20c6-300x169.webp 300w, https:\/\/www.tgrthaber.com\/mavikadin\/wp-content\/uploads\/651069ceae0a8f1e4c2a20c6-1024x576.webp 1024w, https:\/\/www.tgrthaber.com\/mavikadin\/wp-content\/uploads\/651069ceae0a8f1e4c2a20c6-768x432.webp 768w, https:\/\/www.tgrthaber.com\/mavikadin\/wp-content\/uploads\/651069ceae0a8f1e4c2a20c6.webp 1200w\" sizes=\"(max-width: 1208px) 100vw, 1208px\" \/><\/p>\n<hr \/>\n<p>Tam bu a\u00e7\u0131klamalar\u0131n ard\u0131ndan Ay\u015fen Sezerel&#8217;in yapt\u0131\u011f\u0131 bu payla\u015f\u0131m sosyal medyada binlerce be\u011feni alarak yorum ya\u011fmuruna tutuldu.<\/p>\n","protected":false},"excerpt":{"rendered":"<p>Bir zamanlar ekranlara damga vuran Zalim \u0130stanbul dizisi, oyuncu kadrosu ve mobbing iddialar\u0131yla g\u00fcndemde.\u00a0 Sette \u00e7ok zor g\u00fcnler ya\u015fad\u0131\u011f\u0131n\u0131 anlatan ve g\u00fcndemi olduk\u00e7a me\u015fgul eden mobbing iddialar\u0131na kar\u015f\u0131 cevap niteli\u011finde bir payla\u015f\u0131m geldi. Zalim \u0130stanbul&#8217;un usta oyuncusu Bahar \u015eahin&#8217;e yapt\u0131\u011f\u0131 s\u00fcrpriz payla\u015f\u0131mla g\u00fcndeme geldi. \u0130\u015fte detaylar&#8230;<\/p>\n","protected":false},"author":35,"featured_media":208431,"comment_status":"closed","ping_status":"closed","sticky":false,"template":"","format":"standard","meta":{"rank_math_lock_modified_date":false,"footnotes":""},"categories":[76],"tags":[29016,13633,29017,133,28811],"class_list":["post-208403","post","type-post","status-publish","format-standard","has-post-thumbnail","hentry","category-magazin","tag-ayse-sezener","tag-bahar-sahin","tag-dobbing-iddiasi","tag-magazin","tag-zalim-istanbul"],"_links":{"self":[{"href":"https:\/\/www.tgrthaber.com\/mavikadin\/wp-json\/wp\/v2\/posts\/208403"}],"collection":[{"href":"https:\/\/www.tgrthaber.com\/mavikadin\/wp-json\/wp\/v2\/posts"}],"about":[{"href":"https:\/\/www.tgrthaber.com\/mavikadin\/wp-json\/wp\/v2\/types\/post"}],"author":[{"embeddable":true,"href":"https:\/\/www.tgrthaber.com\/mavikadin\/wp-json\/wp\/v2\/users\/35"}],"replies":[{"embeddable":true,"href":"https:\/\/www.tgrthaber.com\/mavikadin\/wp-json\/wp\/v2\/comments?post=208403"}],"version-history":[{"count":4,"href":"https:\/\/www.tgrthaber.com\/mavikadin\/wp-json\/wp\/v2\/posts\/208403\/revisions"}],"predecessor-version":[{"id":208485,"href":"https:\/\/www.tgrthaber.com\/mavikadin\/wp-json\/wp\/v2\/posts\/208403\/revisions\/208485"}],"wp:featuredmedia":[{"embeddable":true,"href":"https:\/\/www.tgrthaber.com\/mavikadin\/wp-json\/wp\/v2\/media\/208431"}],"wp:attachment":[{"href":"https:\/\/www.tgrthaber.com\/mavikadin\/wp-json\/wp\/v2\/media?parent=208403"}],"wp:term":[{"taxonomy":"category","embeddable":true,"href":"https:\/\/www.tgrthaber.com\/mavikadin\/wp-json\/wp\/v2\/categories?post=208403"},{"taxonomy":"post_tag","embeddable":true,"href":"https:\/\/www.tgrthaber.com\/mavikadin\/wp-json\/wp\/v2\/tags?post=208403"}],"curies":[{"name":"wp","href":"https:\/\/api.w.org\/{rel}","templated":true}]}}