{"id":208501,"date":"2025-07-22T00:36:39","date_gmt":"2025-07-21T21:36:39","guid":{"rendered":"https:\/\/www.tgrthaber.com\/mavikadin\/?p=208501"},"modified":"2025-07-22T00:36:39","modified_gmt":"2025-07-21T21:36:39","slug":"gokhan-erdem-kimdir-kac-yasinda-gokhan-erdem-evli-mi-meslegi-ne","status":"publish","type":"post","link":"https:\/\/www.tgrthaber.com\/mavikadin\/gokhan-erdem-kimdir-kac-yasinda-gokhan-erdem-evli-mi-meslegi-ne\/","title":{"rendered":"G\u00f6khan Erdem kimdir ka\u00e7 ya\u015f\u0131nda? G\u00f6khan Erdem evli mi mesle\u011fi ne?"},"content":{"rendered":"<p>\u0130\u015f d\u00fcnyas\u0131n\u0131n ve uzay merakl\u0131lar\u0131n\u0131n radar\u0131na giren G\u00f6khan Erdem uzaya \u00e7\u0131kmaya haz\u0131rlan\u0131yor. Blue origin&#8217;in New Shepard roketiyle u\u00e7u\u015fa ge\u00e7ecek i\u015f insan\u0131 G\u00f6khan Erdem A\u011fustos ay\u0131nda T\u00fcrkiye i\u00e7in bir ba\u015flang\u0131c\u0131n kilit ismi de olacak. Hal b\u00f6yle olunca, arama motorlar\u0131nda ad\u0131 ge\u00e7en G\u00f6khan Erdem&#8217;in kim oldu\u011fu, ya\u015f\u0131 ve \u00f6zel hayat\u0131 ara\u015ft\u0131r\u0131l\u0131yor. Merak edilen t\u00fcm sorular\u0131n cevaplar\u0131n\u0131 haberimizde derledik&#8230;<\/p>\n<h3>G\u00d6KHAN ERDEM K\u0130MD\u0130R KA\u00c7 YA\u015eINDA?<\/h3>\n<p>Erdem Holding y\u00f6netim kurulunda yer alan i\u015f insan\u0131 G\u00f6khan Erdem, in\u015faat, enerji, sigorta, turizm ve telekom\u00fcnikasyon gibi \u00e7e\u015fitli sekt\u00f6rlerde ad\u0131n\u0131 duyurmu\u015f bir isim. Ulusal ve uluslararas\u0131 platformlarda tan\u0131nan G\u00f6khan Erdem, ailenin k\u00f6kl\u00fc \u015firketlerinde s\u00f6z sahibi.<\/p>\n<p><img loading=\"lazy\" decoding=\"async\" class=\"alignnone wp-image-208508\" src=\"https:\/\/www.tgrthaber.com\/mavikadin\/wp-content\/uploads\/rtgrtg-3-300x169.webp\" alt=\"\" width=\"1208\" height=\"680\" title=\"\" srcset=\"https:\/\/www.tgrthaber.com\/mavikadin\/wp-content\/uploads\/rtgrtg-3-300x169.webp 300w, https:\/\/www.tgrthaber.com\/mavikadin\/wp-content\/uploads\/rtgrtg-3-1024x576.webp 1024w, https:\/\/www.tgrthaber.com\/mavikadin\/wp-content\/uploads\/rtgrtg-3-768x432.webp 768w, https:\/\/www.tgrthaber.com\/mavikadin\/wp-content\/uploads\/rtgrtg-3.webp 1280w\" sizes=\"(max-width: 1208px) 100vw, 1208px\" \/><\/p>\n<hr \/>\n<p>Uzay yolculu\u011fu i\u00e7in \u00e7ok \u00e7al\u0131\u015fan Erdem, 2023&#8217;te Bursa&#8217;da GUHEM astronot kongresine kat\u0131ld\u0131. Burada tan\u0131\u015ft\u0131\u011f\u0131 d\u00fcnyaca \u00fcnl\u00fc astronotlardan olan, Oleg Artemyev, Victor Glover ve M\u015fchael Lopez Alegria gibi isimlerden etkilenerek ilham alan Erdem, uzaya \u00e7\u0131kma hayalini ger\u00e7e\u011fe d\u00f6n\u00fc\u015ft\u00fcrmeye karar verdi.<\/p>\n<p><img loading=\"lazy\" decoding=\"async\" class=\"alignnone wp-image-208509\" src=\"https:\/\/www.tgrthaber.com\/mavikadin\/wp-content\/uploads\/GwY3R8dXAAE5TAB-copy-1000x562-1-300x169.jpg\" alt=\"\" width=\"1208\" height=\"679\" title=\"\" srcset=\"https:\/\/www.tgrthaber.com\/mavikadin\/wp-content\/uploads\/GwY3R8dXAAE5TAB-copy-1000x562-1-300x169.jpg 300w, https:\/\/www.tgrthaber.com\/mavikadin\/wp-content\/uploads\/GwY3R8dXAAE5TAB-copy-1000x562-1-768x432.jpg 768w, https:\/\/www.tgrthaber.com\/mavikadin\/wp-content\/uploads\/GwY3R8dXAAE5TAB-copy-1000x562-1.jpg 1000w\" sizes=\"(max-width: 1208px) 100vw, 1208px\" \/><\/p>\n<hr \/>\n<h3>G\u00d6KHAN ERDEM EVL\u0130 M\u0130?<\/h3>\n<p>G\u00f6khan Erdem&#8217;in evli olup olmad\u0131\u011f\u0131na dair herhangi bir bilgi yok. \u00d6zel hayat\u0131n\u0131 medyadan uzak ya\u015famay\u0131 tercih eden Erdem, i\u015fiyle ilgili g\u00fcndeme geliyor.<\/p>\n<p><img loading=\"lazy\" decoding=\"async\" class=\"alignnone wp-image-208510\" src=\"https:\/\/www.tgrthaber.com\/mavikadin\/wp-content\/uploads\/blue-origin-alti-kisiye-daha-yercekimsiz-ortam-deneyimi-yasatti-300x171.webp\" alt=\"\" width=\"1208\" height=\"690\" title=\"\" srcset=\"https:\/\/www.tgrthaber.com\/mavikadin\/wp-content\/uploads\/blue-origin-alti-kisiye-daha-yercekimsiz-ortam-deneyimi-yasatti-300x171.webp 300w, https:\/\/www.tgrthaber.com\/mavikadin\/wp-content\/uploads\/blue-origin-alti-kisiye-daha-yercekimsiz-ortam-deneyimi-yasatti.webp 350w\" sizes=\"(max-width: 1208px) 100vw, 1208px\" \/><\/p>\n<hr \/>\n<h3>G\u00d6KHAN ERDEM MESLE\u011e\u0130 NED\u0130R?<\/h3>\n<p>Kurumsal y\u00f6neticilik ve yat\u0131r\u0131mc\u0131l\u0131k alan\u0131nda uzmanla\u015fan G\u00f6khan Erdem, T\u00fcrkiye&#8217;nin k\u00f6kl\u00fc \u015firketlerinden biri olan Erdem Holding&#8217;in Y\u00f6netim Kurulu \u00dcyesi olarak \u00f6ne \u00e7\u0131k\u0131yor. Yapt\u0131\u011f\u0131 i\u015flerle ad\u0131ndan s\u00f6z ettiren G\u00f6khan Erdem ald\u0131\u011f\u0131 stratejik kararlarla da i\u015f hayat\u0131nda konu\u015fulan bir isim.<\/p>\n<p><img loading=\"lazy\" decoding=\"async\" class=\"alignnone wp-image-208511\" src=\"https:\/\/www.tgrthaber.com\/mavikadin\/wp-content\/uploads\/GA-01-300x225.jpg\" alt=\"\" width=\"1208\" height=\"906\" title=\"\" srcset=\"https:\/\/www.tgrthaber.com\/mavikadin\/wp-content\/uploads\/GA-01-300x225.jpg 300w, https:\/\/www.tgrthaber.com\/mavikadin\/wp-content\/uploads\/GA-01-768x576.jpg 768w, https:\/\/www.tgrthaber.com\/mavikadin\/wp-content\/uploads\/GA-01.jpg 800w\" sizes=\"(max-width: 1208px) 100vw, 1208px\" \/><\/p>\n<hr \/>\n<p>Teknoloji odakl\u0131 \u00e7al\u0131\u015fmas\u0131yla bilinen Erdem&#8217;in tamamen ki\u015fisel giri\u015fimle uzaya \u00e7\u0131kacak olmas\u0131 da onun bu y\u00f6n\u00fcn\u00fc vurguluyor. Ayn\u0131 zamanda ba\u015far\u0131l\u0131 i\u015f insan\u0131 G\u00f6khan Erdem, s\u00fcrd\u00fcr\u00fclebilirlik odakl\u0131 \u00e7al\u0131\u015fmalar\u0131yla da i\u015f d\u00fcnyas\u0131nda yer edinmi\u015f durumda.<\/p>\n<p><img loading=\"lazy\" decoding=\"async\" class=\"alignnone wp-image-208512\" src=\"https:\/\/www.tgrthaber.com\/mavikadin\/wp-content\/uploads\/gokhan-erdem-uzay-300x200.webp\" alt=\"\" width=\"1208\" height=\"805\" title=\"\" srcset=\"https:\/\/www.tgrthaber.com\/mavikadin\/wp-content\/uploads\/gokhan-erdem-uzay-300x200.webp 300w, https:\/\/www.tgrthaber.com\/mavikadin\/wp-content\/uploads\/gokhan-erdem-uzay-1024x683.webp 1024w, https:\/\/www.tgrthaber.com\/mavikadin\/wp-content\/uploads\/gokhan-erdem-uzay-768x512.webp 768w, https:\/\/www.tgrthaber.com\/mavikadin\/wp-content\/uploads\/gokhan-erdem-uzay-1536x1024.webp 1536w, https:\/\/www.tgrthaber.com\/mavikadin\/wp-content\/uploads\/gokhan-erdem-uzay.webp 1581w\" sizes=\"(max-width: 1208px) 100vw, 1208px\" \/><\/p>\n<hr \/>\n<p>A\u011fustos ay\u0131nda planlanan uzay yolculu\u011funda G\u00f6khan Erdem Teksas&#8217;tan Blue Origin&#8217;in New Shepard roketiyle uzaya \u00e7\u0131kacak. Bu geli\u015fmeyle G\u00f6khan Erdem T\u00fcrkiye&#8217;de g\u00fcndemin resmen merkezinde yer ald\u0131.<\/p>\n","protected":false},"excerpt":{"rendered":"<p>Uzaya \u00e7\u0131kacak ilk T\u00fcrk i\u015f insan\u0131 olmaya haz\u0131rlanan G\u00f6khan Erdem&#8217;in hayat\u0131 arama motorlar\u0131nda s\u0131k\u00e7a ara\u015ft\u0131r\u0131lmaya ba\u015fland\u0131. Blue Origin&#8217;in g\u00f6revinde yer alacak G\u00f6khan Erdem&#8217;in kim oldu\u011fu, evli olup olmad\u0131\u011f\u0131 ve ka\u00e7 ya\u015f\u0131nda oldu\u011fu merak konusu oldu. \u0130\u015fte kendi giri\u015fimiyle uzaya \u00e7\u0131kacak ilk T\u00fcrk i\u015f insan\u0131 G\u00f6khan Erdem&#8217;in hayat\u0131na dair merak edilen detaylar&#8230;<\/p>\n","protected":false},"author":35,"featured_media":208502,"comment_status":"closed","ping_status":"closed","sticky":false,"template":"","format":"standard","meta":{"rank_math_lock_modified_date":false,"footnotes":""},"categories":[491],"tags":[3374,29037,29040,29039,29038],"class_list":["post-208501","post","type-post","status-publish","format-standard","has-post-thumbnail","hentry","category-biyografi","tag-biyografi","tag-gokhan-erdem","tag-gokhan-erdem-kac-yasinda","tag-gokhan-erdem-kimdir","tag-gokhan-erdem-uzaya-gidiyor"],"_links":{"self":[{"href":"https:\/\/www.tgrthaber.com\/mavikadin\/wp-json\/wp\/v2\/posts\/208501"}],"collection":[{"href":"https:\/\/www.tgrthaber.com\/mavikadin\/wp-json\/wp\/v2\/posts"}],"about":[{"href":"https:\/\/www.tgrthaber.com\/mavikadin\/wp-json\/wp\/v2\/types\/post"}],"author":[{"embeddable":true,"href":"https:\/\/www.tgrthaber.com\/mavikadin\/wp-json\/wp\/v2\/users\/35"}],"replies":[{"embeddable":true,"href":"https:\/\/www.tgrthaber.com\/mavikadin\/wp-json\/wp\/v2\/comments?post=208501"}],"version-history":[{"count":1,"href":"https:\/\/www.tgrthaber.com\/mavikadin\/wp-json\/wp\/v2\/posts\/208501\/revisions"}],"predecessor-version":[{"id":208513,"href":"https:\/\/www.tgrthaber.com\/mavikadin\/wp-json\/wp\/v2\/posts\/208501\/revisions\/208513"}],"wp:featuredmedia":[{"embeddable":true,"href":"https:\/\/www.tgrthaber.com\/mavikadin\/wp-json\/wp\/v2\/media\/208502"}],"wp:attachment":[{"href":"https:\/\/www.tgrthaber.com\/mavikadin\/wp-json\/wp\/v2\/media?parent=208501"}],"wp:term":[{"taxonomy":"category","embeddable":true,"href":"https:\/\/www.tgrthaber.com\/mavikadin\/wp-json\/wp\/v2\/categories?post=208501"},{"taxonomy":"post_tag","embeddable":true,"href":"https:\/\/www.tgrthaber.com\/mavikadin\/wp-json\/wp\/v2\/tags?post=208501"}],"curies":[{"name":"wp","href":"https:\/\/api.w.org\/{rel}","templated":true}]}}