{"id":208550,"date":"2025-07-22T03:19:01","date_gmt":"2025-07-22T00:19:01","guid":{"rendered":"https:\/\/www.tgrthaber.com\/mavikadin\/?p=208550"},"modified":"2025-07-22T03:19:01","modified_gmt":"2025-07-22T00:19:01","slug":"yasemin-minguzzi-kimdir-kac-yasinda-yasemin-minguzzi-meslegi-nedir","status":"publish","type":"post","link":"https:\/\/www.tgrthaber.com\/mavikadin\/yasemin-minguzzi-kimdir-kac-yasinda-yasemin-minguzzi-meslegi-nedir\/","title":{"rendered":"Yasemin Minguzzi kimdir ka\u00e7 ya\u015f\u0131nda? Yasemin Minguzzi mesle\u011fi nedir?"},"content":{"rendered":"<p>G\u00fcndeme oturma eylemiyle damga vuran, Mattia Ahmet Minguzzi&#8217;nin annesi Yasemin Minguzzi&#8217;nin adalet aray\u0131\u015f\u0131 bu kez Bak\u0131rk\u00f6y Meydan\u0131&#8217;nda yer buldu. Verdi\u011fi r\u00f6portajda \u00f6l\u00fcm tehditleri de ald\u0131\u011f\u0131n\u0131 s\u00f6yleyen Minguzzi, sesini duyurabilmek i\u00e7in bir direni\u015f ba\u015flatm\u0131\u015f durumda. Sosyal medyada &#8216;Yasemin Minguzzzi kimdir, ya\u015f\u0131 ka\u00e7?&#8217;, &#8216;Yasemin Minguzzi mesle\u011fi nedir?&#8217; gibi sorular\u0131n cevaplar\u0131 hala aran\u0131yor. Peki o\u011flu Mattia Ahmet Minguzzi&#8217;nin ac\u0131 vefat\u0131 sonras\u0131 g\u00fcndeme gelen Yasemin Minguzzi kimdir? Yasemin Minguzzi ka\u00e7 ya\u015f\u0131nda ve mesle\u011fi nedir? \u0130\u015fte Yasemin Minguzzi hakk\u0131nda bilmeniz gereken t\u00fcm detaylar&#8230;<\/p>\n<h3>YASEM\u0130N M\u0130NGUZZ\u0130 K\u0130MD\u0130R KA\u00c7 YA\u015eINDA?<\/h3>\n<p>Yasemin Minguzzi&#8217;nin as\u0131l ad\u0131 Yasemin Ak\u0131nc\u0131lar Minguzzi&#8217;dir. 1988 y\u0131l\u0131nda \u0130stanbul&#8217;da do\u011fan Yasemin Minguzzi aslen Trabzon Of&#8217;lu olup, \u015fu an 37 ya\u015f\u0131ndad\u0131r. Yasemin Minguzzi k\u00fc\u00e7\u00fck ya\u015flardan itibaren m\u00fczi\u011fe ilgi duymaya ba\u015flam\u0131\u015f ve klasik m\u00fczikte uzmanla\u015fm\u0131\u015ft\u0131r.<\/p>\n<p><img loading=\"lazy\" decoding=\"async\" class=\"alignnone wp-image-208552\" src=\"https:\/\/www.tgrthaber.com\/mavikadin\/wp-content\/uploads\/matia-ahmet-minguzzi-imza-kampanyasi-300x200.webp\" alt=\"\" width=\"1208\" height=\"805\" title=\"\" srcset=\"https:\/\/www.tgrthaber.com\/mavikadin\/wp-content\/uploads\/matia-ahmet-minguzzi-imza-kampanyasi-300x200.webp 300w, https:\/\/www.tgrthaber.com\/mavikadin\/wp-content\/uploads\/matia-ahmet-minguzzi-imza-kampanyasi-1024x683.webp 1024w, https:\/\/www.tgrthaber.com\/mavikadin\/wp-content\/uploads\/matia-ahmet-minguzzi-imza-kampanyasi-768x512.webp 768w, https:\/\/www.tgrthaber.com\/mavikadin\/wp-content\/uploads\/matia-ahmet-minguzzi-imza-kampanyasi.webp 1200w\" sizes=\"(max-width: 1208px) 100vw, 1208px\" \/><\/p>\n<hr \/>\n<p>\u00c7ello enstr\u00fcman\u0131na y\u00f6nelen Minguzzi, m\u00fczik e\u011fitimine \u0130stanbul \u00dcniversitesi Devlet Konservatuar\u0131&#8217;nda devam etmi\u015ftir. Bu alanda yetene\u011fiyle \u00f6ne \u00e7\u0131kan Minguzzi, ayr\u0131ca yurt d\u0131\u015f\u0131nda da m\u00fczik e\u011fitimi alm\u0131\u015ft\u0131r.<\/p>\n<p><img loading=\"lazy\" decoding=\"async\" class=\"alignnone wp-image-208556\" src=\"https:\/\/www.tgrthaber.com\/mavikadin\/wp-content\/uploads\/67e68421ad29f37ba5ea6911-300x169.webp\" alt=\"\" width=\"1208\" height=\"681\" title=\"\" srcset=\"https:\/\/www.tgrthaber.com\/mavikadin\/wp-content\/uploads\/67e68421ad29f37ba5ea6911-300x169.webp 300w, https:\/\/www.tgrthaber.com\/mavikadin\/wp-content\/uploads\/67e68421ad29f37ba5ea6911.webp 750w\" sizes=\"(max-width: 1208px) 100vw, 1208px\" \/><\/p>\n<hr \/>\n<p>Cremona&#8217;daki Accademia Walter Stauffer ve Milano&#8217;da Conservatorio Giuseppe Verdi kurumlar\u0131nda \u00e7ello e\u011fitimi alan ac\u0131l\u0131 anne Yasemin Minguzzi, uluslararas\u0131 ba\u015far\u0131lara da imza atm\u0131\u015ft\u0131r.<\/p>\n<p><img loading=\"lazy\" decoding=\"async\" class=\"alignnone wp-image-208553\" src=\"https:\/\/www.tgrthaber.com\/mavikadin\/wp-content\/uploads\/kapak_105202-300x178.webp\" alt=\"\" width=\"1208\" height=\"715\" title=\"\" srcset=\"https:\/\/www.tgrthaber.com\/mavikadin\/wp-content\/uploads\/kapak_105202-300x178.webp 300w, https:\/\/www.tgrthaber.com\/mavikadin\/wp-content\/uploads\/kapak_105202.webp 760w\" sizes=\"(max-width: 1208px) 100vw, 1208px\" \/><\/p>\n<hr \/>\n<h3>YASEM\u0130N M\u0130NGUZZ\u0130 MESLE\u011e\u0130 NED\u0130R?<\/h3>\n<p>E\u011fitimini m\u00fczik alan\u0131nda tamamlayan ve kariyerini de bu y\u00f6nde ilerleten Minguzzi, profesyonel bir \u00e7ellisttir. Yasemin Ak\u0131nc\u0131lar Minguzzi, bireysel m\u00fczik projelerinde yer alm\u0131\u015f ve e\u011fitmenlikte yapm\u0131\u015ft\u0131r. Minguzzi T\u00fcrkiye&#8217;nin \u00f6nemli senfoni orkestralar\u0131nda da yer alm\u0131\u015f bir isimdir.<\/p>\n<p><img loading=\"lazy\" decoding=\"async\" class=\"alignnone wp-image-208554\" src=\"https:\/\/www.tgrthaber.com\/mavikadin\/wp-content\/uploads\/67ef80034a29d6dd73d8907e-300x169.webp\" alt=\"\" width=\"1208\" height=\"680\" title=\"\" srcset=\"https:\/\/www.tgrthaber.com\/mavikadin\/wp-content\/uploads\/67ef80034a29d6dd73d8907e-300x169.webp 300w, https:\/\/www.tgrthaber.com\/mavikadin\/wp-content\/uploads\/67ef80034a29d6dd73d8907e.webp 750w\" sizes=\"(max-width: 1208px) 100vw, 1208px\" \/><\/p>\n<hr \/>\n<h3>YASEM\u0130N M\u0130NGUZZ\u0130 E\u015e\u0130 K\u0130MD\u0130R?<\/h3>\n<p>Yasemin Minguzzinin e\u015fi ise \u0130talyan orkestra \u015fefi ve ayr\u0131ca T\u00fcrkiye&#8217;de \u0130stanbul&#8217;da tan\u0131nan bir restoran \u015fefidir. Andrea Minguzzi ile evli olan Yasemin Minguzzi, o\u011fullar\u0131n\u0131n kayb\u0131ndan sonra, adalet m\u00fccadelesiyni birlikte y\u00fcr\u00fct\u00fcyorlar.<\/p>\n<p><img loading=\"lazy\" decoding=\"async\" class=\"alignnone wp-image-208555\" src=\"https:\/\/www.tgrthaber.com\/mavikadin\/wp-content\/uploads\/mattia-300x170.webp\" alt=\"\" width=\"1208\" height=\"686\" title=\"\" srcset=\"https:\/\/www.tgrthaber.com\/mavikadin\/wp-content\/uploads\/mattia-300x170.webp 300w, https:\/\/www.tgrthaber.com\/mavikadin\/wp-content\/uploads\/mattia-1024x582.webp 1024w, https:\/\/www.tgrthaber.com\/mavikadin\/wp-content\/uploads\/mattia-768x436.webp 768w, https:\/\/www.tgrthaber.com\/mavikadin\/wp-content\/uploads\/mattia.webp 1264w\" sizes=\"(max-width: 1208px) 100vw, 1208px\" \/><\/p>\n<hr \/>\n<p>Yasemin Minguzzi ve Andrea Minguzzi&#8217;nin tek \u00e7ocu\u011fu olan Mattia Ahmet Minguzzi 14 ya\u015f\u0131ndayken, b\u0131\u00e7akl\u0131 sald\u0131r\u0131ya u\u011fram\u0131\u015f ve hayat\u0131n\u0131 kaybetmi\u015ftir. 24 Ocak 2025 tarihinde Kad\u0131k\u00f6y&#8217;de meydana gelen ac\u0131 olay\u0131n yank\u0131lar\u0131 kamuoyunda hala devam etmekte.<\/p>\n","protected":false},"excerpt":{"rendered":"<p>O\u011flu Mattia Ahmet Minguzzi&#8217;yi hen\u00fcz 14 ya\u015f\u0131nda kaybeden anne Yasemin Minguzzi, \u0130stanbul Bak\u0131rk\u00f6y Meydan\u0131&#8217;nda eylem ba\u015flatarak, adalet \u00e7a\u011fr\u0131s\u0131n\u0131 devam ettiriyor. Bu olay\u0131n ard\u0131ndan sosyal medyada binlerce destek mesaj\u0131 alan ac\u0131l\u0131 anne Yasemin Minguzzi&#8217;nin kim oldu\u011fu, ya\u015f\u0131 ve mesle\u011fi yeniden mercek alt\u0131na al\u0131nd\u0131. Peki Yasemin Minguzzi kimdir, ka\u00e7 ya\u015f\u0131nda ve mesle\u011fi nedir? \u0130\u015fte merak edilen detaylar&#8230;<\/p>\n","protected":false},"author":35,"featured_media":208551,"comment_status":"closed","ping_status":"closed","sticky":false,"template":"","format":"standard","meta":{"rank_math_lock_modified_date":false,"footnotes":""},"categories":[491],"tags":[3374,15867,29054,11199,29055],"class_list":["post-208550","post","type-post","status-publish","format-standard","has-post-thumbnail","hentry","category-biyografi","tag-biyografi","tag-mattia-ahmet-minguzzi-annesi","tag-yasemin-akincilar-minguzzi","tag-yasemin-minguzzi","tag-yasemin-minguzzi-kimdir"],"_links":{"self":[{"href":"https:\/\/www.tgrthaber.com\/mavikadin\/wp-json\/wp\/v2\/posts\/208550"}],"collection":[{"href":"https:\/\/www.tgrthaber.com\/mavikadin\/wp-json\/wp\/v2\/posts"}],"about":[{"href":"https:\/\/www.tgrthaber.com\/mavikadin\/wp-json\/wp\/v2\/types\/post"}],"author":[{"embeddable":true,"href":"https:\/\/www.tgrthaber.com\/mavikadin\/wp-json\/wp\/v2\/users\/35"}],"replies":[{"embeddable":true,"href":"https:\/\/www.tgrthaber.com\/mavikadin\/wp-json\/wp\/v2\/comments?post=208550"}],"version-history":[{"count":2,"href":"https:\/\/www.tgrthaber.com\/mavikadin\/wp-json\/wp\/v2\/posts\/208550\/revisions"}],"predecessor-version":[{"id":208558,"href":"https:\/\/www.tgrthaber.com\/mavikadin\/wp-json\/wp\/v2\/posts\/208550\/revisions\/208558"}],"wp:featuredmedia":[{"embeddable":true,"href":"https:\/\/www.tgrthaber.com\/mavikadin\/wp-json\/wp\/v2\/media\/208551"}],"wp:attachment":[{"href":"https:\/\/www.tgrthaber.com\/mavikadin\/wp-json\/wp\/v2\/media?parent=208550"}],"wp:term":[{"taxonomy":"category","embeddable":true,"href":"https:\/\/www.tgrthaber.com\/mavikadin\/wp-json\/wp\/v2\/categories?post=208550"},{"taxonomy":"post_tag","embeddable":true,"href":"https:\/\/www.tgrthaber.com\/mavikadin\/wp-json\/wp\/v2\/tags?post=208550"}],"curies":[{"name":"wp","href":"https:\/\/api.w.org\/{rel}","templated":true}]}}