{"id":208559,"date":"2025-07-22T09:43:28","date_gmt":"2025-07-22T06:43:28","guid":{"rendered":"https:\/\/www.tgrthaber.com\/mavikadin\/?p=208559"},"modified":"2025-07-22T09:50:50","modified_gmt":"2025-07-22T06:50:50","slug":"burak-ozcivit-kurulus-osmandan-ayriliyor-mu-kurulus-osman-bitti-mi","status":"publish","type":"post","link":"https:\/\/www.tgrthaber.com\/mavikadin\/burak-ozcivit-kurulus-osmandan-ayriliyor-mu-kurulus-osman-bitti-mi\/","title":{"rendered":"Burak \u00d6z\u00e7ivit Kurulu\u015f Osman\u2019dan ayr\u0131l\u0131yor mu? Kurulu\u015f Osman bitti mi?"},"content":{"rendered":"<p>Kurulu\u015f Osman 6 sezondur Burak \u00d6z\u00e7ivit\u2019le ekranlara gelmeye devam ediyor. 7. Sezonda da devam etmesi planlanan dizinin dev kadrosunda de\u011fi\u015fiklikler olaca\u011f\u0131 g\u00fcndemde.<\/p>\n<h3>BURAK \u00d6Z\u00c7\u0130V\u0130T KURULU\u015e OSMAN\u2019DAN AYRILIYOR MU?<\/h3>\n<p>Burak \u00d6z\u00e7ivit Kurulu\u015f Osman\u2019dan ayr\u0131l\u0131yor mu? Kurulu\u015f Osman bitti mi? ara\u015ft\u0131r\u0131lmaya ba\u015fland\u0131. 6 sezondur Burak \u00d6z\u00e7ivit\u2019in ba\u015frol\u00fcnde oldu\u011fu dizide de\u011fi\u015fiklikler olaca\u011f\u0131 \u00f6\u011frenildi.<\/p>\n<p>Kulislerden gelen bilgilere g\u00f6re Burak \u00d6z\u00e7ivit\u2019in b\u00f6l\u00fcm ba\u015f\u0131na 4 milyon TL \u00fccret istemesi sonucunda taraflar aras\u0131nda anla\u015fmazl\u0131k ya\u015fand\u0131.<\/p>\n<p><img loading=\"lazy\" decoding=\"async\" class=\"alignnone size-full wp-image-208561\" src=\"https:\/\/www.tgrthaber.com\/mavikadin\/wp-content\/uploads\/Burak-Ozcivit-1-2.png\" alt=\"\" width=\"1208\" height=\"680\" title=\"\" srcset=\"https:\/\/www.tgrthaber.com\/mavikadin\/wp-content\/uploads\/Burak-Ozcivit-1-2.png 1208w, https:\/\/www.tgrthaber.com\/mavikadin\/wp-content\/uploads\/Burak-Ozcivit-1-2-300x169.png 300w, https:\/\/www.tgrthaber.com\/mavikadin\/wp-content\/uploads\/Burak-Ozcivit-1-2-1024x576.png 1024w, https:\/\/www.tgrthaber.com\/mavikadin\/wp-content\/uploads\/Burak-Ozcivit-1-2-768x432.png 768w\" sizes=\"(max-width: 1208px) 100vw, 1208px\" \/><\/p>\n<hr \/>\n<p>Bu geli\u015fmelerden sonra taraflar sosyal medyada birbirlerini takipten \u00e7\u0131kt\u0131.<\/p>\n<p>Kulaktan kula\u011fa yay\u0131lan di\u011fer bir bilgi de yenilenecek kadrosuyla ekranlara gelmeye haz\u0131rlanan dizide Osman Bey\u2019in ya\u015fl\u0131 halinin ekrana gelece\u011fi. Bu sayede Burak \u00d6z\u00e7ivit\u2019in de\u011fi\u015fmesi izleyiciye yans\u0131mayacak ve Orhan Bey d\u00f6nemine ge\u00e7ilecek.<\/p>\n<p>Yeni sezonda hem ana ak\u0131ma hem dijitale proje haz\u0131rlayan yap\u0131m \u015firketi Mert Yaz\u0131c\u0131o\u011flu, Murat \u00dcnalm\u0131\u015f ve \u0130brahim \u00c7elikkol gibi \u00fcnl\u00fc oyuncularla g\u00f6r\u00fc\u015f\u00fcyor.<\/p>\n<p><img loading=\"lazy\" decoding=\"async\" class=\"alignnone size-full wp-image-208569\" src=\"https:\/\/www.tgrthaber.com\/mavikadin\/wp-content\/uploads\/Kurulus-Osman-1-3.png\" alt=\"\" width=\"1208\" height=\"680\" title=\"\" srcset=\"https:\/\/www.tgrthaber.com\/mavikadin\/wp-content\/uploads\/Kurulus-Osman-1-3.png 1208w, https:\/\/www.tgrthaber.com\/mavikadin\/wp-content\/uploads\/Kurulus-Osman-1-3-300x169.png 300w, https:\/\/www.tgrthaber.com\/mavikadin\/wp-content\/uploads\/Kurulus-Osman-1-3-1024x576.png 1024w, https:\/\/www.tgrthaber.com\/mavikadin\/wp-content\/uploads\/Kurulus-Osman-1-3-768x432.png 768w\" sizes=\"(max-width: 1208px) 100vw, 1208px\" \/><\/p>\n<hr \/>\n<h3>KURULU\u015e OSMAN B\u0130TT\u0130 M\u0130?<\/h3>\n<p>Kurulu\u015f Osman dizisinin 7. sezonda da devam etmesi planlan\u0131yor.<\/p>\n<h3>BURAK \u00d6Z\u00c7\u0130V\u0130T K\u0130MD\u0130R?<\/h3>\n<p>24 Aral\u0131k 1984 \u0130stanbul do\u011fumlu olan Burak \u00d6z\u00e7ivit T\u00fcrk oyuncu ve eski mankendir.<\/p>\n<p>Marmara \u00dcniversitesi G\u00fczel Sanatlar Fak\u00fcltesi Foto\u011fraf\u00e7\u0131l\u0131k b\u00f6l\u00fcm\u00fcnde okuyan \u00d6z\u00e7ivit aslen Gazianteplidir.<\/p>\n<p><img loading=\"lazy\" decoding=\"async\" class=\"alignnone size-full wp-image-189168\" src=\"https:\/\/www.tgrthaber.com\/mavikadin\/wp-content\/uploads\/kurulus-osman-157-bolum-fragmani-yayinlandi-alaeddin-bey-gonca-hatunu-kacirdi-kurulus-osman-yeni-bolumunde-neler-olacak-b0u9.webp\" alt=\"\" width=\"1280\" height=\"720\" title=\"\" srcset=\"https:\/\/www.tgrthaber.com\/mavikadin\/wp-content\/uploads\/kurulus-osman-157-bolum-fragmani-yayinlandi-alaeddin-bey-gonca-hatunu-kacirdi-kurulus-osman-yeni-bolumunde-neler-olacak-b0u9.webp 1280w, https:\/\/www.tgrthaber.com\/mavikadin\/wp-content\/uploads\/kurulus-osman-157-bolum-fragmani-yayinlandi-alaeddin-bey-gonca-hatunu-kacirdi-kurulus-osman-yeni-bolumunde-neler-olacak-b0u9-300x169.webp 300w, https:\/\/www.tgrthaber.com\/mavikadin\/wp-content\/uploads\/kurulus-osman-157-bolum-fragmani-yayinlandi-alaeddin-bey-gonca-hatunu-kacirdi-kurulus-osman-yeni-bolumunde-neler-olacak-b0u9-1024x576.webp 1024w, https:\/\/www.tgrthaber.com\/mavikadin\/wp-content\/uploads\/kurulus-osman-157-bolum-fragmani-yayinlandi-alaeddin-bey-gonca-hatunu-kacirdi-kurulus-osman-yeni-bolumunde-neler-olacak-b0u9-768x432.webp 768w\" sizes=\"(max-width: 1280px) 100vw, 1280px\" \/><\/p>\n<hr \/>\n<p>2003 y\u0131l\u0131 Best Model of Turkey yar\u0131\u015fmas\u0131nda gelecek vadeden se\u00e7ilmi\u015ftir. Yar\u0131\u015fmadan sonra U\u011furkan Erez Ajans ile \u00e7al\u0131\u015fmaya ba\u015flam\u0131\u015ft\u0131r. \u015eu anda mankenlik yapmamaktad\u0131r.<\/p>\n<p>2005 y\u0131l\u0131nda Best Model of Turkey yar\u0131\u015fmas\u0131na yeniden kat\u0131lm\u0131\u015f ve Best Model of Turkey se\u00e7ilmi\u015ftir.<\/p>\n<p>Buna ba\u011fl\u0131 olarak Best Model of The World&#8217;e kat\u0131lm\u0131\u015f ve d\u00fcnyan\u0131n en iyi ikinci mankeni olmu\u015ftur.<\/p>\n<p><img loading=\"lazy\" decoding=\"async\" class=\"alignnone size-full wp-image-208570\" src=\"https:\/\/www.tgrthaber.com\/mavikadin\/wp-content\/uploads\/Kurulus-Osman-2-2.png\" alt=\"\" width=\"1208\" height=\"680\" title=\"\" srcset=\"https:\/\/www.tgrthaber.com\/mavikadin\/wp-content\/uploads\/Kurulus-Osman-2-2.png 1208w, https:\/\/www.tgrthaber.com\/mavikadin\/wp-content\/uploads\/Kurulus-Osman-2-2-300x169.png 300w, https:\/\/www.tgrthaber.com\/mavikadin\/wp-content\/uploads\/Kurulus-Osman-2-2-1024x576.png 1024w, https:\/\/www.tgrthaber.com\/mavikadin\/wp-content\/uploads\/Kurulus-Osman-2-2-768x432.png 768w\" sizes=\"(max-width: 1208px) 100vw, 1208px\" \/><\/p>\n<hr \/>\n<p>\u0130lk oyunculuk deneyimini Eksi 18 dizisinde gen\u00e7 komiser Murat&#8217;\u0131 oynayarak ya\u015fayan \u00d6z\u00e7ivit Kas\u0131m 2007&#8217;de sinemalarda g\u00f6sterime giren Musallat isimli sinema filminde rol alm\u0131\u015ft\u0131r.<\/p>\n<p>Burak \u00d6z\u00e7ivit ile Fahriye Evcen 2015 y\u0131l\u0131nda sevgili oldu. \u00c7ift 29 Haziran 2017 tarihinde, Sait Halim Pa\u015fa Yal\u0131s\u0131&#8217;nda d\u00fczenlenen t\u00f6renle evlendi.<\/p>\n<p><strong>Filmler<\/strong><\/p>\n<p>2007 Musallat Suat<\/p>\n<p>2013 Zarafa Hasan (T\u00fcrk\u00e7e Dublaj)<\/p>\n<p>2015 A\u015fk Sana Benzer Bal\u0131k\u00e7\u0131 Ali<\/p>\n<p>2016 Karde\u015fim Benim Hakan<\/p>\n<p><img loading=\"lazy\" decoding=\"async\" class=\"alignnone size-full wp-image-208565\" src=\"https:\/\/www.tgrthaber.com\/mavikadin\/wp-content\/uploads\/Burak-Ozcivit-3-1.png\" alt=\"\" width=\"1208\" height=\"680\" title=\"\" srcset=\"https:\/\/www.tgrthaber.com\/mavikadin\/wp-content\/uploads\/Burak-Ozcivit-3-1.png 1208w, https:\/\/www.tgrthaber.com\/mavikadin\/wp-content\/uploads\/Burak-Ozcivit-3-1-300x169.png 300w, https:\/\/www.tgrthaber.com\/mavikadin\/wp-content\/uploads\/Burak-Ozcivit-3-1-1024x576.png 1024w, https:\/\/www.tgrthaber.com\/mavikadin\/wp-content\/uploads\/Burak-Ozcivit-3-1-768x432.png 768w\" sizes=\"(max-width: 1208px) 100vw, 1208px\" \/><\/p>\n<hr \/>\n<p><strong>Televizyon dizileri<\/strong><\/p>\n<p>2006 Eksi 18 Murat<\/p>\n<p>2007 Zoraki Koca \u00d6mer \u00d6zpolat<\/p>\n<p>2008 : 2009 Baba Oca\u011f\u0131 G\u00fcven<\/p>\n<p>2010 \u0130hanet Emir<\/p>\n<p><img loading=\"lazy\" decoding=\"async\" class=\"alignnone size-full wp-image-208571\" src=\"https:\/\/www.tgrthaber.com\/mavikadin\/wp-content\/uploads\/Kurulus-Osman-4-1.png\" alt=\"\" width=\"1208\" height=\"680\" title=\"\" srcset=\"https:\/\/www.tgrthaber.com\/mavikadin\/wp-content\/uploads\/Kurulus-Osman-4-1.png 1208w, https:\/\/www.tgrthaber.com\/mavikadin\/wp-content\/uploads\/Kurulus-Osman-4-1-300x169.png 300w, https:\/\/www.tgrthaber.com\/mavikadin\/wp-content\/uploads\/Kurulus-Osman-4-1-1024x576.png 1024w, https:\/\/www.tgrthaber.com\/mavikadin\/wp-content\/uploads\/Kurulus-Osman-4-1-768x432.png 768w\" sizes=\"(max-width: 1208px) 100vw, 1208px\" \/><\/p>\n<hr \/>\n<p>2010 : 2011 K\u00fc\u00e7\u00fck S\u0131rlar \u00c7etin Ate\u015fo\u011flu<\/p>\n<p>2011 : 2013 Muhte\u015fem Y\u00fczy\u0131l Malko\u00e7o\u011flu Bali Bey<\/p>\n<p>2013 : 2014 \u00c7al\u0131ku\u015fu Kamran<\/p>\n<p>2015 : 2017 Kara Sevda Kemal Soydere<\/p>\n","protected":false},"excerpt":{"rendered":"<p>Burak \u00d6z\u00e7ivit Kurulu\u015f Osman\u2019dan ayr\u0131l\u0131yor mu? merak konusu oldu. 7. sezonda da devam edece\u011fi konu\u015fulan dizide de\u011fi\u015fiklikler oldu.<\/p>\n","protected":false},"author":5,"featured_media":208575,"comment_status":"closed","ping_status":"closed","sticky":false,"template":"","format":"standard","meta":{"rank_math_lock_modified_date":false,"footnotes":""},"categories":[602],"tags":[2154,3602,3072,5998],"class_list":["post-208559","post","type-post","status-publish","format-standard","has-post-thumbnail","hentry","category-diziler","tag-burak-ozcivit","tag-diziler","tag-kurulus-osman","tag-osman-bey"],"_links":{"self":[{"href":"https:\/\/www.tgrthaber.com\/mavikadin\/wp-json\/wp\/v2\/posts\/208559"}],"collection":[{"href":"https:\/\/www.tgrthaber.com\/mavikadin\/wp-json\/wp\/v2\/posts"}],"about":[{"href":"https:\/\/www.tgrthaber.com\/mavikadin\/wp-json\/wp\/v2\/types\/post"}],"author":[{"embeddable":true,"href":"https:\/\/www.tgrthaber.com\/mavikadin\/wp-json\/wp\/v2\/users\/5"}],"replies":[{"embeddable":true,"href":"https:\/\/www.tgrthaber.com\/mavikadin\/wp-json\/wp\/v2\/comments?post=208559"}],"version-history":[{"count":3,"href":"https:\/\/www.tgrthaber.com\/mavikadin\/wp-json\/wp\/v2\/posts\/208559\/revisions"}],"predecessor-version":[{"id":208573,"href":"https:\/\/www.tgrthaber.com\/mavikadin\/wp-json\/wp\/v2\/posts\/208559\/revisions\/208573"}],"wp:featuredmedia":[{"embeddable":true,"href":"https:\/\/www.tgrthaber.com\/mavikadin\/wp-json\/wp\/v2\/media\/208575"}],"wp:attachment":[{"href":"https:\/\/www.tgrthaber.com\/mavikadin\/wp-json\/wp\/v2\/media?parent=208559"}],"wp:term":[{"taxonomy":"category","embeddable":true,"href":"https:\/\/www.tgrthaber.com\/mavikadin\/wp-json\/wp\/v2\/categories?post=208559"},{"taxonomy":"post_tag","embeddable":true,"href":"https:\/\/www.tgrthaber.com\/mavikadin\/wp-json\/wp\/v2\/tags?post=208559"}],"curies":[{"name":"wp","href":"https:\/\/api.w.org\/{rel}","templated":true}]}}