{"id":208564,"date":"2025-07-22T10:13:05","date_gmt":"2025-07-22T07:13:05","guid":{"rendered":"https:\/\/www.tgrthaber.com\/mavikadin\/?p=208564"},"modified":"2025-07-22T10:13:05","modified_gmt":"2025-07-22T07:13:05","slug":"masterchef-danilo-seften-karabiber-uyarisi-karabiber-yemeklerde-nasil-kullanilir","status":"publish","type":"post","link":"https:\/\/www.tgrthaber.com\/mavikadin\/masterchef-danilo-seften-karabiber-uyarisi-karabiber-yemeklerde-nasil-kullanilir\/","title":{"rendered":"Masterchef Danilo \u015eef&#8217;ten karabiber uyar\u0131s\u0131! Karabiber yemeklerde nas\u0131l kullan\u0131l\u0131r?"},"content":{"rendered":"<p>Yemeklerde s\u0131k\u00e7a tercih edilen karabiber, keskin aromas\u0131 ve lezzet katma g\u00fcc\u00fcyle sofralar\u0131n vazge\u00e7ilmez baharatlar\u0131 aras\u0131nda yer al\u0131yor. Ancak bu g\u00fc\u00e7l\u00fc lezzet, dikkatli kullan\u0131l\u00f6ad\u0131\u011f\u0131nda yeme\u011fin t\u00fcm dengesini bozabiliyor. \u00d6zellikle klasik tariflerden modern sunumlara kadar bir\u00e7ok yemekte yer bulan karabiberin, \u00f6l\u00e7\u00fcs\u00fczce kullan\u0131lmas\u0131 halinde tad\u0131 bast\u0131rabilece\u011fi s\u0131k s\u0131k vurgulan\u0131yor. MasterChef T\u00fcrkiye j\u00fcrisi Danilo Zanna\u2019n\u0131n son programda yapt\u0131\u011f\u0131 dikkat \u00e7ekici uyar\u0131 ise bu konuyu yeniden g\u00fcndeme ta\u015f\u0131d\u0131. \u0130\u015fte detaylar&#8230;<\/p>\n<h3>DAN\u0130LO \u015eEF\u2019TEN NET UYARI FAZLA KARAB\u0130BER YEME\u011e\u0130 ZEH\u0130R G\u0130B\u0130 YAPAR!<\/h3>\n<p>MasterChef T\u00fcrkiye\u2019de yar\u0131\u015fmac\u0131lar\u0131n yemeklerini de\u011ferlendirirken verdi\u011fi teknik bilgilerle dikkat \u00e7eken Danilo Zanna, karabiber konusunda \u00f6nemli bir uyar\u0131da bulundu.<\/p>\n<p>\u015eef Danilo, yar\u0131\u015fma s\u0131ras\u0131nda s\u0131k\u00e7a dile getirdi\u011fi uyar\u0131s\u0131nda, \u201cKarabiber fazla kullanmay\u0131n. Ac\u0131 biber gibi de\u011fil; karabiber yeme\u011fi yenilmez hale getirir. Ac\u0131 biber sadece ac\u0131 yapar ama karabiberin fazlas\u0131 zehir gibi yapar.\u201d ifadelerine yer verdi. <img loading=\"lazy\" decoding=\"async\" class=\"alignnone size-full wp-image-208595\" src=\"https:\/\/www.tgrthaber.com\/mavikadin\/wp-content\/uploads\/2-1590.png\" alt=\"\" width=\"1208\" height=\"680\" title=\"\" srcset=\"https:\/\/www.tgrthaber.com\/mavikadin\/wp-content\/uploads\/2-1590.png 1208w, https:\/\/www.tgrthaber.com\/mavikadin\/wp-content\/uploads\/2-1590-300x169.png 300w, https:\/\/www.tgrthaber.com\/mavikadin\/wp-content\/uploads\/2-1590-1024x576.png 1024w, https:\/\/www.tgrthaber.com\/mavikadin\/wp-content\/uploads\/2-1590-768x432.png 768w\" sizes=\"(max-width: 1208px) 100vw, 1208px\" \/><\/p>\n<hr \/>\n<h3>KARAB\u0130BER YEMEKLERDE NASIL KULLANILIR?<\/h3>\n<p>Karabiber, do\u011fru kullan\u0131ld\u0131\u011f\u0131nda yeme\u011fe derinlik katan, aromatik ve hafif keskin bir baharatt\u0131r. Ancak \u00f6l\u00e7\u00fcy\u00fc ka\u00e7\u0131rmak yeme\u011fin tad\u0131n\u0131 bozabilir. Uzman \u015feflere g\u00f6re karabiber:<\/p>\n<p>Pi\u015firme sonunda eklendi\u011finde aromas\u0131n\u0131 daha yo\u011fun verir.<\/p>\n<p>Et yemeklerinde, \u00e7orbalarda ve soslarda \u00f6l\u00e7\u00fcl\u00fc \u015fekilde kullan\u0131lmal\u0131d\u0131r.<\/p>\n<p>\u00d6zellikle s\u0131cakl\u0131kla uzun s\u00fcre temas etti\u011finde ac\u0131l\u0131\u011f\u0131 artabilir, bu y\u00fczden dikkatli olunmal\u0131d\u0131r.<\/p>\n<p>Karabiberin, baharat kar\u0131\u015f\u0131mlar\u0131nda bask\u0131n \u00e7\u0131kmamas\u0131 i\u00e7in dozunda kullan\u0131lmas\u0131 gerekti\u011fini vurgulayan Danilo \u015eef, bu baharat\u0131n usyal\u0131kla kullan\u0131lmas\u0131n\u0131n yemeklerde fark olu\u015fturabilece\u011fini ifade etti.<\/p>\n<p><img loading=\"lazy\" decoding=\"async\" class=\"alignnone size-full wp-image-208596\" src=\"https:\/\/www.tgrthaber.com\/mavikadin\/wp-content\/uploads\/3-1560.png\" alt=\"\" width=\"1208\" height=\"680\" title=\"\" srcset=\"https:\/\/www.tgrthaber.com\/mavikadin\/wp-content\/uploads\/3-1560.png 1208w, https:\/\/www.tgrthaber.com\/mavikadin\/wp-content\/uploads\/3-1560-300x169.png 300w, https:\/\/www.tgrthaber.com\/mavikadin\/wp-content\/uploads\/3-1560-1024x576.png 1024w, https:\/\/www.tgrthaber.com\/mavikadin\/wp-content\/uploads\/3-1560-768x432.png 768w\" sizes=\"(max-width: 1208px) 100vw, 1208px\" \/><\/p>\n<hr \/>\n<h3>DAN\u0130LO \u015eEF&#8217;\u0130N UYARISINI D\u0130KKATE ALIN<\/h3>\n<p>Karabiber gibi yo\u011fun aromal\u0131 baharatlar yemeklere karakter katsa da \u00f6l\u00e7\u00fcl\u00fc kullan\u0131lmad\u0131\u011f\u0131nda damak zwvkini g\u00f6lgeleyebilir. Danilo \u015eef\u2019in bu uyar\u0131s\u0131, evde yemek yapan herkes i\u00e7in \u00f6nemli bir hat\u0131rlatma niteli\u011finde. Baharat kullan\u0131rken kontroll\u00fc olmak, lezzetin en b\u00fcy\u00fck s\u0131rr\u0131<\/p>\n<p><img loading=\"lazy\" decoding=\"async\" class=\"alignnone size-full wp-image-208597\" src=\"https:\/\/www.tgrthaber.com\/mavikadin\/wp-content\/uploads\/4-1300.png\" alt=\"\" width=\"1208\" height=\"680\" title=\"\" srcset=\"https:\/\/www.tgrthaber.com\/mavikadin\/wp-content\/uploads\/4-1300.png 1208w, https:\/\/www.tgrthaber.com\/mavikadin\/wp-content\/uploads\/4-1300-300x169.png 300w, https:\/\/www.tgrthaber.com\/mavikadin\/wp-content\/uploads\/4-1300-1024x576.png 1024w, https:\/\/www.tgrthaber.com\/mavikadin\/wp-content\/uploads\/4-1300-768x432.png 768w\" sizes=\"(max-width: 1208px) 100vw, 1208px\" \/><\/p>\n<hr \/>\n<h3>KARAB\u0130BER\u0130N TAR\u0130HSEL YOLCULU\u011eU<\/h3>\n<p>Yemek k\u00fclt\u00fcr\u00fcn\u00fcn vazge\u00e7ilmezi haline gelen karabiber, asl\u0131nda y\u00fczy\u0131llard\u0131r kullan\u0131lan bir baharat. Hindistan k\u00f6kenli olan bu baharat, zamanla t\u00fcm d\u00fcnyaya yay\u0131ld\u0131 ve hem t\u0131bbi hem de mutfak ama\u00e7l\u0131 de\u011ferlendirildi. Antik d\u00f6nemlerde karabiberin alt\u0131n kadar de\u011ferli oldu\u011fu ve ticaret yollar\u0131nda \u00f6nemli bir yer tuttu\u011fu biliniyor. G\u00fcn\u00fcm\u00fczde ise, kolay ula\u015f\u0131labilirli\u011fi sayesinde neredeyse her evin mutfa\u011f\u0131nda yer al\u0131yor.<\/p>\n<p><img loading=\"lazy\" decoding=\"async\" class=\"alignnone size-full wp-image-208600\" src=\"https:\/\/www.tgrthaber.com\/mavikadin\/wp-content\/uploads\/7-145.png\" alt=\"\" width=\"1208\" height=\"680\" title=\"\" srcset=\"https:\/\/www.tgrthaber.com\/mavikadin\/wp-content\/uploads\/7-145.png 1208w, https:\/\/www.tgrthaber.com\/mavikadin\/wp-content\/uploads\/7-145-300x169.png 300w, https:\/\/www.tgrthaber.com\/mavikadin\/wp-content\/uploads\/7-145-1024x576.png 1024w, https:\/\/www.tgrthaber.com\/mavikadin\/wp-content\/uploads\/7-145-768x432.png 768w\" sizes=\"(max-width: 1208px) 100vw, 1208px\" \/><\/p>\n<hr \/>\n<h3>EV MUTFA\u011eINDA EN SIK YAPILAN KARAB\u0130BER HATALARI<\/h3>\n<p>Evde yemek yaparken \u00e7o\u011fu zaman g\u00f6z karar\u0131 baharat kullan\u0131m\u0131 yayg\u0131n bir al\u0131\u015fkanl\u0131k. Ancak bu al\u0131\u015fkanl\u0131k karabiber gibi yo\u011fun aromal\u0131 baharatlarda istenmeyen sonu\u00e7lara yol a\u00e7abiliyor. \u0130\u015fte en yayg\u0131n hatalar:<\/p>\n<p>Yeme\u011fin tad\u0131na bakmadan karabiber eklemek<\/p>\n<p>Baharat\u0131 do\u011frudan tencereye d\u00f6kmek yerine avu\u00e7la atmak<\/p>\n<p>Uzun s\u00fcre pi\u015fen yemeklerde en ba\u015fta \u00e7ok miktarda karabiber eklemek<\/p>\n<p><img loading=\"lazy\" decoding=\"async\" class=\"alignnone size-full wp-image-208598\" src=\"https:\/\/www.tgrthaber.com\/mavikadin\/wp-content\/uploads\/5-844.png\" alt=\"\" width=\"1208\" height=\"680\" title=\"\" srcset=\"https:\/\/www.tgrthaber.com\/mavikadin\/wp-content\/uploads\/5-844.png 1208w, https:\/\/www.tgrthaber.com\/mavikadin\/wp-content\/uploads\/5-844-300x169.png 300w, https:\/\/www.tgrthaber.com\/mavikadin\/wp-content\/uploads\/5-844-1024x576.png 1024w, https:\/\/www.tgrthaber.com\/mavikadin\/wp-content\/uploads\/5-844-768x432.png 768w\" sizes=\"(max-width: 1208px) 100vw, 1208px\" \/><\/p>\n<hr \/>\n<h3>KARAB\u0130BERLE UYUM SA\u011eLAYAN MALZEMELER<\/h3>\n<p>Karabiber, baz\u0131 malzemelerle m\u00fckemmel bir uyum sa\u011flar. Bu malzemeleri do\u011fru e\u015fle\u015ftirerek yemeklerinizi \u00e7ok daha lezzetli hale getirebilirsiniz:<\/p>\n<p>Et ve tavuk: Karabiber, protein bazl\u0131 yemeklerin vazge\u00e7ilmezidir.<\/p>\n<p>Yo\u011furt ve s\u00fct bazl\u0131 soslar: Hafif keskinlik sa\u011flayarak denge olu\u015fturur.<\/p>\n<p><img loading=\"lazy\" decoding=\"async\" class=\"alignnone size-full wp-image-208599\" src=\"https:\/\/www.tgrthaber.com\/mavikadin\/wp-content\/uploads\/6-367.png\" alt=\"\" width=\"1208\" height=\"680\" title=\"\" srcset=\"https:\/\/www.tgrthaber.com\/mavikadin\/wp-content\/uploads\/6-367.png 1208w, https:\/\/www.tgrthaber.com\/mavikadin\/wp-content\/uploads\/6-367-300x169.png 300w, https:\/\/www.tgrthaber.com\/mavikadin\/wp-content\/uploads\/6-367-1024x576.png 1024w, https:\/\/www.tgrthaber.com\/mavikadin\/wp-content\/uploads\/6-367-768x432.png 768w\" sizes=\"(max-width: 1208px) 100vw, 1208px\" \/><\/p>\n<hr \/>\n<p>Sebzeler: \u00d6zellikle patates, havu\u00e7, brokoli gibi sebzelerde.<\/p>\n<p>Yumurta: Az miktarda karabiberle ha\u015flanm\u0131\u015f ya da sahanda yumurta \u00e7ok daha lezzetli hale gelir.<\/p>\n","protected":false},"excerpt":{"rendered":"<p>Karabiber, mutfaklar\u0131n vazge\u00e7ilmez baharatlar\u0131ndan biri olsa da fazla kullan\u0131ld\u0131\u011f\u0131nda yeme\u011fin tad\u0131n\u0131 tamamen de\u011fi\u015ftirebiliyor. MasterChef j\u00fcrisi Danilo Zanna\u2019n\u0131n yapt\u0131\u011f\u0131 son uyar\u0131, karabiberin dikkatli kullan\u0131lmas\u0131n\u0131n ne kadar \u00f6nemli oldu\u011funu bir kez daha hat\u0131rlatt\u0131.<\/p>\n","protected":false},"author":28,"featured_media":208594,"comment_status":"closed","ping_status":"closed","sticky":false,"template":"","format":"standard","meta":{"rank_math_lock_modified_date":true,"footnotes":""},"categories":[1991],"tags":[29057,29058,29060,29059,247],"class_list":["post-208564","post","type-post","status-publish","format-standard","has-post-thumbnail","hentry","category-saglik","tag-karabiber","tag-karabiber-kullanimi","tag-karabiber-ne-kadar-kullanilmali","tag-karabiber-yemeklerde-nasil-kullanilir","tag-kesfet"],"_links":{"self":[{"href":"https:\/\/www.tgrthaber.com\/mavikadin\/wp-json\/wp\/v2\/posts\/208564"}],"collection":[{"href":"https:\/\/www.tgrthaber.com\/mavikadin\/wp-json\/wp\/v2\/posts"}],"about":[{"href":"https:\/\/www.tgrthaber.com\/mavikadin\/wp-json\/wp\/v2\/types\/post"}],"author":[{"embeddable":true,"href":"https:\/\/www.tgrthaber.com\/mavikadin\/wp-json\/wp\/v2\/users\/28"}],"replies":[{"embeddable":true,"href":"https:\/\/www.tgrthaber.com\/mavikadin\/wp-json\/wp\/v2\/comments?post=208564"}],"version-history":[{"count":2,"href":"https:\/\/www.tgrthaber.com\/mavikadin\/wp-json\/wp\/v2\/posts\/208564\/revisions"}],"predecessor-version":[{"id":208602,"href":"https:\/\/www.tgrthaber.com\/mavikadin\/wp-json\/wp\/v2\/posts\/208564\/revisions\/208602"}],"wp:featuredmedia":[{"embeddable":true,"href":"https:\/\/www.tgrthaber.com\/mavikadin\/wp-json\/wp\/v2\/media\/208594"}],"wp:attachment":[{"href":"https:\/\/www.tgrthaber.com\/mavikadin\/wp-json\/wp\/v2\/media?parent=208564"}],"wp:term":[{"taxonomy":"category","embeddable":true,"href":"https:\/\/www.tgrthaber.com\/mavikadin\/wp-json\/wp\/v2\/categories?post=208564"},{"taxonomy":"post_tag","embeddable":true,"href":"https:\/\/www.tgrthaber.com\/mavikadin\/wp-json\/wp\/v2\/tags?post=208564"}],"curies":[{"name":"wp","href":"https:\/\/api.w.org\/{rel}","templated":true}]}}