{"id":208574,"date":"2025-07-22T10:02:20","date_gmt":"2025-07-22T07:02:20","guid":{"rendered":"https:\/\/www.tgrthaber.com\/mavikadin\/?p=208574"},"modified":"2025-07-22T10:02:20","modified_gmt":"2025-07-22T07:02:20","slug":"kurulus-osman-dizisinde-orhan-devri-mi-basliyor-kurulus-osman-7-sezon-neler-olacak","status":"publish","type":"post","link":"https:\/\/www.tgrthaber.com\/mavikadin\/kurulus-osman-dizisinde-orhan-devri-mi-basliyor-kurulus-osman-7-sezon-neler-olacak\/","title":{"rendered":"Kurulu\u015f Osman dizisinde Orhan devri mi ba\u015fl\u0131yor? Kurulu\u015f Osman 7. sezon neler olacak?"},"content":{"rendered":"<p>Kurulu\u015f Osman dizisinin yeni sezon heyecan\u0131 izleyicileri \u015fimdiden sard\u0131. ATV ekranlar\u0131n\u0131n b\u00fcy\u00fck bir ilgiyle takip edilen fenomen dizisi Kurulu\u015f Osman\u2019da Orhan devrinin ba\u015flay\u0131p ba\u015flamayaca\u011f\u0131 merakla ara\u015ft\u0131r\u0131l\u0131r oldu. Konusu ve g\u00fc\u00e7l\u00fc oyuncu kadrosuyla yay\u0131nland\u0131\u011f\u0131 her sezon izleyiciyi ekran ba\u015f\u0131na kilitleyen dizinin yeni d\u00f6neminde neler ya\u015fanaca\u011f\u0131 merak edildi. Peki, Kurulu\u015f Osman dizisinde Orhan devri mi ba\u015fl\u0131yor? Kurulu\u015f Osman 7. sezon neler olacak? Kurulu\u015f Osman dizisinin yeni sezonuna dair merak edilenleri sizin i\u00e7in ara\u015ft\u0131rd\u0131k. \u0130\u015fte Kurulu\u015f Osman dizisi yeni sezona dair merak edilenler\u2026<\/p>\n<h3>KURULU\u015e OSMAN D\u0130Z\u0130S\u0130NDE ORHAN DEVR\u0130 M\u0130 BA\u015eLIYOR?<\/h3>\n<p>ATV ekranlar\u0131n\u0131n reyting rekortmeni dizisi Kurulu\u015f Osman, yay\u0131nland\u0131\u011f\u0131 g\u00fcnden bu yana hem tarihi konusu hem de g\u00fc\u00e7l\u00fc oyuncu kadrosuyla dikkatleri \u00fczerine \u00e7ekiyor. Heyecan dolu b\u00f6l\u00fcmleriyle seyirciyi ekran ba\u015f\u0131na kilitleyen dizide yeni bir d\u00f6nemin ba\u015flanaca\u011f\u0131 s\u00f6yleniyor.<\/p>\n<p><img loading=\"lazy\" decoding=\"async\" class=\"alignnone wp-image-208578\" src=\"https:\/\/www.tgrthaber.com\/mavikadin\/wp-content\/uploads\/Kurulus-Osman-yeni-sezon-4-1024x576.jpg\" alt=\"Kurulu\u015f Osman dizisinde Orhan devri mi ba\u015fl\u0131yor? Kurulu\u015f Osman 7. sezon neler olacak?\" width=\"1208\" height=\"680\" title=\"\" srcset=\"https:\/\/www.tgrthaber.com\/mavikadin\/wp-content\/uploads\/Kurulus-Osman-yeni-sezon-4-1024x576.jpg 1024w, https:\/\/www.tgrthaber.com\/mavikadin\/wp-content\/uploads\/Kurulus-Osman-yeni-sezon-4-300x169.jpg 300w, https:\/\/www.tgrthaber.com\/mavikadin\/wp-content\/uploads\/Kurulus-Osman-yeni-sezon-4-768x432.jpg 768w, https:\/\/www.tgrthaber.com\/mavikadin\/wp-content\/uploads\/Kurulus-Osman-yeni-sezon-4.jpg 1208w\" sizes=\"(max-width: 1208px) 100vw, 1208px\" \/><\/p>\n<hr \/>\n<p>6 sezon boyunca izlenme rekorlar\u0131na imza atarak seyircinin dikkatini \u00e7ekmeyi ba\u015faran Kurulu\u015f Osman dizisi, 7. sezonuyla g\u00fcmb\u00fcr g\u00fcmb\u00fcr geliyor. \u0130zleyiciler yeni sezonda Osman d\u00f6neminin kapan\u0131p kapanmayaca\u011f\u0131n\u0131, Orhan devrinin ise ba\u015flay\u0131p ba\u015flamayaca\u011f\u0131n\u0131 merak ediyor.<\/p>\n<p><img loading=\"lazy\" decoding=\"async\" class=\"alignnone wp-image-208579\" src=\"https:\/\/www.tgrthaber.com\/mavikadin\/wp-content\/uploads\/Kurulus-Osman-yeni-sezon-1-1024x576.jpg\" alt=\"Kurulu\u015f Osman dizisinde Orhan devri mi ba\u015fl\u0131yor? Kurulu\u015f Osman 7. sezon neler olacak?\" width=\"1208\" height=\"680\" title=\"\" srcset=\"https:\/\/www.tgrthaber.com\/mavikadin\/wp-content\/uploads\/Kurulus-Osman-yeni-sezon-1-1024x576.jpg 1024w, https:\/\/www.tgrthaber.com\/mavikadin\/wp-content\/uploads\/Kurulus-Osman-yeni-sezon-1-300x169.jpg 300w, https:\/\/www.tgrthaber.com\/mavikadin\/wp-content\/uploads\/Kurulus-Osman-yeni-sezon-1-768x432.jpg 768w, https:\/\/www.tgrthaber.com\/mavikadin\/wp-content\/uploads\/Kurulus-Osman-yeni-sezon-1.jpg 1208w\" sizes=\"(max-width: 1208px) 100vw, 1208px\" \/><\/p>\n<hr \/>\n<p>Ba\u015frollerinde Burak \u00d6z\u00e7ivit\u2019in yer ald\u0131\u011f\u0131 dizi g\u00fc\u00e7l\u00fc oyuncu kadrosuyla da dikkat \u00e7ekiyor. Fakat yeni sezonda oyuncu kadrosunda \u00e7e\u015fitli de\u011fi\u015fikliklerin ya\u015fanaca\u011f\u0131 da s\u00f6yleniyordu. \u2018Osman\u2019 karakteriyle dikkatleri \u00fczerine \u00e7eken Burak \u00d6z\u00e7ivit\u2019in yeni sezonda da diziye devam edece\u011fi s\u00f6ylenmi\u015fti.<\/p>\n<p><img loading=\"lazy\" decoding=\"async\" class=\"alignnone wp-image-208580\" src=\"https:\/\/www.tgrthaber.com\/mavikadin\/wp-content\/uploads\/Kurulus-Osman-yeni-sezon-6-1024x576.jpg\" alt=\"Kurulu\u015f Osman dizisinde Orhan devri mi ba\u015fl\u0131yor? Kurulu\u015f Osman 7. sezon neler olacak?\" width=\"1208\" height=\"680\" title=\"\" srcset=\"https:\/\/www.tgrthaber.com\/mavikadin\/wp-content\/uploads\/Kurulus-Osman-yeni-sezon-6-1024x576.jpg 1024w, https:\/\/www.tgrthaber.com\/mavikadin\/wp-content\/uploads\/Kurulus-Osman-yeni-sezon-6-300x169.jpg 300w, https:\/\/www.tgrthaber.com\/mavikadin\/wp-content\/uploads\/Kurulus-Osman-yeni-sezon-6-768x432.jpg 768w, https:\/\/www.tgrthaber.com\/mavikadin\/wp-content\/uploads\/Kurulus-Osman-yeni-sezon-6.jpg 1208w\" sizes=\"(max-width: 1208px) 100vw, 1208px\" \/><\/p>\n<hr \/>\n<p>Gazeteci Birsen Altunta\u015f\u2019\u0131n haberine g\u00f6re; Burak \u00d6z\u00e7ivit, b\u00f6l\u00fcm ba\u015f\u0131na 4 milyon TL \u00fccret istedi\u011fi \u00f6\u011frenildi. Bunun beraberinde ise taraflar aras\u0131nda s\u00f6zle\u015fme \u015fartlar\u0131nda anla\u015fmazl\u0131k ya\u015fand\u0131. Bu geli\u015fmelerin ard\u0131ndan taraflar sosyal medyadan kar\u015f\u0131l\u0131kl\u0131 takibi b\u0131rakt\u0131. Anla\u015fman\u0131n sa\u011flanamamas\u0131 durumunda ekranlar\u0131n sevilen dizisi Kurulu\u015f Osman\u2019da Orhan Bey d\u00f6nemi ba\u015flayacak. Ortaya at\u0131lan iddialar ise yeni sezonda Orhan Bey d\u00f6neminin anlat\u0131laca\u011f\u0131 y\u00f6n\u00fcnde.<\/p>\n<p><img loading=\"lazy\" decoding=\"async\" class=\"alignnone wp-image-208581\" src=\"https:\/\/www.tgrthaber.com\/mavikadin\/wp-content\/uploads\/Kurulus-Osman-yeni-sezon-8-1024x576.jpg\" alt=\"Kurulu\u015f Osman dizisinde Orhan devri mi ba\u015fl\u0131yor? Kurulu\u015f Osman 7. sezon neler olacak?\" width=\"1208\" height=\"680\" title=\"\" srcset=\"https:\/\/www.tgrthaber.com\/mavikadin\/wp-content\/uploads\/Kurulus-Osman-yeni-sezon-8-1024x576.jpg 1024w, https:\/\/www.tgrthaber.com\/mavikadin\/wp-content\/uploads\/Kurulus-Osman-yeni-sezon-8-300x169.jpg 300w, https:\/\/www.tgrthaber.com\/mavikadin\/wp-content\/uploads\/Kurulus-Osman-yeni-sezon-8-768x432.jpg 768w, https:\/\/www.tgrthaber.com\/mavikadin\/wp-content\/uploads\/Kurulus-Osman-yeni-sezon-8.jpg 1208w\" sizes=\"(max-width: 1208px) 100vw, 1208px\" \/><\/p>\n<hr \/>\n<h3>KURULU\u015e OSMAN 7. SEZON NELER OLACAK?<\/h3>\n<p>Tarihi dokusu ve hikayesiyle seyirciyi etkilemeye devam eden Kurulu\u015f Osman dizisi, 7. sezonda da seyirciyi ekran ba\u015f\u0131na kilitlemeye haz\u0131rlan\u0131yor. Dizinin ba\u015frol oyuncusu Burak \u00d6z\u00e7ivit\u2019in yeni sezonda da ekranlarda yer alaca\u011f\u0131 fakat zaman atlamas\u0131 ya\u015fanaca\u011f\u0131 s\u00f6yleniyordu. Kulislerden s\u0131zan bilgilere g\u00f6re \u00d6z\u00e7ivit, \u00fccret konusunda anla\u015famad\u0131. B\u00f6l\u00fcm ba\u015f\u0131 4 milyon TL \u00fccret isteyen \u00fcnl\u00fc oyuncu, para konusunda anla\u015famay\u0131nca resti \u00e7ekti.<\/p>\n<p><img loading=\"lazy\" decoding=\"async\" class=\"alignnone wp-image-208582\" src=\"https:\/\/www.tgrthaber.com\/mavikadin\/wp-content\/uploads\/Kurulus-Osman-yeni-sezon-5-1024x576.jpg\" alt=\"Kurulu\u015f Osman dizisinde Orhan devri mi ba\u015fl\u0131yor? Kurulu\u015f Osman 7. sezon neler olacak?\" width=\"1208\" height=\"680\" title=\"\" srcset=\"https:\/\/www.tgrthaber.com\/mavikadin\/wp-content\/uploads\/Kurulus-Osman-yeni-sezon-5-1024x576.jpg 1024w, https:\/\/www.tgrthaber.com\/mavikadin\/wp-content\/uploads\/Kurulus-Osman-yeni-sezon-5-300x169.jpg 300w, https:\/\/www.tgrthaber.com\/mavikadin\/wp-content\/uploads\/Kurulus-Osman-yeni-sezon-5-768x432.jpg 768w, https:\/\/www.tgrthaber.com\/mavikadin\/wp-content\/uploads\/Kurulus-Osman-yeni-sezon-5.jpg 1208w\" sizes=\"(max-width: 1208px) 100vw, 1208px\" \/><\/p>\n<hr \/>\n<p>Osman devrinin kapanma ihtimali g\u00f6z \u00f6n\u00fcnde bulunduruldu\u011funda dizinin s\u0131k\u0131 takip\u00e7ileri Kurulu\u015f Osman\u2019\u0131n 7. sezonunda neler ya\u015fanaca\u011f\u0131n\u0131 merak etti. Birsen Altunta\u015f\u2019\u0131n haberine g\u00f6re; ATV ekranlar\u0131nda izleyici kar\u015f\u0131s\u0131na devam edecek olan dizinin ilk b\u00f6l\u00fcm\u00fcnde Osman Bey\u2019in ya\u015fl\u0131l\u0131k halinin ekrana gelece\u011fi daha sonra ise Orhan Bey d\u00f6nemine ge\u00e7ilece\u011fi iddia edildi.<\/p>\n<p><img loading=\"lazy\" decoding=\"async\" class=\"alignnone wp-image-208583\" src=\"https:\/\/www.tgrthaber.com\/mavikadin\/wp-content\/uploads\/Kurulus-Osman-yeni-sezon-7-1024x576.jpg\" alt=\"Kurulu\u015f Osman dizisinde Orhan devri mi ba\u015fl\u0131yor? Kurulu\u015f Osman 7. sezon neler olacak?\" width=\"1208\" height=\"680\" title=\"\" srcset=\"https:\/\/www.tgrthaber.com\/mavikadin\/wp-content\/uploads\/Kurulus-Osman-yeni-sezon-7-1024x576.jpg 1024w, https:\/\/www.tgrthaber.com\/mavikadin\/wp-content\/uploads\/Kurulus-Osman-yeni-sezon-7-300x169.jpg 300w, https:\/\/www.tgrthaber.com\/mavikadin\/wp-content\/uploads\/Kurulus-Osman-yeni-sezon-7-768x432.jpg 768w, https:\/\/www.tgrthaber.com\/mavikadin\/wp-content\/uploads\/Kurulus-Osman-yeni-sezon-7.jpg 1208w\" sizes=\"(max-width: 1208px) 100vw, 1208px\" \/><\/p>\n<hr \/>\n<p>Daha \u00f6nce Emre Bey\u2019in Orhan Bey karakteriyle boy g\u00f6sterdi\u011fi Kurulu\u015f Osman dizisinde, zaman atlamas\u0131 ya\u015fanmas\u0131yla birlikte yeni Orhan Bey\u2019i kimin oynayaca\u011f\u0131 da merak edildi. Yeni sezonda hem ana ak\u0131ma, hem dijitale proje haz\u0131rlayan yap\u0131m \u015firketinin Mert Yaz\u0131c\u0131o\u011flu, Murat \u00dcnalm\u0131\u015f ve \u0130brahim \u00c7elikkol gibi \u00fcnl\u00fc oyuncularla da g\u00f6r\u00fc\u015ft\u00fc\u011f\u00fc de \u00f6ne s\u00fcr\u00fcld\u00fc.<\/p>\n<p><img loading=\"lazy\" decoding=\"async\" class=\"alignnone wp-image-208584\" src=\"https:\/\/www.tgrthaber.com\/mavikadin\/wp-content\/uploads\/Kurulus-Osman-yeni-sezon-3-1024x576.jpg\" alt=\"Kurulu\u015f Osman dizisinde Orhan devri mi ba\u015fl\u0131yor? Kurulu\u015f Osman 7. sezon neler olacak?\" width=\"1208\" height=\"680\" title=\"\" srcset=\"https:\/\/www.tgrthaber.com\/mavikadin\/wp-content\/uploads\/Kurulus-Osman-yeni-sezon-3-1024x576.jpg 1024w, https:\/\/www.tgrthaber.com\/mavikadin\/wp-content\/uploads\/Kurulus-Osman-yeni-sezon-3-300x169.jpg 300w, https:\/\/www.tgrthaber.com\/mavikadin\/wp-content\/uploads\/Kurulus-Osman-yeni-sezon-3-768x432.jpg 768w, https:\/\/www.tgrthaber.com\/mavikadin\/wp-content\/uploads\/Kurulus-Osman-yeni-sezon-3.jpg 1208w\" sizes=\"(max-width: 1208px) 100vw, 1208px\" \/><\/p>\n<hr \/>\n<p>Hen\u00fcz oyuncu kadrosu ve hikayesi netle\u015fmeyen Kurulu\u015f Osman dizisinin 7. sezonunda Orhan Bey d\u00f6nemine ge\u00e7ilece\u011fi ve Osman Bey devrinin kapand\u0131\u011f\u0131 iddia ediliyor. Ortaya at\u0131lan iddialar kesinli\u011fini korursa Kurulu\u015f Osman dizisinin yeni sezonunda bamba\u015fka bir hikaye ve oyuncu kadrosu izleyici kar\u015f\u0131s\u0131na \u00e7\u0131kacak.<\/p>\n","protected":false},"excerpt":{"rendered":"<p>ATV ekranlar\u0131n\u0131n b\u00fcy\u00fck bir ilgiyle takip edilen dizisi Kurulu\u015f Osman\u2019da Orhan devrinin ba\u015flay\u0131p ba\u015flamayaca\u011f\u0131 merak ediliyor. Peki, Kurulu\u015f Osman dizisinde Orhan devri mi ba\u015fl\u0131yor? Kurulu\u015f Osman 7. sezon neler olacak? \u0130\u015fte detaylar\u2026<\/p>\n","protected":false},"author":26,"featured_media":208577,"comment_status":"closed","ping_status":"closed","sticky":false,"template":"","format":"standard","meta":{"rank_math_lock_modified_date":false,"footnotes":""},"categories":[602],"tags":[2154,2628,3602,3072,20100,5998],"class_list":["post-208574","post","type-post","status-publish","format-standard","has-post-thumbnail","hentry","category-diziler","tag-burak-ozcivit","tag-dizi-haberleri","tag-diziler","tag-kurulus-osman","tag-orhan-bey","tag-osman-bey"],"_links":{"self":[{"href":"https:\/\/www.tgrthaber.com\/mavikadin\/wp-json\/wp\/v2\/posts\/208574"}],"collection":[{"href":"https:\/\/www.tgrthaber.com\/mavikadin\/wp-json\/wp\/v2\/posts"}],"about":[{"href":"https:\/\/www.tgrthaber.com\/mavikadin\/wp-json\/wp\/v2\/types\/post"}],"author":[{"embeddable":true,"href":"https:\/\/www.tgrthaber.com\/mavikadin\/wp-json\/wp\/v2\/users\/26"}],"replies":[{"embeddable":true,"href":"https:\/\/www.tgrthaber.com\/mavikadin\/wp-json\/wp\/v2\/comments?post=208574"}],"version-history":[{"count":1,"href":"https:\/\/www.tgrthaber.com\/mavikadin\/wp-json\/wp\/v2\/posts\/208574\/revisions"}],"predecessor-version":[{"id":208585,"href":"https:\/\/www.tgrthaber.com\/mavikadin\/wp-json\/wp\/v2\/posts\/208574\/revisions\/208585"}],"wp:featuredmedia":[{"embeddable":true,"href":"https:\/\/www.tgrthaber.com\/mavikadin\/wp-json\/wp\/v2\/media\/208577"}],"wp:attachment":[{"href":"https:\/\/www.tgrthaber.com\/mavikadin\/wp-json\/wp\/v2\/media?parent=208574"}],"wp:term":[{"taxonomy":"category","embeddable":true,"href":"https:\/\/www.tgrthaber.com\/mavikadin\/wp-json\/wp\/v2\/categories?post=208574"},{"taxonomy":"post_tag","embeddable":true,"href":"https:\/\/www.tgrthaber.com\/mavikadin\/wp-json\/wp\/v2\/tags?post=208574"}],"curies":[{"name":"wp","href":"https:\/\/api.w.org\/{rel}","templated":true}]}}