{"id":208614,"date":"2025-07-22T10:42:48","date_gmt":"2025-07-22T07:42:48","guid":{"rendered":"https:\/\/www.tgrthaber.com\/mavikadin\/?p=208614"},"modified":"2025-07-22T10:53:56","modified_gmt":"2025-07-22T07:53:56","slug":"pinar-yildiz-kimdir-kac-yasinda-pinar-yildiz-nereli","status":"publish","type":"post","link":"https:\/\/www.tgrthaber.com\/mavikadin\/pinar-yildiz-kimdir-kac-yasinda-pinar-yildiz-nereli\/","title":{"rendered":"P\u0131nar Y\u0131ld\u0131z kimdir ka\u00e7 ya\u015f\u0131nda? P\u0131nar Y\u0131ld\u0131z nereli?"},"content":{"rendered":"<p>\u015eark\u0131lar\u0131yla dikkat \u00e7eken P\u0131nar Y\u0131ld\u0131z klip \u00e7ekimi s\u0131ras\u0131nda attan d\u00fc\u015ferek g\u00fcndem oldu. P\u0131nar Y\u0131ld\u0131z kimdir ka\u00e7 ya\u015f\u0131nda? gibi sorular\u0131n cevaplar\u0131 merak edildi.<\/p>\n<h3>PINAR YILDIZ K\u0130MD\u0130R?<\/h3>\n<p>P\u0131nar Y\u0131ld\u0131z \u00e7ocuk ya\u015flarda voleybolcu olma hayalinin oldu\u011funu ve sonras\u0131nda m\u00fczik e\u011fitimine a\u011f\u0131rl\u0131k verdi\u011fini a\u00e7\u0131klam\u0131\u015ft\u0131. Ba\u015far\u0131l\u0131 \u015fark\u0131c\u0131 P\u0131nar Y\u0131ld\u0131z \u00fclkemizi ba\u015far\u0131lar\u0131yla gururland\u0131ran Filenin Sultanlar\u0131\u2019na \u015fark\u0131 haz\u0131rlayarak g\u00fcndem olmu\u015ftu.<\/p>\n<p><img loading=\"lazy\" decoding=\"async\" class=\"alignnone size-full wp-image-208615\" src=\"https:\/\/www.tgrthaber.com\/mavikadin\/wp-content\/uploads\/Pinar-Yildiz-1.png\" alt=\"\" width=\"1208\" height=\"680\" title=\"\" srcset=\"https:\/\/www.tgrthaber.com\/mavikadin\/wp-content\/uploads\/Pinar-Yildiz-1.png 1208w, https:\/\/www.tgrthaber.com\/mavikadin\/wp-content\/uploads\/Pinar-Yildiz-1-300x169.png 300w, https:\/\/www.tgrthaber.com\/mavikadin\/wp-content\/uploads\/Pinar-Yildiz-1-1024x576.png 1024w, https:\/\/www.tgrthaber.com\/mavikadin\/wp-content\/uploads\/Pinar-Yildiz-1-768x432.png 768w\" sizes=\"(max-width: 1208px) 100vw, 1208px\" \/><\/p>\n<hr \/>\n<p>P\u0131nar Y\u0131ld\u0131z s\u00f6z\u00fc ve m\u00fczi\u011fi Merve Holofter, Enis Y\u00fczer\u2019e d\u00fczenlemesi Erhan Bayrak\u2019a ait \u201cDum Taka\u201d y\u0131 hayranlar\u0131yla bulu\u015fturdu. \u00dcnl\u00fc \u015fark\u0131c\u0131 filenin sultanlar\u0131na \u201cDum Taka\u201d \u015fark\u0131s\u0131n\u0131 arma\u011fan etmi\u015fti. \u00dcnl\u00fc isim \u015fark\u0131n\u0131n klibi i\u00e7in G\u00f6khan \u00d6zdemir y\u00f6netmenli\u011finde kamera kar\u015f\u0131s\u0131na ge\u00e7ti.<\/p>\n<p><img loading=\"lazy\" decoding=\"async\" class=\"alignnone size-full wp-image-208619\" src=\"https:\/\/www.tgrthaber.com\/mavikadin\/wp-content\/uploads\/Pinar-Yildiz-5.png\" alt=\"\" width=\"1208\" height=\"680\" title=\"\" srcset=\"https:\/\/www.tgrthaber.com\/mavikadin\/wp-content\/uploads\/Pinar-Yildiz-5.png 1208w, https:\/\/www.tgrthaber.com\/mavikadin\/wp-content\/uploads\/Pinar-Yildiz-5-300x169.png 300w, https:\/\/www.tgrthaber.com\/mavikadin\/wp-content\/uploads\/Pinar-Yildiz-5-1024x576.png 1024w, https:\/\/www.tgrthaber.com\/mavikadin\/wp-content\/uploads\/Pinar-Yildiz-5-768x432.png 768w\" sizes=\"(max-width: 1208px) 100vw, 1208px\" \/><\/p>\n<hr \/>\n<p>Voleybol sahas\u0131nda dans\u00e7\u0131larla \u00f6zel haz\u0131rlad\u0131\u011f\u0131 koreografi ile iddial\u0131 bir klibe imza atan Y\u0131ld\u0131z, \u201c\u00dclkemizi gururland\u0131ran Filenin Sultanlar\u0131 i\u00e7in bu \u015fark\u0131y\u0131 yapmaktan gurur duyuyorum\u201d dedi.<br \/>\n\u00dcnl\u00fc \u015fark\u0131c\u0131 P\u0131nar Y\u0131ld\u0131z, \u0130stanbul Teknik \u00dcniversitesi Devlet Konservatuar\u0131 \u015fan b\u00f6l\u00fcm\u00fc mezunudur. P\u0131nar Y\u0131ld\u0131z, 3 y\u0131l ABD&#8217;de sahne ald\u0131ktan sonra T\u00fcrkiye&#8217;ye d\u00f6n\u00fc\u015f yapt\u0131. \u015eark\u0131c\u0131 Y\u0131ld\u0131z, m\u00fczi\u011fi Stephan Saban&#8217;a, s\u00f6z\u00fc Sibel Algan&#8217;a aranjesini Sakiler&#8217;in yapt\u0131\u011f\u0131 &#8216;Tamam Pampa&#8217;y\u0131 sevenlerinin be\u011fenisine sunmu\u015ftu.<\/p>\n<p><img loading=\"lazy\" decoding=\"async\" class=\"alignnone size-full wp-image-208616\" src=\"https:\/\/www.tgrthaber.com\/mavikadin\/wp-content\/uploads\/Pinar-Yildiz-2.png\" alt=\"\" width=\"1208\" height=\"680\" title=\"\" srcset=\"https:\/\/www.tgrthaber.com\/mavikadin\/wp-content\/uploads\/Pinar-Yildiz-2.png 1208w, https:\/\/www.tgrthaber.com\/mavikadin\/wp-content\/uploads\/Pinar-Yildiz-2-300x169.png 300w, https:\/\/www.tgrthaber.com\/mavikadin\/wp-content\/uploads\/Pinar-Yildiz-2-1024x576.png 1024w, https:\/\/www.tgrthaber.com\/mavikadin\/wp-content\/uploads\/Pinar-Yildiz-2-768x432.png 768w\" sizes=\"(max-width: 1208px) 100vw, 1208px\" \/><\/p>\n<hr \/>\n<p>\u015eark\u0131c\u0131l\u0131k kariyeri d\u0131\u015f\u0131nda m\u00fczik \u00f6\u011fretmenli\u011fi de yapan P\u0131nar Y\u0131ld\u0131z \u00f6\u011frencileri ve m\u00fczisyen arkada\u015flar\u0131yla beraber g\u00f6n\u00fcll\u00fc olarak huzurevleri ve \u00e7ocuk esirgeme kurumunda konser veriyor.<br \/>\n\u00dcnl\u00fc ismin en b\u00fcy\u00fck hayali Y\u0131ld\u0131z Tatil K\u00f6y\u00fc ad\u0131nda ya\u015fl\u0131 ve hayvan bak\u0131m evi in\u015fa etmek.<\/p>\n<h3>PINAR YILDIZ KA\u00c7 YA\u015eINDA NEREL\u0130?<\/h3>\n<p>P\u0131nar Y\u0131ld\u0131z ka\u00e7 ya\u015f\u0131nda nereli? gibi sorular\u0131n cevab\u0131 internette bulunmuyor.<\/p>\n<p><img loading=\"lazy\" decoding=\"async\" class=\"alignnone size-full wp-image-208617\" src=\"https:\/\/www.tgrthaber.com\/mavikadin\/wp-content\/uploads\/Pinar-Yildiz-3.png\" alt=\"\" width=\"1208\" height=\"680\" title=\"\" srcset=\"https:\/\/www.tgrthaber.com\/mavikadin\/wp-content\/uploads\/Pinar-Yildiz-3.png 1208w, https:\/\/www.tgrthaber.com\/mavikadin\/wp-content\/uploads\/Pinar-Yildiz-3-300x169.png 300w, https:\/\/www.tgrthaber.com\/mavikadin\/wp-content\/uploads\/Pinar-Yildiz-3-1024x576.png 1024w, https:\/\/www.tgrthaber.com\/mavikadin\/wp-content\/uploads\/Pinar-Yildiz-3-768x432.png 768w\" sizes=\"(max-width: 1208px) 100vw, 1208px\" \/><\/p>\n<hr \/>\n<h3>PINAR YILDIZ KAZA MI GE\u00c7\u0130RD\u0130?<\/h3>\n<p>Klip \u00e7ekimleri s\u0131ras\u0131nda attan d\u00fc\u015fen \u015fark\u0131c\u0131 P\u0131nar Y\u0131ld\u0131z \u00f6l\u00fcmle burun buruna geldi. Yeni \u015fark\u0131s\u0131 &#8216;Cans\u0131n&#8217;\u0131n klip \u00e7ekimi s\u0131ras\u0131nda b\u00fcy\u00fck bir tehlike atlatt\u0131. G\u00f6khan \u00d6zdemir&#8217;in y\u00f6netmenli\u011finde Artvin&#8217;in yaylalar\u0131nda kamera kar\u015f\u0131s\u0131na ge\u00e7en \u00fcnl\u00fc \u015fark\u0131c\u0131 keyifli ba\u015flayan \u00e7ekimleri hastanede bitirdi.<\/p>\n<p><img loading=\"lazy\" decoding=\"async\" class=\"alignnone size-full wp-image-208618\" src=\"https:\/\/www.tgrthaber.com\/mavikadin\/wp-content\/uploads\/Pinar-Yildiz-4.png\" alt=\"\" width=\"1208\" height=\"680\" title=\"\" srcset=\"https:\/\/www.tgrthaber.com\/mavikadin\/wp-content\/uploads\/Pinar-Yildiz-4.png 1208w, https:\/\/www.tgrthaber.com\/mavikadin\/wp-content\/uploads\/Pinar-Yildiz-4-300x169.png 300w, https:\/\/www.tgrthaber.com\/mavikadin\/wp-content\/uploads\/Pinar-Yildiz-4-1024x576.png 1024w, https:\/\/www.tgrthaber.com\/mavikadin\/wp-content\/uploads\/Pinar-Yildiz-4-768x432.png 768w\" sizes=\"(max-width: 1208px) 100vw, 1208px\" \/><\/p>\n<hr \/>\n<p>\u015eark\u0131s\u0131n\u0131 at \u00fczerinde seslendirmeye haz\u0131rlanan P\u0131nar Y\u0131ld\u0131z \u00e7ekimlerden \u00f6nce at binme dersi de alm\u0131\u015ft\u0131. Ancak Y\u0131ld\u0131z talihsiz bir kaza ge\u00e7irdi. Boynunda ciddi \u00f6l\u00e7\u00fcde yaralanma ya\u015fayan \u015fark\u0131c\u0131 k\u0131sa s\u00fcreli haf\u0131za kayb\u0131 ya\u015fad\u0131.<\/p>\n<p>Hastanede g\u00f6zlem alt\u0131nda olan P\u0131nar Y\u0131ld\u0131z, tedavisi tamamlan\u0131nca birka\u00e7 g\u00fcn sonra taburcu edildi.<\/p>\n","protected":false},"excerpt":{"rendered":"<p>P\u0131nar Y\u0131ld\u0131z kimdir ka\u00e7 ya\u015f\u0131nda? merak konusu oldu. Klip \u00e7ekiminde attan d\u00fc\u015ferek hastaneye kald\u0131r\u0131lan \u00fcnl\u00fc \u015fark\u0131c\u0131n\u0131n hayat\u0131 ara\u015ft\u0131r\u0131lmaya ba\u015fland\u0131.<\/p>\n","protected":false},"author":5,"featured_media":208620,"comment_status":"closed","ping_status":"closed","sticky":false,"template":"","format":"standard","meta":{"rank_math_lock_modified_date":false,"footnotes":""},"categories":[491],"tags":[29065,133,29063,29064],"class_list":["post-208614","post","type-post","status-publish","format-standard","has-post-thumbnail","hentry","category-biyografi","tag-dum-taka","tag-magazin","tag-pinar-yildiz","tag-pinar-yildiz-kaza"],"_links":{"self":[{"href":"https:\/\/www.tgrthaber.com\/mavikadin\/wp-json\/wp\/v2\/posts\/208614"}],"collection":[{"href":"https:\/\/www.tgrthaber.com\/mavikadin\/wp-json\/wp\/v2\/posts"}],"about":[{"href":"https:\/\/www.tgrthaber.com\/mavikadin\/wp-json\/wp\/v2\/types\/post"}],"author":[{"embeddable":true,"href":"https:\/\/www.tgrthaber.com\/mavikadin\/wp-json\/wp\/v2\/users\/5"}],"replies":[{"embeddable":true,"href":"https:\/\/www.tgrthaber.com\/mavikadin\/wp-json\/wp\/v2\/comments?post=208614"}],"version-history":[{"count":1,"href":"https:\/\/www.tgrthaber.com\/mavikadin\/wp-json\/wp\/v2\/posts\/208614\/revisions"}],"predecessor-version":[{"id":208621,"href":"https:\/\/www.tgrthaber.com\/mavikadin\/wp-json\/wp\/v2\/posts\/208614\/revisions\/208621"}],"wp:featuredmedia":[{"embeddable":true,"href":"https:\/\/www.tgrthaber.com\/mavikadin\/wp-json\/wp\/v2\/media\/208620"}],"wp:attachment":[{"href":"https:\/\/www.tgrthaber.com\/mavikadin\/wp-json\/wp\/v2\/media?parent=208614"}],"wp:term":[{"taxonomy":"category","embeddable":true,"href":"https:\/\/www.tgrthaber.com\/mavikadin\/wp-json\/wp\/v2\/categories?post=208614"},{"taxonomy":"post_tag","embeddable":true,"href":"https:\/\/www.tgrthaber.com\/mavikadin\/wp-json\/wp\/v2\/tags?post=208614"}],"curies":[{"name":"wp","href":"https:\/\/api.w.org\/{rel}","templated":true}]}}