{"id":208647,"date":"2025-07-22T11:30:03","date_gmt":"2025-07-22T08:30:03","guid":{"rendered":"https:\/\/www.tgrthaber.com\/mavikadin\/?p=208647"},"modified":"2025-07-22T11:30:03","modified_gmt":"2025-07-22T08:30:03","slug":"sami-yusuf-konseri-nerede-ve-ne-zaman-olacak-sami-yusuf-istanbul-konser-biletleri-ne-kadar","status":"publish","type":"post","link":"https:\/\/www.tgrthaber.com\/mavikadin\/sami-yusuf-konseri-nerede-ve-ne-zaman-olacak-sami-yusuf-istanbul-konser-biletleri-ne-kadar\/","title":{"rendered":"Sami Yusuf konseri nerede ve ne zaman olacak? Sami Yusuf \u0130stanbul konser biletleri ne kadar?"},"content":{"rendered":"<p>Do\u011fu ve Bat\u0131 m\u00fcziklerini \u00e7a\u011fda\u015f bir yakla\u015f\u0131mla harmanlayan \u0130ranl\u0131 \u015fark\u0131c\u0131 Sami Yusuf, \u00e7ok yak\u0131nda hayranlar\u0131 ile bulu\u015fmaya haz\u0131rlan\u0131yor. Yusuf, Anadolu PSM ve S\u0130S Production i\u015f birli\u011finde verece\u011fi konserle 10 y\u0131l aran\u0131n ard\u0131ndan \u0130stanbul\u2019da sevenleri ile bulu\u015facak. Yusuf\u2019un \u0130stanbul konseri\u2019nde\u201cEcstasy: \u0130ki Deniz Aras\u0131nda\u201d alb\u00fcm\u00fc ilk kez izleyici be\u011fenisine sunulacak. Sami Yusuf\u2019un konserine gitmek isteyen m\u00fczikseverler konserin nerede ve ne zaman olaca\u011f\u0131n\u0131, bilet fiyatlar\u0131n\u0131 \u00e7ok merak ediyor. Sami Yusuf konseri nerede ve ne zaman olacak? Sami Yusuf \u0130stanbul konser biletleri ne kadar?<\/p>\n<h3>SAM\u0130 YUSUF KONSER\u0130 NEREDE OLACAK?<\/h3>\n<p>Sami Yusuf&#8217;un konseri \u0130stanbul Yenikap\u0131&#8217;da olacak. Konser, Festival Park Yenikap\u0131&#8217;da ger\u00e7ekle\u015fecek. Yenikap\u0131 konserine gitmek i\u00e7in marmaray, metro ve tramvay gibi toplu ta\u015f\u0131ma ara\u00e7lar\u0131 kullan\u0131labilmektedir.<\/p>\n<p><img loading=\"lazy\" decoding=\"async\" class=\"size-full wp-image-208649 aligncenter\" src=\"https:\/\/www.tgrthaber.com\/mavikadin\/wp-content\/uploads\/sami-yusuf-konseri-nerede-ve-ne-zaman-olacak-sami-yusuf-istanbul-konser-biletleri-ne-kadar-4.jpg\" alt=\"\" width=\"1208\" height=\"680\" title=\"\" srcset=\"https:\/\/www.tgrthaber.com\/mavikadin\/wp-content\/uploads\/sami-yusuf-konseri-nerede-ve-ne-zaman-olacak-sami-yusuf-istanbul-konser-biletleri-ne-kadar-4.jpg 1208w, https:\/\/www.tgrthaber.com\/mavikadin\/wp-content\/uploads\/sami-yusuf-konseri-nerede-ve-ne-zaman-olacak-sami-yusuf-istanbul-konser-biletleri-ne-kadar-4-300x169.jpg 300w, https:\/\/www.tgrthaber.com\/mavikadin\/wp-content\/uploads\/sami-yusuf-konseri-nerede-ve-ne-zaman-olacak-sami-yusuf-istanbul-konser-biletleri-ne-kadar-4-1024x576.jpg 1024w, https:\/\/www.tgrthaber.com\/mavikadin\/wp-content\/uploads\/sami-yusuf-konseri-nerede-ve-ne-zaman-olacak-sami-yusuf-istanbul-konser-biletleri-ne-kadar-4-768x432.jpg 768w\" sizes=\"(max-width: 1208px) 100vw, 1208px\" \/><\/p>\n<hr \/>\n<p>Marmaray ile Yenikap\u0131 Etkinlik Alan\u0131&#8217;na ula\u015fmak isteyenler Marmaray&#8217;\u0131n &#8216;Yenikap\u0131&#8217; dura\u011f\u0131nda inmelidir. M12-M2 metro hatlar\u0131 ile de Yenikap\u0131 istasyonunda inip 15 dakika y\u00fcr\u00fcyerek Festival Park Yenikap\u0131&#8217;ya gidebilirsiniz. Ayr\u0131ca Festival Park Yenikap\u0131&#8217;ya giden 13 adet \u0130ETT otob\u00fcs hatt\u0131 bulunmaktad\u0131r.<\/p>\n<p><img loading=\"lazy\" decoding=\"async\" class=\"size-full wp-image-208650 aligncenter\" src=\"https:\/\/www.tgrthaber.com\/mavikadin\/wp-content\/uploads\/sami-yusuf-konseri-nerede-ve-ne-zaman-olacak-sami-yusuf-istanbul-konser-biletleri-ne-kadar-2.jpg\" alt=\"\" width=\"1208\" height=\"680\" title=\"\" srcset=\"https:\/\/www.tgrthaber.com\/mavikadin\/wp-content\/uploads\/sami-yusuf-konseri-nerede-ve-ne-zaman-olacak-sami-yusuf-istanbul-konser-biletleri-ne-kadar-2.jpg 1208w, https:\/\/www.tgrthaber.com\/mavikadin\/wp-content\/uploads\/sami-yusuf-konseri-nerede-ve-ne-zaman-olacak-sami-yusuf-istanbul-konser-biletleri-ne-kadar-2-300x169.jpg 300w, https:\/\/www.tgrthaber.com\/mavikadin\/wp-content\/uploads\/sami-yusuf-konseri-nerede-ve-ne-zaman-olacak-sami-yusuf-istanbul-konser-biletleri-ne-kadar-2-1024x576.jpg 1024w, https:\/\/www.tgrthaber.com\/mavikadin\/wp-content\/uploads\/sami-yusuf-konseri-nerede-ve-ne-zaman-olacak-sami-yusuf-istanbul-konser-biletleri-ne-kadar-2-768x432.jpg 768w\" sizes=\"(max-width: 1208px) 100vw, 1208px\" \/><\/p>\n<hr \/>\n<h3>SAM\u0130 YUSUF KONSER\u0130 NE ZAMAN OLACAK?<\/h3>\n<p>Sami Yusuf konseri, 23 A\u011fustos 2025&#8217;te olacak. Yusuf, 23 A\u011fustos tarihinde \u0130stanbul Yenikap\u0131 Etkinlik Alan\u0131&#8217;nda hayranlar\u0131 ile bulu\u015facak.<\/p>\n<p><img loading=\"lazy\" decoding=\"async\" class=\"size-full wp-image-208651 aligncenter\" src=\"https:\/\/www.tgrthaber.com\/mavikadin\/wp-content\/uploads\/sami-yusuf-konseri-nerede-ve-ne-zaman-olacak-sami-yusuf-istanbul-konser-biletleri-ne-kadar-3.jpg\" alt=\"\" width=\"1208\" height=\"680\" title=\"\" srcset=\"https:\/\/www.tgrthaber.com\/mavikadin\/wp-content\/uploads\/sami-yusuf-konseri-nerede-ve-ne-zaman-olacak-sami-yusuf-istanbul-konser-biletleri-ne-kadar-3.jpg 1208w, https:\/\/www.tgrthaber.com\/mavikadin\/wp-content\/uploads\/sami-yusuf-konseri-nerede-ve-ne-zaman-olacak-sami-yusuf-istanbul-konser-biletleri-ne-kadar-3-300x169.jpg 300w, https:\/\/www.tgrthaber.com\/mavikadin\/wp-content\/uploads\/sami-yusuf-konseri-nerede-ve-ne-zaman-olacak-sami-yusuf-istanbul-konser-biletleri-ne-kadar-3-1024x576.jpg 1024w, https:\/\/www.tgrthaber.com\/mavikadin\/wp-content\/uploads\/sami-yusuf-konseri-nerede-ve-ne-zaman-olacak-sami-yusuf-istanbul-konser-biletleri-ne-kadar-3-768x432.jpg 768w\" sizes=\"(max-width: 1208px) 100vw, 1208px\" \/><\/p>\n<hr \/>\n<p>Sami Yusuf, bu gecede yeni alb\u00fcm\u00fc Ecstasy&#8217;den par\u00e7alar da seslendirecek. Yusuf, \u015fark\u0131lar\u0131 ile izleyici ile bulu\u015furken 1400 metrekare led ekrandan, ebru sanat\u0131 ve Osmanl\u0131 minyat\u00fcrleri izleyicilere g\u00f6sterilecek. Yusuf\u2019a, 83 sanat\u00e7\u0131 daha e\u015flik edecek.<\/p>\n<p><img loading=\"lazy\" decoding=\"async\" class=\"size-full wp-image-208653 aligncenter\" src=\"https:\/\/www.tgrthaber.com\/mavikadin\/wp-content\/uploads\/sami-yusuf-konseri-nerede-ve-ne-zaman-olacak-sami-yusuf-istanbul-konser-biletleri-ne-kadar-6.jpg\" alt=\"\" width=\"1208\" height=\"680\" title=\"\" srcset=\"https:\/\/www.tgrthaber.com\/mavikadin\/wp-content\/uploads\/sami-yusuf-konseri-nerede-ve-ne-zaman-olacak-sami-yusuf-istanbul-konser-biletleri-ne-kadar-6.jpg 1208w, https:\/\/www.tgrthaber.com\/mavikadin\/wp-content\/uploads\/sami-yusuf-konseri-nerede-ve-ne-zaman-olacak-sami-yusuf-istanbul-konser-biletleri-ne-kadar-6-300x169.jpg 300w, https:\/\/www.tgrthaber.com\/mavikadin\/wp-content\/uploads\/sami-yusuf-konseri-nerede-ve-ne-zaman-olacak-sami-yusuf-istanbul-konser-biletleri-ne-kadar-6-1024x576.jpg 1024w, https:\/\/www.tgrthaber.com\/mavikadin\/wp-content\/uploads\/sami-yusuf-konseri-nerede-ve-ne-zaman-olacak-sami-yusuf-istanbul-konser-biletleri-ne-kadar-6-768x432.jpg 768w\" sizes=\"(max-width: 1208px) 100vw, 1208px\" \/><\/p>\n<hr \/>\n<p>Sami Yusuf, instagram hesab\u0131ndan yay\u0131nlad\u0131\u011f\u0131 videoda d\u00fc\u015f\u00fcnceleri \u015f\u00f6yle payla\u015ft\u0131: &#8220;Merhaba, 10 y\u0131l aradan sonra 23 A\u011fustos&#8217;ta \u0130stanbul Yenikap\u0131&#8217;da sahne alaca\u011f\u0131m i\u00e7in \u00e7ok heyecanl\u0131y\u0131m. Ayr\u0131ca yeni alb\u00fcm\u00fcm &#8216;Ecstasy&#8217;den bir\u00e7ok par\u00e7ay\u0131 da ilk kez seslendirece\u011fim. Harika bir gece olacak. Mutlaka gelin. G\u00f6r\u00fc\u015fmek \u00fczere.&#8221;<\/p>\n<h3>SAM\u0130 YUSUF \u0130STANBUL B\u0130LETLER\u0130 NE KADAR?<\/h3>\n<p>Sami Yusuf bilet fiyatlar\u0131 oturmal\u0131 d\u00fczende 6500 &#8211; 15000 TL aras\u0131 de\u011fi\u015firken, konseri ayakta izlemek isteyenler i\u00e7in ise 1500 TL\u2019dir.<\/p>\n<p>VIP 15,000.00 TL<\/p>\n<p>Protokol 12,000.00 TL<\/p>\n<p>1.Kategori 8,000.00 TL<\/p>\n<p><img loading=\"lazy\" decoding=\"async\" class=\"size-full wp-image-208654 aligncenter\" src=\"https:\/\/www.tgrthaber.com\/mavikadin\/wp-content\/uploads\/sami-yusuf-konseri-nerede-ve-ne-zaman-olacak-sami-yusuf-istanbul-konser-biletleri-ne-kadar-5.jpg\" alt=\"\" width=\"1208\" height=\"680\" title=\"\" srcset=\"https:\/\/www.tgrthaber.com\/mavikadin\/wp-content\/uploads\/sami-yusuf-konseri-nerede-ve-ne-zaman-olacak-sami-yusuf-istanbul-konser-biletleri-ne-kadar-5.jpg 1208w, https:\/\/www.tgrthaber.com\/mavikadin\/wp-content\/uploads\/sami-yusuf-konseri-nerede-ve-ne-zaman-olacak-sami-yusuf-istanbul-konser-biletleri-ne-kadar-5-300x169.jpg 300w, https:\/\/www.tgrthaber.com\/mavikadin\/wp-content\/uploads\/sami-yusuf-konseri-nerede-ve-ne-zaman-olacak-sami-yusuf-istanbul-konser-biletleri-ne-kadar-5-1024x576.jpg 1024w, https:\/\/www.tgrthaber.com\/mavikadin\/wp-content\/uploads\/sami-yusuf-konseri-nerede-ve-ne-zaman-olacak-sami-yusuf-istanbul-konser-biletleri-ne-kadar-5-768x432.jpg 768w\" sizes=\"(max-width: 1208px) 100vw, 1208px\" \/><\/p>\n<hr \/>\n<p>2.Kategori 7,000.00 TL<\/p>\n<p>Trib\u00fcn 1.Kategori 6,750.00 TL<\/p>\n<p>Trib\u00fcn 2.Kategori 6,500.00 TL<\/p>\n<p>Ayakta 1,500.00 TL<\/p>\n<p>Biletleri Bubilet, iTicket ve Biletix gibi web siteleri \u00fczerinden temin edebilirsiniz.<\/p>\n","protected":false},"excerpt":{"rendered":"<p>Sami Yusuf, uzun s\u00fcrenin ard\u0131ndan \u0130stanbul\u2019da m\u00fczikseverler ile bulu\u015fmaya haz\u0131rlan\u0131yor. D\u00fcnyaca \u00fcnl\u00fc \u0130ranl\u0131 sanat\u00e7\u0131 Yusuf, bu konserde merakla beklenen yeni alb\u00fcm\u00fc Ecstasy\u2019den de ilk kez canl\u0131 yay\u0131nda \u015fark\u0131lar\u0131n\u0131 seslendirecek. Sami Yusuf konseri nerede ve ne zaman olacak? Sami Yusuf \u0130stanbul konser biletleri ne kadar?<\/p>\n","protected":false},"author":30,"featured_media":208648,"comment_status":"closed","ping_status":"closed","sticky":false,"template":"","format":"standard","meta":{"rank_math_lock_modified_date":false,"footnotes":""},"categories":[76],"tags":[2218,29075,29077,29076],"class_list":["post-208647","post","type-post","status-publish","format-standard","has-post-thumbnail","hentry","category-magazin","tag-magazin-haberleri","tag-sami-yusuf-konseri","tag-sami-yusuf-konseri-nerede","tag-sami-yusuf-yenikapi-konseri"],"_links":{"self":[{"href":"https:\/\/www.tgrthaber.com\/mavikadin\/wp-json\/wp\/v2\/posts\/208647"}],"collection":[{"href":"https:\/\/www.tgrthaber.com\/mavikadin\/wp-json\/wp\/v2\/posts"}],"about":[{"href":"https:\/\/www.tgrthaber.com\/mavikadin\/wp-json\/wp\/v2\/types\/post"}],"author":[{"embeddable":true,"href":"https:\/\/www.tgrthaber.com\/mavikadin\/wp-json\/wp\/v2\/users\/30"}],"replies":[{"embeddable":true,"href":"https:\/\/www.tgrthaber.com\/mavikadin\/wp-json\/wp\/v2\/comments?post=208647"}],"version-history":[{"count":1,"href":"https:\/\/www.tgrthaber.com\/mavikadin\/wp-json\/wp\/v2\/posts\/208647\/revisions"}],"predecessor-version":[{"id":208655,"href":"https:\/\/www.tgrthaber.com\/mavikadin\/wp-json\/wp\/v2\/posts\/208647\/revisions\/208655"}],"wp:featuredmedia":[{"embeddable":true,"href":"https:\/\/www.tgrthaber.com\/mavikadin\/wp-json\/wp\/v2\/media\/208648"}],"wp:attachment":[{"href":"https:\/\/www.tgrthaber.com\/mavikadin\/wp-json\/wp\/v2\/media?parent=208647"}],"wp:term":[{"taxonomy":"category","embeddable":true,"href":"https:\/\/www.tgrthaber.com\/mavikadin\/wp-json\/wp\/v2\/categories?post=208647"},{"taxonomy":"post_tag","embeddable":true,"href":"https:\/\/www.tgrthaber.com\/mavikadin\/wp-json\/wp\/v2\/tags?post=208647"}],"curies":[{"name":"wp","href":"https:\/\/api.w.org\/{rel}","templated":true}]}}