{"id":208716,"date":"2025-07-22T13:24:07","date_gmt":"2025-07-22T10:24:07","guid":{"rendered":"https:\/\/www.tgrthaber.com\/mavikadin\/?p=208716"},"modified":"2025-07-22T13:24:07","modified_gmt":"2025-07-22T10:24:07","slug":"malcolm-jamal-warner-kimdir-malcolm-jamal-warner-kac-yasinda-nereli","status":"publish","type":"post","link":"https:\/\/www.tgrthaber.com\/mavikadin\/malcolm-jamal-warner-kimdir-malcolm-jamal-warner-kac-yasinda-nereli\/","title":{"rendered":"Malcolm-Jamal Warner kimdir? Malcolm-Jamal Warner ka\u00e7 ya\u015f\u0131nda nereli?"},"content":{"rendered":"<p>Cosby Ailesi dizisinde oynad\u0131\u011f\u0131 Theodore Huxtable karakteri ile geni\u015f kitlelerce tan\u0131nan Malcolm-Jamal Warner, merak edildi. Arama motorlar\u0131nda Malcolm-Jamal Warner, hakk\u0131nda ara\u015ft\u0131r\u0131lmalar yap\u0131ld\u0131. Peki, Malcolm-Jamal Warner kimdir? Malcolm-Jamal Warner ka\u00e7 ya\u015f\u0131nda nereli? sorular\u0131n\u0131 sizin i\u00e7in ara\u015ft\u0131rd\u0131k. \u0130\u015fte detaylar\u2026<\/p>\n<h3>MALCOLM-JAMAL WARNER K\u0130MD\u0130R?<\/h3>\n<p>Malcolm-Jamal Warner, 18 A\u011fustos 1970 y\u0131l\u0131nda New Jersey\u2019de d\u00fcnyaya geldi. Amerikal\u0131 akt\u00f6r, m\u00fczisyen ve \u015fair kimli\u011fi ile tan\u0131n\u0131r. K\u00fc\u00e7\u00fck ya\u015flarda \u015fov d\u00fcnyas\u0131na ilgi duymaya ba\u015flamas\u0131 ile e\u011fitimlerini o y\u00f6nde almaya y\u00f6nelir. \u00c7ocuk oyuncu olarak ba\u015flayan kariyeri, New York&#8217;taki The Professional Children&#8217;s School&#8217;dan liseden mezun olmas\u0131na yol a\u00e7m\u0131\u015ft\u0131r.<\/p>\n<p><img loading=\"lazy\" decoding=\"async\" class=\"alignnone size-full wp-image-208724\" src=\"https:\/\/www.tgrthaber.com\/mavikadin\/wp-content\/uploads\/ARZU-96-3.jpg\" alt=\"Malcolm-Jamal Warner kimdir? Malcolm-Jamal Warner ka\u00e7 ya\u015f\u0131nda nereli? \" width=\"1208\" height=\"680\" title=\"\" srcset=\"https:\/\/www.tgrthaber.com\/mavikadin\/wp-content\/uploads\/ARZU-96-3.jpg 1208w, https:\/\/www.tgrthaber.com\/mavikadin\/wp-content\/uploads\/ARZU-96-3-300x169.jpg 300w, https:\/\/www.tgrthaber.com\/mavikadin\/wp-content\/uploads\/ARZU-96-3-1024x576.jpg 1024w, https:\/\/www.tgrthaber.com\/mavikadin\/wp-content\/uploads\/ARZU-96-3-768x432.jpg 768w\" sizes=\"(max-width: 1208px) 100vw, 1208px\" \/><\/p>\n<hr \/>\n<p>Bir\u00e7ok televizyon program\u0131 ve filmlerde yer alan Malcolm-Jamal Warner, en dikkat \u00e7eken rol\u00fc ile NBC\u2019nin komedi dizisi The Cosby Show ile geni\u015f kitlelerce tan\u0131nd\u0131. Bill Cosby taraf\u0131ndan oynan Heathcliff Huxtable&#8217;\u0131n tek o\u011flu Theo Huxtable rol\u00fcyle ekranlara geldi. 1986 y\u0131l\u0131nda Primetime Emmy \u00d6d\u00fclleri\u2019nde komedi dizilerinin i\u00e7inden \u2018En \u0130yi Yard\u0131mc\u0131 Erkek Oyuncu\u2019 \u00f6d\u00fcl\u00fcne aday g\u00f6sterildi.<\/p>\n<p><img loading=\"lazy\" decoding=\"async\" class=\"alignnone size-full wp-image-208727\" src=\"https:\/\/www.tgrthaber.com\/mavikadin\/wp-content\/uploads\/ARZU-93-3.jpg\" alt=\"Malcolm-Jamal Warner kimdir? Malcolm-Jamal Warner ka\u00e7 ya\u015f\u0131nda nereli? \" width=\"1208\" height=\"680\" title=\"\" srcset=\"https:\/\/www.tgrthaber.com\/mavikadin\/wp-content\/uploads\/ARZU-93-3.jpg 1208w, https:\/\/www.tgrthaber.com\/mavikadin\/wp-content\/uploads\/ARZU-93-3-300x169.jpg 300w, https:\/\/www.tgrthaber.com\/mavikadin\/wp-content\/uploads\/ARZU-93-3-1024x576.jpg 1024w, https:\/\/www.tgrthaber.com\/mavikadin\/wp-content\/uploads\/ARZU-93-3-768x432.jpg 768w\" sizes=\"(max-width: 1208px) 100vw, 1208px\" \/><\/p>\n<p>&nbsp;<\/p>\n<p>1993 y\u0131l\u0131 ile 1994 y\u0131llar\u0131 aras\u0131nda okuryazal\u0131\u011f\u0131 te\u015fvik etmek i\u00e7in program sunuculu\u011fu da yapm\u0131\u015ft\u0131r. Genellikle komedi dizilerinin arana y\u00fcz\u00fc olan Malcolm-Jamal Warner, son olarak durum komedisi olan Malcolm ve Eddie\u2019de ba\u015frol oyuncusu olarak g\u00f6rev ald\u0131.<\/p>\n<h3><img loading=\"lazy\" decoding=\"async\" class=\"alignnone size-full wp-image-208725\" src=\"https:\/\/www.tgrthaber.com\/mavikadin\/wp-content\/uploads\/ARZU-95-3.jpg\" alt=\"Malcolm-Jamal Warner kimdir? Malcolm-Jamal Warner ka\u00e7 ya\u015f\u0131nda nereli? \" width=\"1208\" height=\"680\" title=\"\" srcset=\"https:\/\/www.tgrthaber.com\/mavikadin\/wp-content\/uploads\/ARZU-95-3.jpg 1208w, https:\/\/www.tgrthaber.com\/mavikadin\/wp-content\/uploads\/ARZU-95-3-300x169.jpg 300w, https:\/\/www.tgrthaber.com\/mavikadin\/wp-content\/uploads\/ARZU-95-3-1024x576.jpg 1024w, https:\/\/www.tgrthaber.com\/mavikadin\/wp-content\/uploads\/ARZU-95-3-768x432.jpg 768w\" sizes=\"(max-width: 1208px) 100vw, 1208px\" \/><\/h3>\n<hr \/>\n<h3>MALCOLM-JAMAL WARNER KA\u00c7 YA\u015eINDA?<\/h3>\n<p>Malcolm-Jamal Warner, \u015fimdilerde 54 ya\u015f\u0131ndad\u0131r. Oyunculu\u011fu yan\u0131 s\u0131ra y\u00f6netmenlik ve \u015fairlik de yapan Malcolm-Jamal Warner, \u00e7e\u015fitli \u015fark\u0131c\u0131lar\u0131n klip y\u00f6netmenli\u011fini \u00fcstlenmi\u015ftir. Ayr\u0131ca \u00e7e\u015fitli sitcomlar da rol alan Malcolm-Jamal Warner, \u00e7o\u011fu kez sitcomlar\u0131n sahnelerini de y\u00f6netmesi ile bilinir.<\/p>\n<p><img loading=\"lazy\" decoding=\"async\" class=\"alignnone size-full wp-image-208728\" src=\"https:\/\/www.tgrthaber.com\/mavikadin\/wp-content\/uploads\/ARZU-92-3.jpg\" alt=\"Malcolm-Jamal Warner kimdir? Malcolm-Jamal Warner ka\u00e7 ya\u015f\u0131nda nereli? \" width=\"1208\" height=\"680\" title=\"\" srcset=\"https:\/\/www.tgrthaber.com\/mavikadin\/wp-content\/uploads\/ARZU-92-3.jpg 1208w, https:\/\/www.tgrthaber.com\/mavikadin\/wp-content\/uploads\/ARZU-92-3-300x169.jpg 300w, https:\/\/www.tgrthaber.com\/mavikadin\/wp-content\/uploads\/ARZU-92-3-1024x576.jpg 1024w, https:\/\/www.tgrthaber.com\/mavikadin\/wp-content\/uploads\/ARZU-92-3-768x432.jpg 768w\" sizes=\"(max-width: 1208px) 100vw, 1208px\" \/><\/p>\n<hr \/>\n<p>Kendisinin \u015fark\u0131 s\u00f6yleyebildi\u011fini de unutmayal\u0131m. Oyunculu\u011fun yan\u0131 s\u0131ra m\u00fczik alan\u0131nda da faaliyet g\u00f6steren Malcolm-Jamal Warner, uzun y\u0131llar \u015fark\u0131 yapm\u0131\u015f ve coverlam\u0131\u015ft\u0131r.<\/p>\n<h3><img loading=\"lazy\" decoding=\"async\" class=\"alignnone size-full wp-image-208729\" src=\"https:\/\/www.tgrthaber.com\/mavikadin\/wp-content\/uploads\/ARZU-97-3.jpg\" alt=\"Malcolm-Jamal Warner kimdir? Malcolm-Jamal Warner ka\u00e7 ya\u015f\u0131nda nereli? \" width=\"1208\" height=\"680\" title=\"\" srcset=\"https:\/\/www.tgrthaber.com\/mavikadin\/wp-content\/uploads\/ARZU-97-3.jpg 1208w, https:\/\/www.tgrthaber.com\/mavikadin\/wp-content\/uploads\/ARZU-97-3-300x169.jpg 300w, https:\/\/www.tgrthaber.com\/mavikadin\/wp-content\/uploads\/ARZU-97-3-1024x576.jpg 1024w, https:\/\/www.tgrthaber.com\/mavikadin\/wp-content\/uploads\/ARZU-97-3-768x432.jpg 768w\" sizes=\"(max-width: 1208px) 100vw, 1208px\" \/><\/h3>\n<hr \/>\n<h3>MALCOLM-JAMAL WARNER NEREL\u0130?<\/h3>\n<p>Aslen Amerikal\u0131 olan Malcolm-Jamal Warner, New Jersey\u2019de d\u00fcnyaya geldi. Amerikal\u0131 akt\u00f6r olarak da bilinen Malcolm-Jamal Warner, 2015 y\u0131l\u0131nda Robert Glasper Experiment ve Lalah Hathaway ile birlikte s\u00f6yledi\u011fi &#8220;Jesus Children&#8221; \u015fark\u0131s\u0131yla En \u0130yi Geleneksel R&amp;B Performans\u0131 dal\u0131nda Grammy \u00d6d\u00fcl\u00fc&#8217;n\u00fc kazanmas\u0131 ile bilinir.<\/p>\n","protected":false},"excerpt":{"rendered":"<p>\u00dcnl\u00fc oyuncu Malcolm-Jamal Warner, Cosby Ailesi dizisinde oynad\u0131\u011f\u0131 Theodore Huxtable karakteri ile geni\u015f kitlelerce tan\u0131nm\u0131\u015f bir isim olarak kar\u015f\u0131m\u0131za \u00e7\u0131k\u0131yor. Peki, Malcolm-Jamal Warner kimdir? Ka\u00e7 ya\u015f\u0131nda nereli? \u0130\u015fte detaylar\u2026<\/p>\n","protected":false},"author":34,"featured_media":208726,"comment_status":"closed","ping_status":"closed","sticky":false,"template":"","format":"standard","meta":{"rank_math_lock_modified_date":false,"footnotes":""},"categories":[491],"tags":[16521,29090,29091,29092],"class_list":["post-208716","post","type-post","status-publish","format-standard","has-post-thumbnail","hentry","category-biyografi","tag-biyografi-haberleri","tag-malcolm-jamal-warner","tag-malcolm-jamal-warner-kimdir","tag-the-cosby"],"_links":{"self":[{"href":"https:\/\/www.tgrthaber.com\/mavikadin\/wp-json\/wp\/v2\/posts\/208716"}],"collection":[{"href":"https:\/\/www.tgrthaber.com\/mavikadin\/wp-json\/wp\/v2\/posts"}],"about":[{"href":"https:\/\/www.tgrthaber.com\/mavikadin\/wp-json\/wp\/v2\/types\/post"}],"author":[{"embeddable":true,"href":"https:\/\/www.tgrthaber.com\/mavikadin\/wp-json\/wp\/v2\/users\/34"}],"replies":[{"embeddable":true,"href":"https:\/\/www.tgrthaber.com\/mavikadin\/wp-json\/wp\/v2\/comments?post=208716"}],"version-history":[{"count":2,"href":"https:\/\/www.tgrthaber.com\/mavikadin\/wp-json\/wp\/v2\/posts\/208716\/revisions"}],"predecessor-version":[{"id":208731,"href":"https:\/\/www.tgrthaber.com\/mavikadin\/wp-json\/wp\/v2\/posts\/208716\/revisions\/208731"}],"wp:featuredmedia":[{"embeddable":true,"href":"https:\/\/www.tgrthaber.com\/mavikadin\/wp-json\/wp\/v2\/media\/208726"}],"wp:attachment":[{"href":"https:\/\/www.tgrthaber.com\/mavikadin\/wp-json\/wp\/v2\/media?parent=208716"}],"wp:term":[{"taxonomy":"category","embeddable":true,"href":"https:\/\/www.tgrthaber.com\/mavikadin\/wp-json\/wp\/v2\/categories?post=208716"},{"taxonomy":"post_tag","embeddable":true,"href":"https:\/\/www.tgrthaber.com\/mavikadin\/wp-json\/wp\/v2\/tags?post=208716"}],"curies":[{"name":"wp","href":"https:\/\/api.w.org\/{rel}","templated":true}]}}