{"id":208754,"date":"2025-07-22T13:59:19","date_gmt":"2025-07-22T10:59:19","guid":{"rendered":"https:\/\/www.tgrthaber.com\/mavikadin\/?p=208754"},"modified":"2025-07-22T14:01:29","modified_gmt":"2025-07-22T11:01:29","slug":"harry-potter-dizisinden-yeni-sahneler-2000lere-benzetildi","status":"publish","type":"post","link":"https:\/\/www.tgrthaber.com\/mavikadin\/harry-potter-dizisinden-yeni-sahneler-2000lere-benzetildi\/","title":{"rendered":"Harry Potter dizisinden yeni sahneler! 2000\u2019lere benzetildi"},"content":{"rendered":"<p>J.K. Rowling&#8217;in romanlar\u0131n\u0131n asl\u0131na sad\u0131k bir uyarlamas\u0131 olarak ekranlara gelecek Harry Potter dizisinin yeni sahneleri g\u00fcndem oldu. 2000\u2019li y\u0131llara benzetilen dizi 2027 y\u0131l\u0131nda yay\u0131nlanacak.<\/p>\n<h3>HARRY POTTER D\u0130Z\u0130S\u0130NDEN YEN\u0130 SAHNELER!<\/h3>\n<p>Harry Potter efsanesi y\u0131llar sonra dizi olarak geri d\u00f6n\u00fcyor. HBO orijinal dizisi resmen yap\u0131m a\u015famas\u0131na ge\u00e7iyor. J.K. Rowling&#8217;in romanlar\u0131n\u0131n sad\u0131k bir uyarlamas\u0131 olarak hayata ge\u00e7irilen dizi d\u00fcnya \u00e7ap\u0131nda yay\u0131nlanmak \u00fczere \u0130ngiltere&#8217;nin Leavesden kentindeki Warner Bros. st\u00fcdyolar\u0131nda \u00e7ekilecek.<\/p>\n<div style=\"width: 640px;\" class=\"wp-video\"><!--[if lt IE 9]><script>document.createElement('video');<\/script><![endif]-->\n<video class=\"wp-video-shortcode\" id=\"video-208754-1\" width=\"640\" height=\"1138\" preload=\"metadata\" controls=\"controls\"><source type=\"video\/mp4\" src=\"https:\/\/www.tgrthaber.com\/mavikadin\/wp-content\/uploads\/harry-potter-1.mp4?_=1\" \/><a href=\"https:\/\/www.tgrthaber.com\/mavikadin\/wp-content\/uploads\/harry-potter-1.mp4\">https:\/\/www.tgrthaber.com\/mavikadin\/wp-content\/uploads\/harry-potter-1.mp4<\/a><\/video><\/div>\n<hr \/>\n<p>Harry Potter dizisinde Francesca Gardiner(His Dark Materials) showrunner, y\u00f6netmen Mark Mylod(Succession) ise y\u00fcr\u00fct\u00fcc\u00fc yap\u0131mc\u0131 olarak g\u00f6rev yap\u0131yor.<\/p>\n<h3><img loading=\"lazy\" decoding=\"async\" class=\"alignnone size-full wp-image-208758\" src=\"https:\/\/www.tgrthaber.com\/mavikadin\/wp-content\/uploads\/harry-potter-2.png\" alt=\"\" width=\"1208\" height=\"680\" title=\"\" srcset=\"https:\/\/www.tgrthaber.com\/mavikadin\/wp-content\/uploads\/harry-potter-2.png 1208w, https:\/\/www.tgrthaber.com\/mavikadin\/wp-content\/uploads\/harry-potter-2-300x169.png 300w, https:\/\/www.tgrthaber.com\/mavikadin\/wp-content\/uploads\/harry-potter-2-1024x576.png 1024w, https:\/\/www.tgrthaber.com\/mavikadin\/wp-content\/uploads\/harry-potter-2-768x432.png 768w\" sizes=\"(max-width: 1208px) 100vw, 1208px\" \/><\/h3>\n<hr \/>\n<h3>HARRY POTTER NEREDE VE NE ZAMAN \u0130ZLENEB\u0130LECEK?<\/h3>\n<p>Harry Potter 2027 y\u0131l\u0131ndan itibaren HBO Max kanal\u0131nda yay\u0131nlanacak.<\/p>\n<p>Lucy Bevan ve Emily Brockmann taraf\u0131ndan y\u00fcr\u00fct\u00fclen kapsaml\u0131 bir oyuncu se\u00e7melerinden sonra HBO, ba\u015frolleri oynayacak \u00fc\u00e7 gen\u00e7 oyuncuyu onaylad\u0131:<\/p>\n<p>Harry Potter rol\u00fcnde Dominic McLaughlin<br \/>\nHermione Granger rol\u00fcnde Arabella Stanton<br \/>\nRon Weasley rol\u00fcnde Alastair Stout oynayacak.<\/p>\n<p><img loading=\"lazy\" decoding=\"async\" class=\"alignnone size-full wp-image-208760\" src=\"https:\/\/www.tgrthaber.com\/mavikadin\/wp-content\/uploads\/harry-potter-5.png\" alt=\"\" width=\"1208\" height=\"680\" title=\"\" srcset=\"https:\/\/www.tgrthaber.com\/mavikadin\/wp-content\/uploads\/harry-potter-5.png 1208w, https:\/\/www.tgrthaber.com\/mavikadin\/wp-content\/uploads\/harry-potter-5-300x169.png 300w, https:\/\/www.tgrthaber.com\/mavikadin\/wp-content\/uploads\/harry-potter-5-1024x576.png 1024w, https:\/\/www.tgrthaber.com\/mavikadin\/wp-content\/uploads\/harry-potter-5-768x432.png 768w\" sizes=\"(max-width: 1208px) 100vw, 1208px\" \/><\/p>\n<hr \/>\n<p>Dominic McLaughlin (Harry Potter), Arabella Stanton (Hermione Granger) ve Alastair Stout (Ron Weasley) \u00fc\u00e7l\u00fcs\u00fc, projeye 9-11 ya\u015f aral\u0131\u011f\u0131nda 30 binden fazla \u00e7ocu\u011fun ba\u015fvurdu\u011fu geni\u015f bir se\u00e7me s\u00fcreciyle dahil oldular.<\/p>\n<p>Adaylardan hikaye ya da \u015fiir okuduklar\u0131 videolar\u0131n\u0131n yan\u0131 s\u0131ra kendilerini tan\u0131tt\u0131klar\u0131 video ile yeteneklerini anlatmalar\u0131 istenmi\u015fti.<\/p>\n<p><img loading=\"lazy\" decoding=\"async\" class=\"alignnone size-full wp-image-208764\" src=\"https:\/\/www.tgrthaber.com\/mavikadin\/wp-content\/uploads\/harry-potter-1.png\" alt=\"\" width=\"1208\" height=\"680\" title=\"\" srcset=\"https:\/\/www.tgrthaber.com\/mavikadin\/wp-content\/uploads\/harry-potter-1.png 1208w, https:\/\/www.tgrthaber.com\/mavikadin\/wp-content\/uploads\/harry-potter-1-300x169.png 300w, https:\/\/www.tgrthaber.com\/mavikadin\/wp-content\/uploads\/harry-potter-1-1024x576.png 1024w, https:\/\/www.tgrthaber.com\/mavikadin\/wp-content\/uploads\/harry-potter-1-768x432.png 768w\" sizes=\"(max-width: 1208px) 100vw, 1208px\" \/><\/p>\n<hr \/>\n<p>Oyuncu kadrosunun geri kalan\u0131nda tan\u0131d\u0131k simalar ve yerle\u015fik karakterlerin yeni yorumlar\u0131 bulunuyor:<\/p>\n<p>Albus Dumbledore rol\u00fcnde John Lithgow<br \/>\nMinerva McGonagall rol\u00fcnde Janet McTeer<br \/>\nSeverus Snape rol\u00fcnde Paapa Essiedu<br \/>\nRubeus Hagrid rol\u00fcnde Nick Frost<br \/>\nQuirinus Quirrell rol\u00fcnde Luke Thallon<br \/>\nArgus Filch rol\u00fcnde Paul Whitehouse<\/p>\n<p><img loading=\"lazy\" decoding=\"async\" class=\"alignnone size-full wp-image-208769\" src=\"https:\/\/www.tgrthaber.com\/mavikadin\/wp-content\/uploads\/Harry-Potter-1-1.png\" alt=\"\" width=\"1208\" height=\"680\" title=\"\" srcset=\"https:\/\/www.tgrthaber.com\/mavikadin\/wp-content\/uploads\/Harry-Potter-1-1.png 1208w, https:\/\/www.tgrthaber.com\/mavikadin\/wp-content\/uploads\/Harry-Potter-1-1-300x169.png 300w, https:\/\/www.tgrthaber.com\/mavikadin\/wp-content\/uploads\/Harry-Potter-1-1-1024x576.png 1024w, https:\/\/www.tgrthaber.com\/mavikadin\/wp-content\/uploads\/Harry-Potter-1-1-768x432.png 768w\" sizes=\"(max-width: 1208px) 100vw, 1208px\" \/><\/p>\n<hr \/>\n<p>Yap\u0131m, Weasley, Malfoy ve Dursley aileleri ile Hogwarts \u00f6\u011frencilerini zenginle\u015ftiren birka\u00e7 ek rol\u00fc onaylad\u0131:<\/p>\n<p>Molly Weasley rol\u00fcnde Katherine Parkinson<br \/>\nDraco Malfoy rol\u00fcnde Lox Pratt<br \/>\nLucius Malfoy rol\u00fcnde Johnny Flynn<br \/>\nSeamus Finnigan rol\u00fcnde Leo Earley<br \/>\nParvati Patil rol\u00fcnde Alessia Leoni<br \/>\nLavande Brown rol\u00fcnde Sienna Moosah<br \/>\nPetunia Dursley rol\u00fcndeBel Powley<br \/>\nVernon Dursley rol\u00fcnde Daniel Rigby<br \/>\nCornelius Fudge rol\u00fcnde Bertie Carvel<br \/>\nNeville Londubat rol\u00fcnde Rory Wilmot<br \/>\nDudley Dursley rol\u00fcnde Amos Kitson<br \/>\nBayan Rolanda Hooch rol\u00fcnde Louise Brealey<br \/>\nGarrick Ollivander rol\u00fcnde Anton Lesser<\/p>\n<p><img loading=\"lazy\" decoding=\"async\" class=\"alignnone size-full wp-image-208762\" src=\"https:\/\/www.tgrthaber.com\/mavikadin\/wp-content\/uploads\/harry-potter-3.png\" alt=\"\" width=\"1208\" height=\"680\" title=\"\" srcset=\"https:\/\/www.tgrthaber.com\/mavikadin\/wp-content\/uploads\/harry-potter-3.png 1208w, https:\/\/www.tgrthaber.com\/mavikadin\/wp-content\/uploads\/harry-potter-3-300x169.png 300w, https:\/\/www.tgrthaber.com\/mavikadin\/wp-content\/uploads\/harry-potter-3-1024x576.png 1024w, https:\/\/www.tgrthaber.com\/mavikadin\/wp-content\/uploads\/harry-potter-3-768x432.png 768w\" sizes=\"(max-width: 1208px) 100vw, 1208px\" \/><\/p>\n<hr \/>\n<h3>HARRY POTTER\u2019A DENEY\u0130ML\u0130 TEKN\u0130K EK\u0130P<\/h3>\n<p>Dizi, sekt\u00f6rde tan\u0131nm\u0131\u015f bir teknik ekipten yararlanmaktad\u0131r:<\/p>\n<p>Adriano Goldman (g\u00f6r\u00fcnt\u00fc y\u00f6netmeni)<br \/>\nCate Hall (ba\u015f makyaj sanat\u00e7\u0131s\u0131 ve sa\u00e7 stilisti)<br \/>\nPaul Herbert (dubl\u00f6r koordinat\u00f6r\u00fc)<br \/>\nMark Holt (fiziksel \u00f6zel efekt s\u00fcperviz\u00f6r\u00fc)<br \/>\nMara LePere-Schloop (ba\u015f set tasar\u0131mc\u0131s\u0131)<br \/>\nNaomi Moore (set tasar\u0131mc\u0131s\u0131)<br \/>\nJohn Nolan (yarat\u0131k efektleri tasar\u0131m\u0131)<br \/>\nAlexis Wajsbrot (g\u00f6rsel efekt s\u00fcperviz\u00f6r\u00fc)<br \/>\nDom Sidoli (g\u00f6rsel efekt yap\u0131mc\u0131s\u0131)<br \/>\nHolly Waddington (kost\u00fcm tasar\u0131mc\u0131s\u0131)<\/p>\n","protected":false},"excerpt":{"rendered":"<p>Harry Potter dizisinin setinden yeni kareler geldi. 2000\u2019li y\u0131llara benzetilen dizinin 2027\u2019de yay\u0131nlanmas\u0131 planlan\u0131yor.<\/p>\n","protected":false},"author":5,"featured_media":208766,"comment_status":"closed","ping_status":"closed","sticky":false,"template":"","format":"standard","meta":{"rank_math_lock_modified_date":false,"footnotes":""},"categories":[602],"tags":[3602,22960,3592,29096],"class_list":["post-208754","post","type-post","status-publish","format-standard","has-post-thumbnail","hentry","category-diziler","tag-diziler","tag-dominic-mclaughlin","tag-harry-potter","tag-harry-potter-ne-zaman"],"_links":{"self":[{"href":"https:\/\/www.tgrthaber.com\/mavikadin\/wp-json\/wp\/v2\/posts\/208754"}],"collection":[{"href":"https:\/\/www.tgrthaber.com\/mavikadin\/wp-json\/wp\/v2\/posts"}],"about":[{"href":"https:\/\/www.tgrthaber.com\/mavikadin\/wp-json\/wp\/v2\/types\/post"}],"author":[{"embeddable":true,"href":"https:\/\/www.tgrthaber.com\/mavikadin\/wp-json\/wp\/v2\/users\/5"}],"replies":[{"embeddable":true,"href":"https:\/\/www.tgrthaber.com\/mavikadin\/wp-json\/wp\/v2\/comments?post=208754"}],"version-history":[{"count":3,"href":"https:\/\/www.tgrthaber.com\/mavikadin\/wp-json\/wp\/v2\/posts\/208754\/revisions"}],"predecessor-version":[{"id":208770,"href":"https:\/\/www.tgrthaber.com\/mavikadin\/wp-json\/wp\/v2\/posts\/208754\/revisions\/208770"}],"wp:featuredmedia":[{"embeddable":true,"href":"https:\/\/www.tgrthaber.com\/mavikadin\/wp-json\/wp\/v2\/media\/208766"}],"wp:attachment":[{"href":"https:\/\/www.tgrthaber.com\/mavikadin\/wp-json\/wp\/v2\/media?parent=208754"}],"wp:term":[{"taxonomy":"category","embeddable":true,"href":"https:\/\/www.tgrthaber.com\/mavikadin\/wp-json\/wp\/v2\/categories?post=208754"},{"taxonomy":"post_tag","embeddable":true,"href":"https:\/\/www.tgrthaber.com\/mavikadin\/wp-json\/wp\/v2\/tags?post=208754"}],"curies":[{"name":"wp","href":"https:\/\/api.w.org\/{rel}","templated":true}]}}