{"id":208776,"date":"2025-07-22T14:44:21","date_gmt":"2025-07-22T11:44:21","guid":{"rendered":"https:\/\/www.tgrthaber.com\/mavikadin\/?p=208776"},"modified":"2025-07-22T14:44:20","modified_gmt":"2025-07-22T11:44:20","slug":"ilber-ortayli-kac-yasinda-ilber-ortayli-evli-mi","status":"publish","type":"post","link":"https:\/\/www.tgrthaber.com\/mavikadin\/ilber-ortayli-kac-yasinda-ilber-ortayli-evli-mi\/","title":{"rendered":"\u0130lber Ortayl\u0131 ka\u00e7 ya\u015f\u0131nda? \u0130lber Ortayl\u0131 evli mi?"},"content":{"rendered":"<p>T\u00fcrkiye\u2019nin en tan\u0131nan tarih\u00e7ilerinden biri olan Prof. Dr. \u0130lber Ortayl\u0131, hem akademik kimli\u011fiyle hem de kendine has \u00fcslubuyla y\u0131llard\u0131r medyan\u0131n dikkatini \u00e7ekiyor. Son g\u00fcnlerde Bal\u0131kesir\u2019de ya\u015fad\u0131\u011f\u0131 k\u00fc\u00e7\u00fck \u00e7apl\u0131 bir trafik kazas\u0131yla yeniden g\u00fcndeme gelen Ortayl\u0131 hakk\u0131nda bir\u00e7ok ki\u015fi, \u00f6zel hayat\u0131na dair detaylar\u0131 merak etmeye ba\u015flad\u0131. \u0130\u015fte Prof. Dr. \u0130lber Ortayl\u0131\u2019n\u0131n ya\u015f\u0131, medeni durumu ve son sa\u011fl\u0131k durumu\u2026<\/p>\n<h3>\u0130LBER ORTAYLI KA\u00c7 YA\u015eINDA?<\/h3>\n<p>21 May\u0131s 1947 do\u011fumlu olan \u0130lber Ortayl\u0131, 2025 y\u0131l\u0131 itibar\u0131yla 78 ya\u015f\u0131nda. Avusturya\u2019n\u0131n Bregenz kentinde do\u011fan Ortayl\u0131, hen\u00fcz \u00e7ocuk ya\u015fta ailesiyle birlikte T\u00fcrkiye\u2019ye d\u00f6nerek burada e\u011fitim hayat\u0131na ba\u015flad\u0131.<\/p>\n<p><img loading=\"lazy\" decoding=\"async\" class=\"alignnone size-full wp-image-208797\" src=\"https:\/\/www.tgrthaber.com\/mavikadin\/wp-content\/uploads\/3-1566.png\" alt=\"\" width=\"1208\" height=\"680\" title=\"\" srcset=\"https:\/\/www.tgrthaber.com\/mavikadin\/wp-content\/uploads\/3-1566.png 1208w, https:\/\/www.tgrthaber.com\/mavikadin\/wp-content\/uploads\/3-1566-300x169.png 300w, https:\/\/www.tgrthaber.com\/mavikadin\/wp-content\/uploads\/3-1566-1024x576.png 1024w, https:\/\/www.tgrthaber.com\/mavikadin\/wp-content\/uploads\/3-1566-768x432.png 768w\" sizes=\"(max-width: 1208px) 100vw, 1208px\" \/><\/p>\n<hr \/>\n<p>Ankara Atat\u00fcrk Lisesi mezunu olan Ortayl\u0131, Ankara \u00dcniversitesi Siyasal Bilgiler Fak\u00fcltesi ile Dil ve Tarih-Co\u011frafya Fak\u00fcltesi\u2019nde e\u011fitim ald\u0131. Akademik hayat\u0131 boyunca hem yurt i\u00e7inde hem de yurt d\u0131\u015f\u0131nda \u00e7ok say\u0131da \u00fcniversitede ders verdi.<\/p>\n<p><img loading=\"lazy\" decoding=\"async\" class=\"alignnone size-full wp-image-208796\" src=\"https:\/\/www.tgrthaber.com\/mavikadin\/wp-content\/uploads\/2-1596.png\" alt=\"\" width=\"1208\" height=\"680\" title=\"\" srcset=\"https:\/\/www.tgrthaber.com\/mavikadin\/wp-content\/uploads\/2-1596.png 1208w, https:\/\/www.tgrthaber.com\/mavikadin\/wp-content\/uploads\/2-1596-300x169.png 300w, https:\/\/www.tgrthaber.com\/mavikadin\/wp-content\/uploads\/2-1596-1024x576.png 1024w, https:\/\/www.tgrthaber.com\/mavikadin\/wp-content\/uploads\/2-1596-768x432.png 768w\" sizes=\"(max-width: 1208px) 100vw, 1208px\" \/><\/p>\n<hr \/>\n<h3>\u0130LBER ORTAYLI EVL\u0130 M\u0130?<\/h3>\n<p>\u0130lber Ortayl\u0131, 1981 y\u0131l\u0131nda Ay\u015fe \u00d6zdolay ile evlendi. Bu evlilikten bir k\u0131z \u00e7ocuklar\u0131 d\u00fcnyaya geldi. Ancak \u00e7ift, 1999 y\u0131l\u0131nda yollar\u0131n\u0131 ay\u0131rd\u0131. O tarihten bu yana Ortayl\u0131 herhangi bir evlilik yapmad\u0131. Medeni durumu \u015fu anda bekar.<\/p>\n<p><img loading=\"lazy\" decoding=\"async\" class=\"alignnone size-full wp-image-208799\" src=\"https:\/\/www.tgrthaber.com\/mavikadin\/wp-content\/uploads\/5-850.png\" alt=\"\" width=\"1208\" height=\"680\" title=\"\" srcset=\"https:\/\/www.tgrthaber.com\/mavikadin\/wp-content\/uploads\/5-850.png 1208w, https:\/\/www.tgrthaber.com\/mavikadin\/wp-content\/uploads\/5-850-300x169.png 300w, https:\/\/www.tgrthaber.com\/mavikadin\/wp-content\/uploads\/5-850-1024x576.png 1024w, https:\/\/www.tgrthaber.com\/mavikadin\/wp-content\/uploads\/5-850-768x432.png 768w\" sizes=\"(max-width: 1208px) 100vw, 1208px\" \/><\/p>\n<hr \/>\n<p>Ailesiyle ilgili konularda her zaman \u00f6zel bir tutum sergileyen Ortayl\u0131, medyaya yans\u0131yan bilgilerin d\u0131\u015f\u0131nda \u00f6zel hayat\u0131n\u0131 payla\u015fmamay\u0131 tercih ediyor.<\/p>\n<p><img loading=\"lazy\" decoding=\"async\" class=\"alignnone size-full wp-image-208792\" src=\"https:\/\/www.tgrthaber.com\/mavikadin\/wp-content\/uploads\/Ilber-Ortayli-2.png\" alt=\"\" width=\"1208\" height=\"680\" title=\"\" srcset=\"https:\/\/www.tgrthaber.com\/mavikadin\/wp-content\/uploads\/Ilber-Ortayli-2.png 1208w, https:\/\/www.tgrthaber.com\/mavikadin\/wp-content\/uploads\/Ilber-Ortayli-2-300x169.png 300w, https:\/\/www.tgrthaber.com\/mavikadin\/wp-content\/uploads\/Ilber-Ortayli-2-1024x576.png 1024w, https:\/\/www.tgrthaber.com\/mavikadin\/wp-content\/uploads\/Ilber-Ortayli-2-768x432.png 768w\" sizes=\"(max-width: 1208px) 100vw, 1208px\" \/><\/p>\n<hr \/>\n<h3>\u0130LBER ORTAYLI\u2019YA NE OLDU?<\/h3>\n<p>21 Temmuz 2025 g\u00fcn\u00fc Bal\u0131kesir\u2019in Burhaniye il\u00e7esinde k\u00fc\u00e7\u00fck \u00e7apl\u0131 bir trafik kazas\u0131 ya\u015fand\u0131. Prof. Dr. \u0130lber Ortayl\u0131\u2019n\u0131n i\u00e7inde bulundu\u011fu ara\u00e7, ba\u015fka bir otomobille \u00e7arp\u0131\u015ft\u0131. Neyse ki kaza ciddi bir boyutta de\u011fildi; yaln\u0131zca maddi hasar meydana geldi. Ortayl\u0131\u2019n\u0131n herhangi bir sa\u011fl\u0131k sorunu ya\u015famad\u0131\u011f\u0131 a\u00e7\u0131kland\u0131.<\/p>\n<p><img loading=\"lazy\" decoding=\"async\" class=\"alignnone size-full wp-image-208800\" src=\"https:\/\/www.tgrthaber.com\/mavikadin\/wp-content\/uploads\/6-372.png\" alt=\"\" width=\"1208\" height=\"680\" title=\"\" srcset=\"https:\/\/www.tgrthaber.com\/mavikadin\/wp-content\/uploads\/6-372.png 1208w, https:\/\/www.tgrthaber.com\/mavikadin\/wp-content\/uploads\/6-372-300x169.png 300w, https:\/\/www.tgrthaber.com\/mavikadin\/wp-content\/uploads\/6-372-1024x576.png 1024w, https:\/\/www.tgrthaber.com\/mavikadin\/wp-content\/uploads\/6-372-768x432.png 768w\" sizes=\"(max-width: 1208px) 100vw, 1208px\" \/><\/p>\n<hr \/>\n<h3>\u0130LBER ORTAYLI K\u0130MD\u0130R?<\/h3>\n<p>Prof. Dr. \u0130lber Ortayl\u0131, Osmanl\u0131 ve Cumhuriyet d\u00f6nemi \u00fczerine yapt\u0131\u011f\u0131 akademik \u00e7al\u0131\u015fmalarla biliniyor. Uzun y\u0131llar Galatasaray \u00dcniversitesi, Bilkent \u00dcniversitesi ve \u00e7e\u015fitli yurtd\u0131\u015f\u0131 \u00fcniversitelerinde dersler verdi. Ayn\u0131 zamanda kamuoyunun da yak\u0131ndan tan\u0131d\u0131\u011f\u0131 bir isim olan Ortayl\u0131, kitaplar\u0131, televizyon programlar\u0131 ve s\u00f6yle\u015fileriyle T\u00fcrkiye\u2019de tarih anlat\u0131m\u0131n\u0131n en g\u00fc\u00e7l\u00fc isimlerinden biri haline geldi.<\/p>\n","protected":false},"excerpt":{"rendered":"<p>T\u00fcrkiye\u2019nin \u00f6nde gelen tarih\u00e7ilerinden \u0130lber Ortayl\u0131, hem akademik kimli\u011fi hem de kendine has \u00fcslubuyla y\u0131llard\u0131r medyan\u0131n yak\u0131ndan takip etti\u011fi isimlerden biri. <\/p>\n","protected":false},"author":28,"featured_media":208798,"comment_status":"closed","ping_status":"closed","sticky":false,"template":"","format":"standard","meta":{"rank_math_lock_modified_date":true,"footnotes":""},"categories":[491],"tags":[3374,3126,29102,29101,29103,2477],"class_list":["post-208776","post","type-post","status-publish","format-standard","has-post-thumbnail","hentry","category-biyografi","tag-biyografi","tag-ilber-ortayli","tag-ilber-ortayli-evli-mi","tag-ilber-ortayli-kac-yasinda","tag-ilber-ortayli-kaza","tag-tarot-acilimi"],"_links":{"self":[{"href":"https:\/\/www.tgrthaber.com\/mavikadin\/wp-json\/wp\/v2\/posts\/208776"}],"collection":[{"href":"https:\/\/www.tgrthaber.com\/mavikadin\/wp-json\/wp\/v2\/posts"}],"about":[{"href":"https:\/\/www.tgrthaber.com\/mavikadin\/wp-json\/wp\/v2\/types\/post"}],"author":[{"embeddable":true,"href":"https:\/\/www.tgrthaber.com\/mavikadin\/wp-json\/wp\/v2\/users\/28"}],"replies":[{"embeddable":true,"href":"https:\/\/www.tgrthaber.com\/mavikadin\/wp-json\/wp\/v2\/comments?post=208776"}],"version-history":[{"count":2,"href":"https:\/\/www.tgrthaber.com\/mavikadin\/wp-json\/wp\/v2\/posts\/208776\/revisions"}],"predecessor-version":[{"id":208802,"href":"https:\/\/www.tgrthaber.com\/mavikadin\/wp-json\/wp\/v2\/posts\/208776\/revisions\/208802"}],"wp:featuredmedia":[{"embeddable":true,"href":"https:\/\/www.tgrthaber.com\/mavikadin\/wp-json\/wp\/v2\/media\/208798"}],"wp:attachment":[{"href":"https:\/\/www.tgrthaber.com\/mavikadin\/wp-json\/wp\/v2\/media?parent=208776"}],"wp:term":[{"taxonomy":"category","embeddable":true,"href":"https:\/\/www.tgrthaber.com\/mavikadin\/wp-json\/wp\/v2\/categories?post=208776"},{"taxonomy":"post_tag","embeddable":true,"href":"https:\/\/www.tgrthaber.com\/mavikadin\/wp-json\/wp\/v2\/tags?post=208776"}],"curies":[{"name":"wp","href":"https:\/\/api.w.org\/{rel}","templated":true}]}}