{"id":208821,"date":"2025-07-22T15:45:45","date_gmt":"2025-07-22T12:45:45","guid":{"rendered":"https:\/\/www.tgrthaber.com\/mavikadin\/?p=208821"},"modified":"2025-07-22T15:45:45","modified_gmt":"2025-07-22T12:45:45","slug":"dis-etlerinde-cikan-aftlara-dikkat-kanser-habercisi-olabilir","status":"publish","type":"post","link":"https:\/\/www.tgrthaber.com\/mavikadin\/dis-etlerinde-cikan-aftlara-dikkat-kanser-habercisi-olabilir\/","title":{"rendered":"Di\u015f etlerinde \u00e7\u0131kan aftlara dikkat! Kanser habercisi olabilir"},"content":{"rendered":"<p>Di\u015f etlerinizde \u00e7\u0131kan aftlar, boyutlar\u0131 ile de\u011fi\u015fkenlik g\u00f6sterebilir. Mantar enfeksiyonun neden oldu\u011fu bu k\u00fc\u00e7\u00fck, a\u00e7\u0131k renkli, bula\u015f\u0131c\u0131 olmayan ve yayg\u0131n g\u00f6r\u00fcnen yara t\u00fcr\u00fc kanserin habercisi olabilir. Bizlerde bu haberimiz de Di\u015f etlerinde \u00e7\u0131kan aftlar\u0131n nedenlerini, belirtilerini sizler i\u00e7in arat\u0131rd\u0131k. \u0130\u015fte detaylar\u2026<\/p>\n<h3>AFT NED\u0130R?<\/h3>\n<p>A\u011f\u0131z yaras\u0131 t\u00fcrlerinden biri olan aft, a\u011f\u0131z bo\u015flu\u011funda, di\u015f etlerinde, bademciklerde ve dilde ortaya \u00e7\u0131kan sar\u0131 renkte ve yuvarlak olan a\u011fr\u0131l\u0131 bir yara t\u00fcr\u00fcd\u00fcr. Sadece a\u011f\u0131z b\u00f6lgesinde de\u011fil v\u00fccudun ba\u015fka b\u00f6lgelerinde de g\u00f6r\u00fclebilir. A\u011f\u0131zdaki aftlar \u00f6zellikle dil kenarlar\u0131nda veya dudaklar\u0131n i\u00e7 k\u0131sm\u0131nda yayg\u0131nl\u0131k g\u00f6sterir.<\/p>\n<p><img loading=\"lazy\" decoding=\"async\" class=\"alignnone size-full wp-image-208837\" src=\"https:\/\/www.tgrthaber.com\/mavikadin\/wp-content\/uploads\/ARZU-2025-07-22T154310.110.jpg\" alt=\"Di\u015f etlerinde \u00e7\u0131kan aftlara dikkat! Kanser habercisi olabilir\" width=\"1208\" height=\"680\" title=\"\" srcset=\"https:\/\/www.tgrthaber.com\/mavikadin\/wp-content\/uploads\/ARZU-2025-07-22T154310.110.jpg 1208w, https:\/\/www.tgrthaber.com\/mavikadin\/wp-content\/uploads\/ARZU-2025-07-22T154310.110-300x169.jpg 300w, https:\/\/www.tgrthaber.com\/mavikadin\/wp-content\/uploads\/ARZU-2025-07-22T154310.110-1024x576.jpg 1024w, https:\/\/www.tgrthaber.com\/mavikadin\/wp-content\/uploads\/ARZU-2025-07-22T154310.110-768x432.jpg 768w\" sizes=\"(max-width: 1208px) 100vw, 1208px\" \/><\/p>\n<hr \/>\n<p>Yuvarlak veya oval, sar\u0131ms\u0131 ya da grimsi beyaz tabanl\u0131 olan bu aftlar genellikle k\u0131rm\u0131z\u0131 bir s\u0131n\u0131rla \u00e7evrili yaralar \u015feklindedir. Boyutlar\u0131 bir i\u011fnenin ba\u015f\u0131 boyutunda ba\u015flar daha sonra bu boyutlar farkl\u0131l\u0131k g\u00f6sterir. Aft\u00f6z \u00fclser \u015feklinde olanlar a\u011fr\u0131l\u0131 olur ve sa\u011fl\u0131k \u00fczerinde \u00f6nemli etkiye sahiptirler. A\u011fr\u0131lar\u0131n \u015fiddetleri ise ki\u015fiden ki\u015fiye de\u011fi\u015fkenlik g\u00f6sterir.<\/p>\n<p><img loading=\"lazy\" decoding=\"async\" class=\"alignnone size-full wp-image-208835\" src=\"https:\/\/www.tgrthaber.com\/mavikadin\/wp-content\/uploads\/ARZU-2025-07-22T154020.157.jpg\" alt=\"Di\u015f etlerinde \u00e7\u0131kan aftlara dikkat! Kanser habercisi olabilir\" width=\"1208\" height=\"680\" title=\"\" srcset=\"https:\/\/www.tgrthaber.com\/mavikadin\/wp-content\/uploads\/ARZU-2025-07-22T154020.157.jpg 1208w, https:\/\/www.tgrthaber.com\/mavikadin\/wp-content\/uploads\/ARZU-2025-07-22T154020.157-300x169.jpg 300w, https:\/\/www.tgrthaber.com\/mavikadin\/wp-content\/uploads\/ARZU-2025-07-22T154020.157-1024x576.jpg 1024w, https:\/\/www.tgrthaber.com\/mavikadin\/wp-content\/uploads\/ARZU-2025-07-22T154020.157-768x432.jpg 768w\" sizes=\"(max-width: 1208px) 100vw, 1208px\" \/><\/p>\n<hr \/>\n<p>Dil gibi bask\u0131ya maruz kalan yerlerdeki aftlar \u00f6zellikle rahats\u0131z edici olabilir. Konu\u015fmak, yemek yemek veya yutkunmak zorla\u015fabilir. Asitli, ya da tahri\u015f eden yiyeceklerin t\u00fcketilmesinden, vitamin ve mineral eksikliklerinden, yorgunluktan, bula\u015f\u0131c\u0131 olan viral hastal\u0131klardan kaynaklanabilir. D\u00fczg\u00fcn ve zaman\u0131nda tedavi edilmezse aftlar tekrarlama e\u011filimi g\u00f6sterirler.<\/p>\n<h3><img loading=\"lazy\" decoding=\"async\" class=\"alignnone size-full wp-image-208834\" src=\"https:\/\/www.tgrthaber.com\/mavikadin\/wp-content\/uploads\/ARZU-2025-07-22T154035.021.jpg\" alt=\"Di\u015f etlerinde \u00e7\u0131kan aftlara dikkat! Kanser habercisi olabilir\" width=\"1208\" height=\"680\" title=\"\" srcset=\"https:\/\/www.tgrthaber.com\/mavikadin\/wp-content\/uploads\/ARZU-2025-07-22T154035.021.jpg 1208w, https:\/\/www.tgrthaber.com\/mavikadin\/wp-content\/uploads\/ARZU-2025-07-22T154035.021-300x169.jpg 300w, https:\/\/www.tgrthaber.com\/mavikadin\/wp-content\/uploads\/ARZU-2025-07-22T154035.021-1024x576.jpg 1024w, https:\/\/www.tgrthaber.com\/mavikadin\/wp-content\/uploads\/ARZU-2025-07-22T154035.021-768x432.jpg 768w\" sizes=\"(max-width: 1208px) 100vw, 1208px\" \/><\/h3>\n<hr \/>\n<h3>AFT NEDEN OLUR?<\/h3>\n<p>Aft genellikle ki\u015fi de vitamin ve mineral eksikli\u011fi, stres zaman\u0131nda, ila\u00e7lara ba\u011fl\u0131 olarak ya da hormanal de\u011fi\u015fiklikler nedeniyle g\u00f6r\u00fcl\u00fcr. \u00d6zellikle a\u011fr\u0131 kesici ve baz\u0131 tansiyon ila\u00e7lar\u0131na ba\u011fl\u0131 olarak g\u00f6r\u00fclen aftlar \u00e7e\u015fitli nedenlere de dayan\u0131r.<\/p>\n<h3><img loading=\"lazy\" decoding=\"async\" class=\"alignnone size-full wp-image-208833\" src=\"https:\/\/www.tgrthaber.com\/mavikadin\/wp-content\/uploads\/ARZU-2025-07-22T154039.965.jpg\" alt=\"Di\u015f etlerinde \u00e7\u0131kan aftlara dikkat! Kanser habercisi olabilir\" width=\"1208\" height=\"680\" title=\"\" srcset=\"https:\/\/www.tgrthaber.com\/mavikadin\/wp-content\/uploads\/ARZU-2025-07-22T154039.965.jpg 1208w, https:\/\/www.tgrthaber.com\/mavikadin\/wp-content\/uploads\/ARZU-2025-07-22T154039.965-300x169.jpg 300w, https:\/\/www.tgrthaber.com\/mavikadin\/wp-content\/uploads\/ARZU-2025-07-22T154039.965-1024x576.jpg 1024w, https:\/\/www.tgrthaber.com\/mavikadin\/wp-content\/uploads\/ARZU-2025-07-22T154039.965-768x432.jpg 768w\" sizes=\"(max-width: 1208px) 100vw, 1208px\" \/><\/h3>\n<hr \/>\n<h3>D\u0130\u015e ETLER\u0130NDE \u00c7IKAN AFTLARA D\u0130KKAT!<\/h3>\n<p>\u0130lk etapta bula\u015f\u0131c\u0131 hastal\u0131klar ile ger\u00e7ekle\u015fen bu hastal\u0131k kronik iltihapl\u0131 ba\u011f\u0131rsak hastal\u0131\u011f\u0131, \u00e7\u00f6lyak hastal\u0131\u011f\u0131, Beh\u00e7et hastal\u0131\u011f\u0131 ve el, ayak ve a\u011f\u0131z hastal\u0131\u011f\u0131 gibi hastal\u0131klar ba\u011flam\u0131nda ortaya \u00e7\u0131kar. Ba\u011f\u0131\u015f\u0131kl\u0131k sisteminin zay\u0131fl\u0131\u011f\u0131 nedeniyle kronik hastal\u0131klara sahip ki\u015filerde de aft g\u00f6r\u00fclebilir. Stres ya\u015fayan bir\u00e7ok ki\u015fide a\u011f\u0131z i\u00e7erisinde aft g\u00f6r\u00fclmesi m\u00fcmk\u00fcnd\u00fcr.<\/p>\n<p><img loading=\"lazy\" decoding=\"async\" class=\"alignnone size-full wp-image-208832\" src=\"https:\/\/www.tgrthaber.com\/mavikadin\/wp-content\/uploads\/ARZU-2025-07-22T154050.802.jpg\" alt=\"Di\u015f etlerinde \u00e7\u0131kan aftlara dikkat! Kanser habercisi olabilir\" width=\"1208\" height=\"680\" title=\"\" srcset=\"https:\/\/www.tgrthaber.com\/mavikadin\/wp-content\/uploads\/ARZU-2025-07-22T154050.802.jpg 1208w, https:\/\/www.tgrthaber.com\/mavikadin\/wp-content\/uploads\/ARZU-2025-07-22T154050.802-300x169.jpg 300w, https:\/\/www.tgrthaber.com\/mavikadin\/wp-content\/uploads\/ARZU-2025-07-22T154050.802-1024x576.jpg 1024w, https:\/\/www.tgrthaber.com\/mavikadin\/wp-content\/uploads\/ARZU-2025-07-22T154050.802-768x432.jpg 768w\" sizes=\"(max-width: 1208px) 100vw, 1208px\" \/><\/p>\n<hr \/>\n<p>A\u011f\u0131z mukozas\u0131nda \u00e7\u0131kan aftlar ise genellikle di\u015f telleri, k\u00f6t\u00fc oturan di\u015f protezleri veya \u0131s\u0131r\u0131k \u015feklindeki yaralanmalar nedeniyle a\u011f\u0131z i\u00e7erisinde meydana gelen \u00e7e\u015fitli yaralanmalar afta neden olur. Sert g\u0131dalar, asitli yiyecekler, domates ve turun\u00e7giller gibi besinler ki\u015finin a\u011f\u0131z i\u00e7erisindeki dokular\u0131n zarar g\u00f6rmesine ve tahri\u015fe u\u011framas\u0131na neden olur. Bu da aftlar\u0131n olu\u015fumuna zemin haz\u0131rlar.<\/p>\n<h3><img loading=\"lazy\" decoding=\"async\" class=\"alignnone size-full wp-image-208831\" src=\"https:\/\/www.tgrthaber.com\/mavikadin\/wp-content\/uploads\/ARZU-2025-07-22T154104.515.jpg\" alt=\"Di\u015f etlerinde \u00e7\u0131kan aftlara dikkat! Kanser habercisi olabilir\" width=\"1208\" height=\"680\" title=\"\" srcset=\"https:\/\/www.tgrthaber.com\/mavikadin\/wp-content\/uploads\/ARZU-2025-07-22T154104.515.jpg 1208w, https:\/\/www.tgrthaber.com\/mavikadin\/wp-content\/uploads\/ARZU-2025-07-22T154104.515-300x169.jpg 300w, https:\/\/www.tgrthaber.com\/mavikadin\/wp-content\/uploads\/ARZU-2025-07-22T154104.515-1024x576.jpg 1024w, https:\/\/www.tgrthaber.com\/mavikadin\/wp-content\/uploads\/ARZU-2025-07-22T154104.515-768x432.jpg 768w\" sizes=\"(max-width: 1208px) 100vw, 1208px\" \/><\/h3>\n<hr \/>\n<h3>KANSER HABERC\u0130S\u0130 OLAB\u0130L\u0130R<\/h3>\n<p>A\u011f\u0131z i\u00e7inde ya da di\u015f etlerinizde meydana gelen aftlar, 7 ila 10 g\u00fcn i\u00e7inde ge\u00e7mezse doktora ba\u015fvurulmas\u0131 gerekir. \u00c7\u00fcnk\u00fc renk de\u011fi\u015fimi, kulak a\u011fr\u0131lar\u0131, yemek yemede zorluk \u00e7ekilmesi, a\u011f\u0131z \u00e7evresini oynatamama gibi durumlar ciddi sorunlardan birka\u00e7\u0131d\u0131r. Bu aftlar zaman zaman iyi huylu zaman zamansa k\u00f6t\u00fc huylu olabilir.<\/p>\n<p><img loading=\"lazy\" decoding=\"async\" class=\"alignnone size-full wp-image-208830\" src=\"https:\/\/www.tgrthaber.com\/mavikadin\/wp-content\/uploads\/ARZU-2025-07-22T154130.221.jpg\" alt=\"Di\u015f etlerinde \u00e7\u0131kan aftlara dikkat! Kanser habercisi olabilir\" width=\"1208\" height=\"680\" title=\"\" srcset=\"https:\/\/www.tgrthaber.com\/mavikadin\/wp-content\/uploads\/ARZU-2025-07-22T154130.221.jpg 1208w, https:\/\/www.tgrthaber.com\/mavikadin\/wp-content\/uploads\/ARZU-2025-07-22T154130.221-300x169.jpg 300w, https:\/\/www.tgrthaber.com\/mavikadin\/wp-content\/uploads\/ARZU-2025-07-22T154130.221-1024x576.jpg 1024w, https:\/\/www.tgrthaber.com\/mavikadin\/wp-content\/uploads\/ARZU-2025-07-22T154130.221-768x432.jpg 768w\" sizes=\"(max-width: 1208px) 100vw, 1208px\" \/><\/p>\n<hr \/>\n<p>Aftlar dil \u00fczeri, dil alt\u0131, yanak ve di\u015f etleri gibi alanlarda olu\u015fan ve boyutlar\u0131 ilk etapta k\u00fc\u00e7\u00fck olup daha sonralar\u0131 ki\u015fiden ki\u015fiye de\u011fi\u015fen farkl\u0131l\u0131klar\u0131 ile iyile\u015fmesi zor bir lezyondur. Aft kanser habercisi olma yolunda gidebilir. Bu sorunlar\u0131 ya\u015fad\u0131\u011f\u0131n\u0131z takdir de ge\u00e7meyen aftlar i\u00e7in bir sa\u011fl\u0131k kurulu\u015funuza ba\u015fvurman\u0131z gerekir.<\/p>\n","protected":false},"excerpt":{"rendered":"<p>Di\u015f etlerinizde aftlar m\u0131 \u00e7\u0131kmaya ba\u015flad\u0131? Aman dikkat bu aftlar kanderin habercisi olabilir. \u0130\u015fte detaylar\u2026<\/p>\n","protected":false},"author":34,"featured_media":208836,"comment_status":"closed","ping_status":"closed","sticky":false,"template":"","format":"standard","meta":{"rank_math_lock_modified_date":false,"footnotes":""},"categories":[1991],"tags":[29109,340,173,16668],"class_list":["post-208821","post","type-post","status-publish","format-standard","has-post-thumbnail","hentry","category-saglik","tag-dis-etlerinde-olusan-aftlar","tag-kanser","tag-saglik","tag-saglik-haberleri"],"_links":{"self":[{"href":"https:\/\/www.tgrthaber.com\/mavikadin\/wp-json\/wp\/v2\/posts\/208821"}],"collection":[{"href":"https:\/\/www.tgrthaber.com\/mavikadin\/wp-json\/wp\/v2\/posts"}],"about":[{"href":"https:\/\/www.tgrthaber.com\/mavikadin\/wp-json\/wp\/v2\/types\/post"}],"author":[{"embeddable":true,"href":"https:\/\/www.tgrthaber.com\/mavikadin\/wp-json\/wp\/v2\/users\/34"}],"replies":[{"embeddable":true,"href":"https:\/\/www.tgrthaber.com\/mavikadin\/wp-json\/wp\/v2\/comments?post=208821"}],"version-history":[{"count":1,"href":"https:\/\/www.tgrthaber.com\/mavikadin\/wp-json\/wp\/v2\/posts\/208821\/revisions"}],"predecessor-version":[{"id":208838,"href":"https:\/\/www.tgrthaber.com\/mavikadin\/wp-json\/wp\/v2\/posts\/208821\/revisions\/208838"}],"wp:featuredmedia":[{"embeddable":true,"href":"https:\/\/www.tgrthaber.com\/mavikadin\/wp-json\/wp\/v2\/media\/208836"}],"wp:attachment":[{"href":"https:\/\/www.tgrthaber.com\/mavikadin\/wp-json\/wp\/v2\/media?parent=208821"}],"wp:term":[{"taxonomy":"category","embeddable":true,"href":"https:\/\/www.tgrthaber.com\/mavikadin\/wp-json\/wp\/v2\/categories?post=208821"},{"taxonomy":"post_tag","embeddable":true,"href":"https:\/\/www.tgrthaber.com\/mavikadin\/wp-json\/wp\/v2\/tags?post=208821"}],"curies":[{"name":"wp","href":"https:\/\/api.w.org\/{rel}","templated":true}]}}