{"id":208822,"date":"2025-07-22T15:33:07","date_gmt":"2025-07-22T12:33:07","guid":{"rendered":"https:\/\/www.tgrthaber.com\/mavikadin\/?p=208822"},"modified":"2025-07-22T15:33:07","modified_gmt":"2025-07-22T12:33:07","slug":"gelecege-mektuplar-ne-zaman-yayinlanacak-gelecege-mektuplar-dizisinin-konusu-nedir","status":"publish","type":"post","link":"https:\/\/www.tgrthaber.com\/mavikadin\/gelecege-mektuplar-ne-zaman-yayinlanacak-gelecege-mektuplar-dizisinin-konusu-nedir\/","title":{"rendered":"Gelece\u011fe Mektuplar ne zaman yay\u0131nlanacak? Gelece\u011fe Mektuplar dizisinin konusu nedir?"},"content":{"rendered":"<p>Gelece\u011fe Mektuplar ne zaman yay\u0131nlanacak? ara\u015ft\u0131r\u0131l\u0131yor. Uzun zamand\u0131r beklenen dizi dikkat \u00e7eken bir oyuncu kadrosuyla izleyici kar\u015f\u0131s\u0131na \u00e7\u0131kmaya haz\u0131rlan\u0131yor.<\/p>\n<h3>GELECE\u011eE MEKTUPLAR NE ZAMAN YAYINLANACAK?<\/h3>\n<p>Onur Tuna ve G\u00f6k\u00e7e Bahad\u0131r\u2019\u0131n ba\u015frol\u00fcnde oldu\u011fu Gelece\u011fe Mektuplar dizisi farkl\u0131 hikayesiyle \u015fimdiden merak konusu oldu. 2003 y\u0131l\u0131nda yaz\u0131lan mektuplar 2023 y\u0131l\u0131nda ortaya \u00e7\u0131k\u0131yor. Ge\u00e7mi\u015fle bug\u00fcn aras\u0131nda s\u00fcr\u00fckleyici bir hikaye ba\u015flatan dizide G\u00f6k\u00e7e Bahad\u0131r\u2019\u0131n performans\u0131 \u015fimdiden ilgi uyand\u0131r\u0131yor.<\/p>\n<p><img loading=\"lazy\" decoding=\"async\" class=\"alignnone size-full wp-image-208823\" src=\"https:\/\/www.tgrthaber.com\/mavikadin\/wp-content\/uploads\/Gelecege-Mektuplar-1.png\" alt=\"\" width=\"1208\" height=\"680\" title=\"\" srcset=\"https:\/\/www.tgrthaber.com\/mavikadin\/wp-content\/uploads\/Gelecege-Mektuplar-1.png 1208w, https:\/\/www.tgrthaber.com\/mavikadin\/wp-content\/uploads\/Gelecege-Mektuplar-1-300x169.png 300w, https:\/\/www.tgrthaber.com\/mavikadin\/wp-content\/uploads\/Gelecege-Mektuplar-1-1024x576.png 1024w, https:\/\/www.tgrthaber.com\/mavikadin\/wp-content\/uploads\/Gelecege-Mektuplar-1-768x432.png 768w\" sizes=\"(max-width: 1208px) 100vw, 1208px\" \/><\/p>\n<hr \/>\n<p>Elif\u2019in buldu\u011fu bu mektuplar hem ba\u015fkalar\u0131n\u0131n hem de kendi hayat\u0131n\u0131 derinden etkiliyor. Dizi etkileyici oyuncu kadrosuyla dikkat \u00e7ekiyor.<\/p>\n<h3>GELECE\u011eE MEKTUPLAR NE ZAMAN YAYINLANACAK?<\/h3>\n<p>Gelece\u011fe Mektuplar, 23 Temmuz&#8217;da Netflix&#8217;te!<\/p>\n<p><img loading=\"lazy\" decoding=\"async\" class=\"alignnone size-full wp-image-208824\" src=\"https:\/\/www.tgrthaber.com\/mavikadin\/wp-content\/uploads\/Gelecege-Mektuplar-2.png\" alt=\"\" width=\"1208\" height=\"680\" title=\"\" srcset=\"https:\/\/www.tgrthaber.com\/mavikadin\/wp-content\/uploads\/Gelecege-Mektuplar-2.png 1208w, https:\/\/www.tgrthaber.com\/mavikadin\/wp-content\/uploads\/Gelecege-Mektuplar-2-300x169.png 300w, https:\/\/www.tgrthaber.com\/mavikadin\/wp-content\/uploads\/Gelecege-Mektuplar-2-1024x576.png 1024w, https:\/\/www.tgrthaber.com\/mavikadin\/wp-content\/uploads\/Gelecege-Mektuplar-2-768x432.png 768w\" sizes=\"(max-width: 1208px) 100vw, 1208px\" \/><\/p>\n<hr \/>\n<h3>GELECE\u011eE MEKTUPLAR D\u0130Z\u0130S\u0130N\u0130N KONUSU NED\u0130R?<\/h3>\n<p>Gelece\u011fe Mektuplar dizisi 8 b\u00f6l\u00fcm i\u00e7eren 1 sezon olarak planland\u0131. Dizinin \u00e7ekim s\u00fcreci bu do\u011frultuda tamamland\u0131.<\/p>\n<p>\u0130zleyiciyi ge\u00e7mi\u015fle bug\u00fcn aras\u0131nda bulu\u015fturan dizide 2003 y\u0131l\u0131nda \u00f6zel bir lisede edebiyat \u00f6\u011fretmeni olan Fatma Ayar, \u00f6\u011frencilerine o zamanlar PTT\u2019nin d\u00fczenledi\u011fi \u201cGelece\u011fe Mektuplar\u201d kampanyas\u0131 kapsam\u0131nda anlaml\u0131 bir \u00f6dev veriyor.<\/p>\n<p><img loading=\"lazy\" decoding=\"async\" class=\"alignnone size-full wp-image-208825\" src=\"https:\/\/www.tgrthaber.com\/mavikadin\/wp-content\/uploads\/Gelecege-Mektuplar-3.png\" alt=\"\" width=\"1208\" height=\"680\" title=\"\" srcset=\"https:\/\/www.tgrthaber.com\/mavikadin\/wp-content\/uploads\/Gelecege-Mektuplar-3.png 1208w, https:\/\/www.tgrthaber.com\/mavikadin\/wp-content\/uploads\/Gelecege-Mektuplar-3-300x169.png 300w, https:\/\/www.tgrthaber.com\/mavikadin\/wp-content\/uploads\/Gelecege-Mektuplar-3-1024x576.png 1024w, https:\/\/www.tgrthaber.com\/mavikadin\/wp-content\/uploads\/Gelecege-Mektuplar-3-768x432.png 768w\" sizes=\"(max-width: 1208px) 100vw, 1208px\" \/><\/p>\n<hr \/>\n<p>\u00d6\u011frencilerinden 20 y\u0131l sonra kendisine ula\u015facak mektup yazmas\u0131n\u0131 istiyor. Gen\u00e7ler hayallerini, korkular\u0131n\u0131 ve gelecekten beklentilerini zarflara d\u00f6ker. Ard\u0131ndan zaman ge\u00e7er, mezuniyet olur, hayat devam eder ve bu mektuplar bir k\u00f6\u015fede unutulur.<\/p>\n<p>Bu unutu\u015f 2023 y\u0131l\u0131nda son bulur. Fatma Ayar\u2019\u0131n k\u0131z\u0131 Elif, evde eski bir kutunun i\u00e7inde bu zarflar\u0131 tamamen tesad\u00fcfen bulur. Merak edip zarflar\u0131 a\u00e7maya ba\u015flay\u0131nca sadece eski yaz\u0131lar\u0131 de\u011fil ger\u00e7ek duygularla ge\u00e7mi\u015fe dair gizli kalm\u0131\u015f hikayelerle kar\u015f\u0131 kar\u015f\u0131ya gelir.<\/p>\n<p><img loading=\"lazy\" decoding=\"async\" class=\"alignnone size-full wp-image-208826\" src=\"https:\/\/www.tgrthaber.com\/mavikadin\/wp-content\/uploads\/Gelecege-Mektuplar-4.png\" alt=\"\" width=\"1208\" height=\"680\" title=\"\" srcset=\"https:\/\/www.tgrthaber.com\/mavikadin\/wp-content\/uploads\/Gelecege-Mektuplar-4.png 1208w, https:\/\/www.tgrthaber.com\/mavikadin\/wp-content\/uploads\/Gelecege-Mektuplar-4-300x169.png 300w, https:\/\/www.tgrthaber.com\/mavikadin\/wp-content\/uploads\/Gelecege-Mektuplar-4-1024x576.png 1024w, https:\/\/www.tgrthaber.com\/mavikadin\/wp-content\/uploads\/Gelecege-Mektuplar-4-768x432.png 768w\" sizes=\"(max-width: 1208px) 100vw, 1208px\" \/><\/p>\n<hr \/>\n<p>Mektuplar yava\u015f yava\u015f sahiplerine ula\u015f\u0131r. Bu durumun g\u00fc\u00e7l\u00fc etkileri oldu\u011funu fark eden Elif mektuplardan birinde b\u00fcy\u00fck bir s\u0131rla kar\u015f\u0131 kar\u015f\u0131ya kal\u0131r. O andan itibaren Elif i\u00e7in hi\u00e7bir \u015fey eskisi gibi olmayacakt\u0131r.<\/p>\n<p><img loading=\"lazy\" decoding=\"async\" class=\"alignnone size-full wp-image-208828\" src=\"https:\/\/www.tgrthaber.com\/mavikadin\/wp-content\/uploads\/Gelecege-Mektuplar-6.png\" alt=\"\" width=\"1208\" height=\"680\" title=\"\" srcset=\"https:\/\/www.tgrthaber.com\/mavikadin\/wp-content\/uploads\/Gelecege-Mektuplar-6.png 1208w, https:\/\/www.tgrthaber.com\/mavikadin\/wp-content\/uploads\/Gelecege-Mektuplar-6-300x169.png 300w, https:\/\/www.tgrthaber.com\/mavikadin\/wp-content\/uploads\/Gelecege-Mektuplar-6-1024x576.png 1024w, https:\/\/www.tgrthaber.com\/mavikadin\/wp-content\/uploads\/Gelecege-Mektuplar-6-768x432.png 768w\" sizes=\"(max-width: 1208px) 100vw, 1208px\" \/><\/p>\n<hr \/>\n<h3>GELECE\u011eE MEKTUPLAR HANG\u0130 PLATFORMDA?<\/h3>\n<p>23 Temmuz 2025 tarihinde yay\u0131nlanacak olan dizi Gelece\u011fe Mektuplar&#8217;\u0131 Netflix&#8217;te izleyebilirsiniz. Dizinin farkl\u0131 hikayesi \u015fimdiden merak konusu oldu.<\/p>\n","protected":false},"excerpt":{"rendered":"<p>Gelece\u011fe Mektuplar ne zaman yay\u0131nlanacak? merak ediliyor. Merakla beklenen dizi g\u00fc\u00e7l\u00fc oyuncu kadrosuyla dikkat \u00e7ekiyor.<\/p>\n","protected":false},"author":5,"featured_media":208827,"comment_status":"closed","ping_status":"closed","sticky":false,"template":"","format":"standard","meta":{"rank_math_lock_modified_date":false,"footnotes":""},"categories":[602],"tags":[3602,27672,6774,7767],"class_list":["post-208822","post","type-post","status-publish","format-standard","has-post-thumbnail","hentry","category-diziler","tag-diziler","tag-gelecege-mektuplar","tag-gokce-bahadir","tag-onur-tuna"],"_links":{"self":[{"href":"https:\/\/www.tgrthaber.com\/mavikadin\/wp-json\/wp\/v2\/posts\/208822"}],"collection":[{"href":"https:\/\/www.tgrthaber.com\/mavikadin\/wp-json\/wp\/v2\/posts"}],"about":[{"href":"https:\/\/www.tgrthaber.com\/mavikadin\/wp-json\/wp\/v2\/types\/post"}],"author":[{"embeddable":true,"href":"https:\/\/www.tgrthaber.com\/mavikadin\/wp-json\/wp\/v2\/users\/5"}],"replies":[{"embeddable":true,"href":"https:\/\/www.tgrthaber.com\/mavikadin\/wp-json\/wp\/v2\/comments?post=208822"}],"version-history":[{"count":1,"href":"https:\/\/www.tgrthaber.com\/mavikadin\/wp-json\/wp\/v2\/posts\/208822\/revisions"}],"predecessor-version":[{"id":208829,"href":"https:\/\/www.tgrthaber.com\/mavikadin\/wp-json\/wp\/v2\/posts\/208822\/revisions\/208829"}],"wp:featuredmedia":[{"embeddable":true,"href":"https:\/\/www.tgrthaber.com\/mavikadin\/wp-json\/wp\/v2\/media\/208827"}],"wp:attachment":[{"href":"https:\/\/www.tgrthaber.com\/mavikadin\/wp-json\/wp\/v2\/media?parent=208822"}],"wp:term":[{"taxonomy":"category","embeddable":true,"href":"https:\/\/www.tgrthaber.com\/mavikadin\/wp-json\/wp\/v2\/categories?post=208822"},{"taxonomy":"post_tag","embeddable":true,"href":"https:\/\/www.tgrthaber.com\/mavikadin\/wp-json\/wp\/v2\/tags?post=208822"}],"curies":[{"name":"wp","href":"https:\/\/api.w.org\/{rel}","templated":true}]}}