{"id":208862,"date":"2025-07-22T16:40:58","date_gmt":"2025-07-22T13:40:58","guid":{"rendered":"https:\/\/www.tgrthaber.com\/mavikadin\/?p=208862"},"modified":"2025-07-22T16:40:59","modified_gmt":"2025-07-22T13:40:59","slug":"hazal-kayadan-yaz-icin-radikal-degisim-cesur-tarzi-sosyal-medyayi-salladi","status":"publish","type":"post","link":"https:\/\/www.tgrthaber.com\/mavikadin\/hazal-kayadan-yaz-icin-radikal-degisim-cesur-tarzi-sosyal-medyayi-salladi\/","title":{"rendered":"Hazal Kaya\u2019dan yaz i\u00e7in radikal de\u011fi\u015fim! Cesur tarz\u0131 sosyal medyay\u0131 sallad\u0131"},"content":{"rendered":"<p>Hazal Kaya, bu s\u0131cak yaz g\u00fcnlerinde sa\u00e7lar\u0131n\u0131 sar\u0131 rengine boyad\u0131. Ald\u0131\u011f\u0131 bu radikal de\u011fi\u015fiklik ile dikkatleri \u00fczerine \u00e7eken Hazal Kaya, yaz sezonuna iddial\u0131 bir giri\u015f yapt\u0131. Yeni halini sosyal medyas\u0131ndan payla\u015fan Hazal Kaya, takip\u00e7ilerinden be\u011feni ve yorum yapt\u0131. \u0130\u015fte detaylar\u2026<\/p>\n<h3>HAZAL KAYA\u2019DAN YAZ \u0130\u00c7\u0130N RAD\u0130KAL DE\u011e\u0130\u015e\u0130M!<\/h3>\n<p>Dizi ve sinema sekt\u00f6r\u00fcn\u00fcn sevilen isimlerinden biri olan Hazal Kaya, tarz konusunda cesur bir ad\u0131m atarak sa\u00e7lar\u0131n\u0131 sar\u0131ya boyad\u0131. Sar\u0131 sa\u00e7lar\u0131 ile sosyal medyay\u0131 sallayan Hazal Kaya k\u0131sa s\u00fcrede hayranlar\u0131 taraf\u0131ndan yorum ve be\u011feni ald\u0131.<\/p>\n<p><img loading=\"lazy\" decoding=\"async\" class=\"alignnone size-full wp-image-208873\" src=\"https:\/\/www.tgrthaber.com\/mavikadin\/wp-content\/uploads\/ARZU-2025-07-22T163522.740.jpg\" alt=\"Hazal Kaya\u2019dan yaz i\u00e7in radikal de\u011fi\u015fim! Cesur tarz\u0131 sosyal medyay\u0131 sallad\u0131\" width=\"1208\" height=\"680\" title=\"\" srcset=\"https:\/\/www.tgrthaber.com\/mavikadin\/wp-content\/uploads\/ARZU-2025-07-22T163522.740.jpg 1208w, https:\/\/www.tgrthaber.com\/mavikadin\/wp-content\/uploads\/ARZU-2025-07-22T163522.740-300x169.jpg 300w, https:\/\/www.tgrthaber.com\/mavikadin\/wp-content\/uploads\/ARZU-2025-07-22T163522.740-1024x576.jpg 1024w, https:\/\/www.tgrthaber.com\/mavikadin\/wp-content\/uploads\/ARZU-2025-07-22T163522.740-768x432.jpg 768w\" sizes=\"(max-width: 1208px) 100vw, 1208px\" \/><\/p>\n<hr \/>\n<p>Ad\u0131n\u0131 Feriha Koydum, Bizim Hik\u00e2ye ve A\u015fk-\u0131 Memnu gibi yap\u0131mlar ile tan\u0131d\u0131\u011f\u0131m\u0131z Hazal Kaya, bir s\u00fcredir ekranlardan uzak olsa da sosyal medya hesab\u0131ndan takip\u00e7ileri ile ileti\u015fimde kalmay\u0131 s\u00fcrd\u00fcr\u00fcyor. Hayranlar\u0131 ile s\u0131k s\u0131k ileti\u015fimde bulunan Hazal Kaya, yeni imaj\u0131 ile k\u0131sa s\u00fcrede binlerce yorum ve be\u011feni al\u0131rken g\u00fczel oyuncunun de\u011fi\u015fen imaj\u0131 b\u00fcy\u00fck ilgi g\u00f6rd\u00fc.<\/p>\n<p><img loading=\"lazy\" decoding=\"async\" class=\"alignnone size-full wp-image-208871\" src=\"https:\/\/www.tgrthaber.com\/mavikadin\/wp-content\/uploads\/ARZU-2025-07-22T163653.112.jpg\" alt=\"Hazal Kaya\u2019dan yaz i\u00e7in radikal de\u011fi\u015fim! Cesur tarz\u0131 sosyal medyay\u0131 sallad\u0131\" width=\"1208\" height=\"680\" title=\"\" srcset=\"https:\/\/www.tgrthaber.com\/mavikadin\/wp-content\/uploads\/ARZU-2025-07-22T163653.112.jpg 1208w, https:\/\/www.tgrthaber.com\/mavikadin\/wp-content\/uploads\/ARZU-2025-07-22T163653.112-300x169.jpg 300w, https:\/\/www.tgrthaber.com\/mavikadin\/wp-content\/uploads\/ARZU-2025-07-22T163653.112-1024x576.jpg 1024w, https:\/\/www.tgrthaber.com\/mavikadin\/wp-content\/uploads\/ARZU-2025-07-22T163653.112-768x432.jpg 768w\" sizes=\"(max-width: 1208px) 100vw, 1208px\" \/><\/p>\n<hr \/>\n<p>Tarz konusunda zaman zaman yapt\u0131\u011f\u0131 de\u011fi\u015fiklikler en \u00e7ok konu\u015fulanlar aras\u0131nda yer al\u0131rken, imaj\u0131 ve s\u00f6zleri ile magazin g\u00fcndemine gelmeye devam ediyor. Sa\u00e7lar\u0131 ile en \u00e7ok oynayan \u00fcnl\u00fcler aras\u0131nda ilk s\u0131ralarda bulunan Hazal Kaya, genellikle orta boy ve koyu renk sa\u00e7lar\u0131 kulland\u0131\u011f\u0131 g\u00f6r\u00fcl\u00fcyordu. Ancak ald\u0131\u011f\u0131 bu radikal karar Hazal Kaya\u2019n\u0131n hayat\u0131n\u0131 etkileyecek mi merakla takip ediliyor.<\/p>\n<h3><img loading=\"lazy\" decoding=\"async\" class=\"alignnone size-full wp-image-208870\" src=\"https:\/\/www.tgrthaber.com\/mavikadin\/wp-content\/uploads\/ARZU-2025-07-22T163714.494.jpg\" alt=\"Hazal Kaya\u2019dan yaz i\u00e7in radikal de\u011fi\u015fim! Cesur tarz\u0131 sosyal medyay\u0131 sallad\u0131\" width=\"1208\" height=\"680\" title=\"\" srcset=\"https:\/\/www.tgrthaber.com\/mavikadin\/wp-content\/uploads\/ARZU-2025-07-22T163714.494.jpg 1208w, https:\/\/www.tgrthaber.com\/mavikadin\/wp-content\/uploads\/ARZU-2025-07-22T163714.494-300x169.jpg 300w, https:\/\/www.tgrthaber.com\/mavikadin\/wp-content\/uploads\/ARZU-2025-07-22T163714.494-1024x576.jpg 1024w, https:\/\/www.tgrthaber.com\/mavikadin\/wp-content\/uploads\/ARZU-2025-07-22T163714.494-768x432.jpg 768w\" sizes=\"(max-width: 1208px) 100vw, 1208px\" \/><\/h3>\n<h3>CESUR TARZI SOSYAL MEDYAYI SALLADI<\/h3>\n<p>Yaz aylar\u0131n\u0131m gelmesi ve s\u0131cak havalar\u0131n artt\u0131\u011f\u0131 bu g\u00fcnlerde \u00fcnl\u00fc isimlerden sa\u00e7lardaki imaj de\u011fi\u015fikli\u011fi g\u00fcndeme geliyor. Bu \u00fcnl\u00fc isimlerden biri olan Hazal Kaya, genellikle orta boy ve koyu kahverengi kulland\u0131\u011f\u0131 sa\u00e7lar\u0131n\u0131 sar\u0131ya boyayarak herkesi \u015fa\u015fk\u0131na \u00e7evirdi. Ald\u0131\u011f\u0131 cesur karar\u0131 ile adeta sosyal medyay\u0131 sallad\u0131.<\/p>\n<p><img loading=\"lazy\" decoding=\"async\" class=\"alignnone size-full wp-image-208874\" src=\"https:\/\/www.tgrthaber.com\/mavikadin\/wp-content\/uploads\/ARZU-2025-07-22T163931.065.jpg\" alt=\"Hazal Kaya\u2019dan yaz i\u00e7in radikal de\u011fi\u015fim! Cesur tarz\u0131 sosyal medyay\u0131 sallad\u0131\" width=\"1208\" height=\"680\" title=\"\" srcset=\"https:\/\/www.tgrthaber.com\/mavikadin\/wp-content\/uploads\/ARZU-2025-07-22T163931.065.jpg 1208w, https:\/\/www.tgrthaber.com\/mavikadin\/wp-content\/uploads\/ARZU-2025-07-22T163931.065-300x169.jpg 300w, https:\/\/www.tgrthaber.com\/mavikadin\/wp-content\/uploads\/ARZU-2025-07-22T163931.065-1024x576.jpg 1024w, https:\/\/www.tgrthaber.com\/mavikadin\/wp-content\/uploads\/ARZU-2025-07-22T163931.065-768x432.jpg 768w\" sizes=\"(max-width: 1208px) 100vw, 1208px\" \/><\/p>\n<hr \/>\n<p>Yeni sa\u00e7 stilini kendi sosyal medyas\u0131ndan takip\u00e7ileri ile payla\u015fan Hazal Kaya, yazd\u0131\u011f\u0131 esprili not ile de g\u00fcld\u00fcrmeyi ba\u015fard\u0131. Hazal Kaya, \u201cSar\u0131\u015f\u0131nlar daha \u00e7ok e\u011fleniyor dediler, g\u00f6rece\u011fiz\u201d s\u00f6zleri k\u0131sa s\u00fcrede be\u011feni ya\u011fmuruna tutuldu.<\/p>\n<p><img loading=\"lazy\" decoding=\"async\" class=\"alignnone size-full wp-image-208872\" src=\"https:\/\/www.tgrthaber.com\/mavikadin\/wp-content\/uploads\/ARZU-2025-07-22T163636.318.jpg\" alt=\"Hazal Kaya\u2019dan yaz i\u00e7in radikal de\u011fi\u015fim! Cesur tarz\u0131 sosyal medyay\u0131 sallad\u0131\" width=\"1208\" height=\"680\" title=\"\" srcset=\"https:\/\/www.tgrthaber.com\/mavikadin\/wp-content\/uploads\/ARZU-2025-07-22T163636.318.jpg 1208w, https:\/\/www.tgrthaber.com\/mavikadin\/wp-content\/uploads\/ARZU-2025-07-22T163636.318-300x169.jpg 300w, https:\/\/www.tgrthaber.com\/mavikadin\/wp-content\/uploads\/ARZU-2025-07-22T163636.318-1024x576.jpg 1024w, https:\/\/www.tgrthaber.com\/mavikadin\/wp-content\/uploads\/ARZU-2025-07-22T163636.318-768x432.jpg 768w\" sizes=\"(max-width: 1208px) 100vw, 1208px\" \/><\/p>\n<hr \/>\n<p>Bu traz\u0131 ile Hazal Kaya hakk\u0131nda yeni proje sorular\u0131 da beraberinde geldi. Ancak g\u00fczel oyuncudan bu konu hakk\u0131nda bir bilgi gelmedi. Sar\u0131 sa\u00e7lar\u0131 ile ne kadar s\u00fcre durac\u011f\u0131 da bir di\u011fer merak edilen konualar aras\u0131nda yer ald\u0131.<\/p>\n","protected":false},"excerpt":{"rendered":"<p>\u00dcnl\u00fc oyuncu Hazal Kaya, hayat\u0131nda radikal bir de\u011fi\u015fikli\u011fe giderek sa\u00e7lar\u0131n\u0131 sar\u0131 rengine boyad\u0131. Yaz sezonuna bomba gibi giri\u015f yapan Hazal Kaya, yeni imaj\u0131n\u0131 sosyal medyas\u0131ndan payla\u015ft\u0131. \u0130\u015fte detaylar\u2026<\/p>\n","protected":false},"author":34,"featured_media":208869,"comment_status":"closed","ping_status":"closed","sticky":false,"template":"","format":"standard","meta":{"rank_math_lock_modified_date":false,"footnotes":""},"categories":[76],"tags":[2773,29114,2218],"class_list":["post-208862","post","type-post","status-publish","format-standard","has-post-thumbnail","hentry","category-magazin","tag-hazal-kaya","tag-hazal-kaya-radikal-degisim","tag-magazin-haberleri"],"_links":{"self":[{"href":"https:\/\/www.tgrthaber.com\/mavikadin\/wp-json\/wp\/v2\/posts\/208862"}],"collection":[{"href":"https:\/\/www.tgrthaber.com\/mavikadin\/wp-json\/wp\/v2\/posts"}],"about":[{"href":"https:\/\/www.tgrthaber.com\/mavikadin\/wp-json\/wp\/v2\/types\/post"}],"author":[{"embeddable":true,"href":"https:\/\/www.tgrthaber.com\/mavikadin\/wp-json\/wp\/v2\/users\/34"}],"replies":[{"embeddable":true,"href":"https:\/\/www.tgrthaber.com\/mavikadin\/wp-json\/wp\/v2\/comments?post=208862"}],"version-history":[{"count":2,"href":"https:\/\/www.tgrthaber.com\/mavikadin\/wp-json\/wp\/v2\/posts\/208862\/revisions"}],"predecessor-version":[{"id":208877,"href":"https:\/\/www.tgrthaber.com\/mavikadin\/wp-json\/wp\/v2\/posts\/208862\/revisions\/208877"}],"wp:featuredmedia":[{"embeddable":true,"href":"https:\/\/www.tgrthaber.com\/mavikadin\/wp-json\/wp\/v2\/media\/208869"}],"wp:attachment":[{"href":"https:\/\/www.tgrthaber.com\/mavikadin\/wp-json\/wp\/v2\/media?parent=208862"}],"wp:term":[{"taxonomy":"category","embeddable":true,"href":"https:\/\/www.tgrthaber.com\/mavikadin\/wp-json\/wp\/v2\/categories?post=208862"},{"taxonomy":"post_tag","embeddable":true,"href":"https:\/\/www.tgrthaber.com\/mavikadin\/wp-json\/wp\/v2\/tags?post=208862"}],"curies":[{"name":"wp","href":"https:\/\/api.w.org\/{rel}","templated":true}]}}