{"id":208885,"date":"2025-07-22T17:06:00","date_gmt":"2025-07-22T14:06:00","guid":{"rendered":"https:\/\/www.tgrthaber.com\/mavikadin\/?p=208885"},"modified":"2025-07-22T17:06:01","modified_gmt":"2025-07-22T14:06:01","slug":"salcali-makarnanin-yanina-yapilacak-tarifler-italyanlar-bu-lezzetlere-bayiliyor","status":"publish","type":"post","link":"https:\/\/www.tgrthaber.com\/mavikadin\/salcali-makarnanin-yanina-yapilacak-tarifler-italyanlar-bu-lezzetlere-bayiliyor\/","title":{"rendered":"Sal\u00e7al\u0131 makarnan\u0131n yan\u0131na yap\u0131lacak tarifler! \u0130talyanlar bu lezzetlere bay\u0131l\u0131yor"},"content":{"rendered":"<p>T\u00fcrk mutfa\u011f\u0131n\u0131n vazge\u00e7ilmez bir par\u00e7as\u0131 haline gelen sal\u00e7al\u0131 makarna, hem yap\u0131m\u0131 kolay olmas\u0131 hem de lezzetli olmas\u0131ndan dolay\u0131 s\u0131kl\u0131kla tercih edilir. Peki, sal\u00e7al\u0131 makarnan\u0131n yan\u0131na ne gider? Sizde sal\u00e7al\u0131 makarnan\u0131n yan\u0131na ne gidece\u011fini merak ediyorsan\u0131z, do\u011fru yerdesiniz. Sal\u00e7al\u0131 makarnan\u0131n yan\u0131na yap\u0131lacak tarifleri sizin i\u00e7in ara\u015ft\u0131rd\u0131k. \u0130\u015fte sal\u00e7al\u0131 makarnan\u0131n yan\u0131na yap\u0131lacak tarifler ve \u0130talyanlar\u0131n bay\u0131ld\u0131\u011f\u0131 o lezzet\u2026<\/p>\n<h3>SAL\u00c7ALI MAKARNANIN YANINA YAPILACAK TAR\u0130FLER!<\/h3>\n<p>Sal\u00e7al\u0131 makarna T\u00fcrk mutfa\u011f\u0131nda s\u0131kl\u0131kla yap\u0131lan tarifler aras\u0131nda yer al\u0131r. Sal\u00e7al\u0131 makarna, \u00f6zellikle pratik ve lezzetli olu\u015fuyla en \u00e7ok tercih edilen makarna t\u00fcrlerinden biri olarak kar\u015f\u0131m\u0131za \u00e7\u0131kar. Sal\u00e7al\u0131 makarna sevmeyen yoktur. Sal\u00e7al\u0131 makarna tek ba\u015f\u0131na lezzet \u015f\u00f6leni olabilece\u011fi gibi yan\u0131na yap\u0131lan farkl\u0131 tariflerle adeta \u0130talyan sofralar\u0131na d\u00f6n\u00fc\u015febiliyor.<\/p>\n<p><img loading=\"lazy\" decoding=\"async\" class=\"alignnone wp-image-208888\" src=\"https:\/\/www.tgrthaber.com\/mavikadin\/wp-content\/uploads\/salcali-makarnanin-yanina-yapilacak-tarifler-8-1024x576.jpg\" alt=\"Sal\u00e7al\u0131 makarnan\u0131n yan\u0131na yap\u0131lacak tarifler! \u0130talyanlar bu lezzetlere bay\u0131l\u0131yor\" width=\"1208\" height=\"680\" title=\"\" srcset=\"https:\/\/www.tgrthaber.com\/mavikadin\/wp-content\/uploads\/salcali-makarnanin-yanina-yapilacak-tarifler-8-1024x576.jpg 1024w, https:\/\/www.tgrthaber.com\/mavikadin\/wp-content\/uploads\/salcali-makarnanin-yanina-yapilacak-tarifler-8-300x169.jpg 300w, https:\/\/www.tgrthaber.com\/mavikadin\/wp-content\/uploads\/salcali-makarnanin-yanina-yapilacak-tarifler-8-768x432.jpg 768w, https:\/\/www.tgrthaber.com\/mavikadin\/wp-content\/uploads\/salcali-makarnanin-yanina-yapilacak-tarifler-8.jpg 1208w\" sizes=\"(max-width: 1208px) 100vw, 1208px\" \/><\/p>\n<hr \/>\n<p>Sizde sal\u00e7al\u0131 makarna yapmak istiyor fakat yan\u0131na yapacak ba\u015fka bir tarif bulam\u0131yorsan\u0131z do\u011fru yerdesiniz. Sizin i\u00e7in sal\u00e7al\u0131 makarnan\u0131n yan\u0131na yap\u0131lacak tarifleri ara\u015ft\u0131rd\u0131k. Makarna denilince yan\u0131na gidebilecek en g\u00fczel tarif elbette salata tarifleri oluyor. Salata ve makarnan\u0131n uyumu hemen hemen herkesin vazge\u00e7ilmezleri aras\u0131nda bulunuyor.<\/p>\n<p><img loading=\"lazy\" decoding=\"async\" class=\"alignnone wp-image-208886\" src=\"https:\/\/www.tgrthaber.com\/mavikadin\/wp-content\/uploads\/salcali-makarnanin-yanina-yapilacak-tarifler-7-1024x576.jpg\" alt=\"Sal\u00e7al\u0131 makarnan\u0131n yan\u0131na yap\u0131lacak tarifler! \u0130talyanlar bu lezzetlere bay\u0131l\u0131yor\" width=\"1208\" height=\"680\" title=\"\" srcset=\"https:\/\/www.tgrthaber.com\/mavikadin\/wp-content\/uploads\/salcali-makarnanin-yanina-yapilacak-tarifler-7-1024x576.jpg 1024w, https:\/\/www.tgrthaber.com\/mavikadin\/wp-content\/uploads\/salcali-makarnanin-yanina-yapilacak-tarifler-7-300x169.jpg 300w, https:\/\/www.tgrthaber.com\/mavikadin\/wp-content\/uploads\/salcali-makarnanin-yanina-yapilacak-tarifler-7-768x432.jpg 768w, https:\/\/www.tgrthaber.com\/mavikadin\/wp-content\/uploads\/salcali-makarnanin-yanina-yapilacak-tarifler-7.jpg 1208w\" sizes=\"(max-width: 1208px) 100vw, 1208px\" \/><\/p>\n<hr \/>\n<p>\u00d6zellikle s\u0131cak yaz aylar\u0131nda herkes daha pratik tarif aray\u0131\u015f\u0131na giriyor. Makarna bu noktada yaz aylar\u0131n\u0131n en b\u00fcy\u00fck kurtar\u0131c\u0131s\u0131 oluyor. Hele de yan\u0131nda salata olunca tad\u0131ndan yenmiyor. Sizde sal\u00e7al\u0131 makarnan\u0131n yan\u0131na ne yapaca\u011f\u0131n\u0131z\u0131 d\u00fc\u015f\u00fcn\u00fcyorsan\u0131z, a\u015fa\u011f\u0131da verece\u011fimiz tariflere bir \u015fans verebilirsiniz. \u0130\u015fte sal\u00e7al\u0131 makarnan\u0131n yan\u0131na yap\u0131lacak tarifler\u2026<\/p>\n<p><img loading=\"lazy\" decoding=\"async\" class=\"alignnone wp-image-208889\" src=\"https:\/\/www.tgrthaber.com\/mavikadin\/wp-content\/uploads\/salcali-makarnanin-yanina-yapilacak-tarifler-5-1024x576.jpg\" alt=\"Sal\u00e7al\u0131 makarnan\u0131n yan\u0131na yap\u0131lacak tarifler! \u0130talyanlar bu lezzetlere bay\u0131l\u0131yor\" width=\"1208\" height=\"680\" title=\"\" srcset=\"https:\/\/www.tgrthaber.com\/mavikadin\/wp-content\/uploads\/salcali-makarnanin-yanina-yapilacak-tarifler-5-1024x576.jpg 1024w, https:\/\/www.tgrthaber.com\/mavikadin\/wp-content\/uploads\/salcali-makarnanin-yanina-yapilacak-tarifler-5-300x169.jpg 300w, https:\/\/www.tgrthaber.com\/mavikadin\/wp-content\/uploads\/salcali-makarnanin-yanina-yapilacak-tarifler-5-768x432.jpg 768w, https:\/\/www.tgrthaber.com\/mavikadin\/wp-content\/uploads\/salcali-makarnanin-yanina-yapilacak-tarifler-5.jpg 1208w\" sizes=\"(max-width: 1208px) 100vw, 1208px\" \/><\/p>\n<hr \/>\n<h3>SAL\u00c7ALI MAKARNANIN YANINA MUTLAKA BUNLARI YAPIN!<\/h3>\n<p>Mozzarella ve domatesli caprese salatas\u0131 sal\u00e7al\u0131 makarnan\u0131n yan\u0131na gidecek en g\u00fczel tarifler aras\u0131nda yer alabilir. Dilimlenmi\u015f mozzarella peynirleri, taze domates, taze fesle\u011fen yapraklar\u0131yla sal\u00e7al\u0131 makarnan\u0131za e\u015flik edecek muhte\u015fem bir salata haz\u0131rlayabilirsiniz.<\/p>\n<p><img loading=\"lazy\" decoding=\"async\" class=\"alignnone wp-image-208890\" src=\"https:\/\/www.tgrthaber.com\/mavikadin\/wp-content\/uploads\/salcali-makarnanin-yanina-yapilacak-tarifler-4-1024x576.jpg\" alt=\"Sal\u00e7al\u0131 makarnan\u0131n yan\u0131na yap\u0131lacak tarifler! \u0130talyanlar bu lezzetlere bay\u0131l\u0131yor\" width=\"1208\" height=\"680\" title=\"\" srcset=\"https:\/\/www.tgrthaber.com\/mavikadin\/wp-content\/uploads\/salcali-makarnanin-yanina-yapilacak-tarifler-4-1024x576.jpg 1024w, https:\/\/www.tgrthaber.com\/mavikadin\/wp-content\/uploads\/salcali-makarnanin-yanina-yapilacak-tarifler-4-300x169.jpg 300w, https:\/\/www.tgrthaber.com\/mavikadin\/wp-content\/uploads\/salcali-makarnanin-yanina-yapilacak-tarifler-4-768x432.jpg 768w, https:\/\/www.tgrthaber.com\/mavikadin\/wp-content\/uploads\/salcali-makarnanin-yanina-yapilacak-tarifler-4.jpg 1208w\" sizes=\"(max-width: 1208px) 100vw, 1208px\" \/><\/p>\n<hr \/>\n<p>Sal\u00e7al\u0131 makarnan\u0131z\u0131n yan\u0131na ekmek yemeye ne dersiniz? Ekmek ve makarna ayn\u0131 anda yenir mi? diye sormay\u0131n! Sar\u0131msakl\u0131 f\u0131r\u0131nda ekmek tarifiyle sal\u00e7al\u0131 makarnan\u0131z\u0131n suyunu s\u0131y\u0131rmaya haz\u0131r olun!<\/p>\n<p>Sal\u00e7al\u0131 makarnan\u0131n yan\u0131na gidebilecek bir di\u011fer salata tarifi Akdeniz usul\u00fc ye\u015fil salata ya da mevsim salatad\u0131r. Makarna ba\u015fl\u0131 ba\u015f\u0131na salatayla olduk\u00e7a uyumludur. Sizde \u00f6zellikle sal\u00e7al\u0131 makarnan\u0131z\u0131n yan\u0131na diledi\u011finiz salata \u00e7e\u015fidinden yapabilirsiniz.<\/p>\n<p><img loading=\"lazy\" decoding=\"async\" class=\"alignnone wp-image-208891\" src=\"https:\/\/www.tgrthaber.com\/mavikadin\/wp-content\/uploads\/salcali-makarnanin-yanina-yapilacak-tarifler-3-1024x576.jpg\" alt=\"Sal\u00e7al\u0131 makarnan\u0131n yan\u0131na yap\u0131lacak tarifler! \u0130talyanlar bu lezzetlere bay\u0131l\u0131yor\" width=\"1208\" height=\"680\" title=\"\" srcset=\"https:\/\/www.tgrthaber.com\/mavikadin\/wp-content\/uploads\/salcali-makarnanin-yanina-yapilacak-tarifler-3-1024x576.jpg 1024w, https:\/\/www.tgrthaber.com\/mavikadin\/wp-content\/uploads\/salcali-makarnanin-yanina-yapilacak-tarifler-3-300x169.jpg 300w, https:\/\/www.tgrthaber.com\/mavikadin\/wp-content\/uploads\/salcali-makarnanin-yanina-yapilacak-tarifler-3-768x432.jpg 768w, https:\/\/www.tgrthaber.com\/mavikadin\/wp-content\/uploads\/salcali-makarnanin-yanina-yapilacak-tarifler-3.jpg 1208w\" sizes=\"(max-width: 1208px) 100vw, 1208px\" \/><\/p>\n<hr \/>\n<p>Hafif k\u00f6zl\u00fc tatlar sal\u00e7al\u0131 makarnayla muhte\u015fem uyum sa\u011flar. Bu noktada \u00e7e\u015fitli k\u00f6zlenmi\u015f sebzelerden olu\u015fan mezeleri tercih edebilirsiniz. \u00d6zellikle patl\u0131can k\u00f6zlemesi sal\u00e7al\u0131 makarnan\u0131n yan\u0131na giden en g\u00fczel tariflerdendir.<\/p>\n<p>Sal\u00e7al\u0131 makarna denilince akla gelen di\u011fer lezzet ise k\u00f6fte ya da f\u0131r\u0131n tavuktur. Sizde makarna taba\u011f\u0131n\u0131z\u0131 ana yeme\u011fe d\u00f6n\u00fc\u015ft\u00fcrmek istiyorsan\u0131z, yan\u0131na mutlaka k\u00f6fte ya da tavuk gibi alternatif tarifler tercih edebilirsiniz.<\/p>\n<p><img loading=\"lazy\" decoding=\"async\" class=\"alignnone wp-image-208892\" src=\"https:\/\/www.tgrthaber.com\/mavikadin\/wp-content\/uploads\/Adsiz-tasarim-65-12-1024x576.jpg\" alt=\"Sal\u00e7al\u0131 makarnan\u0131n yan\u0131na yap\u0131lacak tarifler! \u0130talyanlar bu lezzetlere bay\u0131l\u0131yor\" width=\"1208\" height=\"680\" title=\"\" srcset=\"https:\/\/www.tgrthaber.com\/mavikadin\/wp-content\/uploads\/Adsiz-tasarim-65-12-1024x576.jpg 1024w, https:\/\/www.tgrthaber.com\/mavikadin\/wp-content\/uploads\/Adsiz-tasarim-65-12-300x169.jpg 300w, https:\/\/www.tgrthaber.com\/mavikadin\/wp-content\/uploads\/Adsiz-tasarim-65-12-768x432.jpg 768w, https:\/\/www.tgrthaber.com\/mavikadin\/wp-content\/uploads\/Adsiz-tasarim-65-12.jpg 1208w\" sizes=\"(max-width: 1208px) 100vw, 1208px\" \/><\/p>\n<hr \/>\n<h3>\u0130TALYANLAR BU LEZZETLERE BAYILIYOR!<\/h3>\n<p>\u0130talyanlar, makarnay\u0131 ana yemek olarak kabul eder. Ard\u0131ndan et, bal\u0131k ya da tavuk tarz\u0131nda yemekler t\u00fcketen \u0130talyanlar, makarnan\u0131n yan\u0131nda genellikle salata ve ekmek tercih ederler. Bak\u0131ld\u0131\u011f\u0131nda T\u00fcrkiye\u2019de de makarnay\u0131 ekmekle ve salatayla t\u00fcketen pek \u00e7ok ki\u015fi var.<\/p>\n<p><img loading=\"lazy\" decoding=\"async\" class=\"alignnone wp-image-208893\" src=\"https:\/\/www.tgrthaber.com\/mavikadin\/wp-content\/uploads\/salcali-makarnanin-yanina-yapilacak-tarifler-1-1024x576.jpg\" alt=\"Sal\u00e7al\u0131 makarnan\u0131n yan\u0131na yap\u0131lacak tarifler! \u0130talyanlar bu lezzetlere bay\u0131l\u0131yor\" width=\"1208\" height=\"680\" title=\"\" srcset=\"https:\/\/www.tgrthaber.com\/mavikadin\/wp-content\/uploads\/salcali-makarnanin-yanina-yapilacak-tarifler-1-1024x576.jpg 1024w, https:\/\/www.tgrthaber.com\/mavikadin\/wp-content\/uploads\/salcali-makarnanin-yanina-yapilacak-tarifler-1-300x169.jpg 300w, https:\/\/www.tgrthaber.com\/mavikadin\/wp-content\/uploads\/salcali-makarnanin-yanina-yapilacak-tarifler-1-768x432.jpg 768w, https:\/\/www.tgrthaber.com\/mavikadin\/wp-content\/uploads\/salcali-makarnanin-yanina-yapilacak-tarifler-1.jpg 1208w\" sizes=\"(max-width: 1208px) 100vw, 1208px\" \/><\/p>\n<hr \/>\n<p>\u0130talyanlar, makarnan\u0131n yan\u0131na et ya da tavuk almazlar genellikle daha hafif tarifleri tercih ederler. Bu hafif tarifler aras\u0131nda bol ye\u015fillikli salatalar ve ekmek \u00e7e\u015fitleri yer alabilir.<\/p>\n","protected":false},"excerpt":{"rendered":"<p>Sal\u00e7al\u0131 makarna hemen hemen herkesin en s\u0131k tercih etti\u011fi makarna tarifleri aras\u0131nda yer al\u0131r. Peki, sal\u00e7al\u0131 makarnan\u0131n yan\u0131na yap\u0131lacak tarifler nelerdir? \u0130\u015fte detaylar\u2026 <\/p>\n","protected":false},"author":26,"featured_media":208887,"comment_status":"closed","ping_status":"closed","sticky":false,"template":"","format":"standard","meta":{"rank_math_lock_modified_date":false,"footnotes":""},"categories":[191],"tags":[19544,29116,8205,17167],"class_list":["post-208885","post","type-post","status-publish","format-standard","has-post-thumbnail","hentry","category-yemek-tarifleri","tag-salcali-makarna","tag-salcali-makarnanin-yanina-hangi-yemek-gider","tag-yemek-tarifi","tag-yemek-tarifi-haberleri"],"_links":{"self":[{"href":"https:\/\/www.tgrthaber.com\/mavikadin\/wp-json\/wp\/v2\/posts\/208885"}],"collection":[{"href":"https:\/\/www.tgrthaber.com\/mavikadin\/wp-json\/wp\/v2\/posts"}],"about":[{"href":"https:\/\/www.tgrthaber.com\/mavikadin\/wp-json\/wp\/v2\/types\/post"}],"author":[{"embeddable":true,"href":"https:\/\/www.tgrthaber.com\/mavikadin\/wp-json\/wp\/v2\/users\/26"}],"replies":[{"embeddable":true,"href":"https:\/\/www.tgrthaber.com\/mavikadin\/wp-json\/wp\/v2\/comments?post=208885"}],"version-history":[{"count":2,"href":"https:\/\/www.tgrthaber.com\/mavikadin\/wp-json\/wp\/v2\/posts\/208885\/revisions"}],"predecessor-version":[{"id":208896,"href":"https:\/\/www.tgrthaber.com\/mavikadin\/wp-json\/wp\/v2\/posts\/208885\/revisions\/208896"}],"wp:featuredmedia":[{"embeddable":true,"href":"https:\/\/www.tgrthaber.com\/mavikadin\/wp-json\/wp\/v2\/media\/208887"}],"wp:attachment":[{"href":"https:\/\/www.tgrthaber.com\/mavikadin\/wp-json\/wp\/v2\/media?parent=208885"}],"wp:term":[{"taxonomy":"category","embeddable":true,"href":"https:\/\/www.tgrthaber.com\/mavikadin\/wp-json\/wp\/v2\/categories?post=208885"},{"taxonomy":"post_tag","embeddable":true,"href":"https:\/\/www.tgrthaber.com\/mavikadin\/wp-json\/wp\/v2\/tags?post=208885"}],"curies":[{"name":"wp","href":"https:\/\/api.w.org\/{rel}","templated":true}]}}