{"id":208904,"date":"2025-07-22T17:26:19","date_gmt":"2025-07-22T14:26:19","guid":{"rendered":"https:\/\/www.tgrthaber.com\/mavikadin\/?p=208904"},"modified":"2025-07-22T17:26:19","modified_gmt":"2025-07-22T14:26:19","slug":"cildinizi-sikilastiran-avokado-tarifi-2-gunde-bir-surerseniz","status":"publish","type":"post","link":"https:\/\/www.tgrthaber.com\/mavikadin\/cildinizi-sikilastiran-avokado-tarifi-2-gunde-bir-surerseniz\/","title":{"rendered":"Cildinizi s\u0131k\u0131la\u015ft\u0131ran avokado tarifi! 2 g\u00fcnde bir s\u00fcrerseniz"},"content":{"rendered":"<p>Hem do\u011fal hem g\u00fczel kokulu bir cilt maskesi yapmak istiyorsan\u0131z avokado tarifini denemelisiniz. Ciltte parlama etkisi yapan bu tarifi herkes rahatl\u0131kla kullanabilir.<\/p>\n<h3>C\u0130LD\u0130N\u0130Z\u0130 SIKILA\u015eTIRAN AVOKADO TAR\u0130F\u0130!<\/h3>\n<p>Cildiniz toparlanmaya ihtiya\u00e7 duyuyorsa ya da \u00f6zel bir g\u00fcnde \u0131\u015f\u0131ldamak istiyorsan\u0131z avokadolu maskeyi denemenizde fayda var.<\/p>\n<p><strong>E\u015fit Cilt Tonu \u0130\u00e7in Avokado Y\u00fcz Maskesi<\/strong><\/p>\n<p>\u0130kiye b\u00f6ld\u00fc\u011f\u00fcn\u00fcz avokadonun etli taraf\u0131n\u0131 \u00e7\u0131kar\u0131p kaseye koyun. \u0130ki yemek ka\u015f\u0131\u011f\u0131 bal ve iki \u00e7ay ka\u015f\u0131\u011f\u0131 limon ekleyin.<\/p>\n<p>Malzemeleri p\u00fcr\u00fczs\u00fcz hale getirin. Temizledi\u011finiz y\u00fcz\u00fcn\u00fcze uygulay\u0131n.<\/p>\n<p>Maskeyi y\u00fcz\u00fcn\u00fczde 20-25 dakika boyunca bekletin ve \u0131l\u0131k suyla durulay\u0131n.<\/p>\n<p>Kalan maskeyi cam kavanozda be\u015f g\u00fcn saklayabilirsiniz.<\/p>\n<p><img loading=\"lazy\" decoding=\"async\" class=\"alignnone size-full wp-image-208905\" src=\"https:\/\/www.tgrthaber.com\/mavikadin\/wp-content\/uploads\/avokado-5-1.png\" alt=\"\" width=\"1208\" height=\"680\" title=\"\" srcset=\"https:\/\/www.tgrthaber.com\/mavikadin\/wp-content\/uploads\/avokado-5-1.png 1208w, https:\/\/www.tgrthaber.com\/mavikadin\/wp-content\/uploads\/avokado-5-1-300x169.png 300w, https:\/\/www.tgrthaber.com\/mavikadin\/wp-content\/uploads\/avokado-5-1-1024x576.png 1024w, https:\/\/www.tgrthaber.com\/mavikadin\/wp-content\/uploads\/avokado-5-1-768x432.png 768w\" sizes=\"(max-width: 1208px) 100vw, 1208px\" \/><\/p>\n<hr \/>\n<p><strong>Parlayan Bir Cilt \u0130\u00e7in Avokado Y\u00fcz Maskesi<\/strong><\/p>\n<p>Yar\u0131m avokado, yar\u0131m muz ve yar\u0131m limonun suyunu kar\u0131\u015ft\u0131r\u0131p ezin.<\/p>\n<p>Bir yemek ka\u015f\u0131\u011f\u0131 saf bal ilave edin. Topaklanmas\u0131n\u0131 istemiyorsan\u0131z e\u011fer blender da kullanabilirsiniz. Temiz cildinize uygulay\u0131n ve 30 dakika bekletin. Ard\u0131ndan durulay\u0131n.<\/p>\n<h3>AVOKADONUN C\u0130LT \u0130\u00c7\u0130N 12 FAYDASI<\/h3>\n<p>1. Cildi Yo\u011fun Nemlendirir<br \/>\nA\u011f\u0131rl\u0131kl\u0131 omega-3 ve omega-6 ya\u011f asitlerinden meydana gelen avokado cilde dosttur.<br \/>\nAsitler cilt y\u00fczeyinde su tutma apasitesini art\u0131r\u0131r. Cildin esnek ve nemli olmas\u0131n\u0131 sa\u011flar.<\/p>\n<p><img loading=\"lazy\" decoding=\"async\" class=\"alignnone size-full wp-image-208906\" src=\"https:\/\/www.tgrthaber.com\/mavikadin\/wp-content\/uploads\/avokado-6.png\" alt=\"\" width=\"1208\" height=\"680\" title=\"\" srcset=\"https:\/\/www.tgrthaber.com\/mavikadin\/wp-content\/uploads\/avokado-6.png 1208w, https:\/\/www.tgrthaber.com\/mavikadin\/wp-content\/uploads\/avokado-6-300x169.png 300w, https:\/\/www.tgrthaber.com\/mavikadin\/wp-content\/uploads\/avokado-6-1024x576.png 1024w, https:\/\/www.tgrthaber.com\/mavikadin\/wp-content\/uploads\/avokado-6-768x432.png 768w\" sizes=\"(max-width: 1208px) 100vw, 1208px\" \/><\/p>\n<hr \/>\n<p>2. Serbest Radikallerden Korur<br \/>\nSerbest radikaller alkol ve di\u011fer etkenlerden kaynakl\u0131 molek\u00fcllerdir.<br \/>\nOksidatif hasara yol a\u00e7arak cilt h\u00fccrelerini tahrip eder ve ya\u015flanma belirtilerine ve cilt sa\u011fl\u0131\u011f\u0131n\u0131n bozulmas\u0131na yol a\u00e7arlar.<br \/>\nSerbest radikalleri n\u00f6tralize ederek cilt hasar\u0131n\u0131 azalt\u0131rlar.<\/p>\n<p><img loading=\"lazy\" decoding=\"async\" class=\"alignnone size-full wp-image-208907\" src=\"https:\/\/www.tgrthaber.com\/mavikadin\/wp-content\/uploads\/avokado-1-1.png\" alt=\"\" width=\"1208\" height=\"680\" title=\"\" srcset=\"https:\/\/www.tgrthaber.com\/mavikadin\/wp-content\/uploads\/avokado-1-1.png 1208w, https:\/\/www.tgrthaber.com\/mavikadin\/wp-content\/uploads\/avokado-1-1-300x169.png 300w, https:\/\/www.tgrthaber.com\/mavikadin\/wp-content\/uploads\/avokado-1-1-1024x576.png 1024w, https:\/\/www.tgrthaber.com\/mavikadin\/wp-content\/uploads\/avokado-1-1-768x432.png 768w\" sizes=\"(max-width: 1208px) 100vw, 1208px\" \/><\/p>\n<hr \/>\n<p>3. \u0130ltihab\u0131 Azalt\u0131r<br \/>\nCilt iltihab\u0131 ciltte kurulu\u011fa, k\u0131r\u0131\u015f\u0131kl\u0131\u011fa, akneye neden olur.<br \/>\nAvokadoda i\u00e7indeki Omega-3 ya\u011flar\u0131 g\u00fc\u00e7l\u00fc anti-inflamatuar \u00f6zelliklere sahipken, antioksidanlar iltihaplanmaya yol a\u00e7an oksidatif hasar\u0131 azaltmaya yard\u0131m eder.<\/p>\n<p>4. Cilt Bariyerini Korur<br \/>\nAvokadodaki lipitler anti-inflamatuar ajanlar cildi nemlendirir. Sa\u011fl\u0131kl\u0131 bir koruyucu cilt bariyeri, transepidermal su kayb\u0131n\u0131 ve erken ya\u015flanma belirtilerinin \u00f6n\u00fcne ge\u00e7er.<\/p>\n<p>5. G\u00fcne\u015f Hasar\u0131n\u0131 Azalt\u0131r<br \/>\nT\u00fcm cilt ya\u015flanma fakt\u00f6rleri aras\u0131nda en zararl\u0131 olan UV \u0131\u015f\u0131nlar\u0131d\u0131r.<br \/>\nCildin temel yap\u0131 ta\u015f\u0131 olan kolajenin par\u00e7alanmas\u0131na h\u0131z verirler. Cilt h\u00fccrelerinin DNA&#8217;s\u0131na zarar verir.<\/p>\n<p><img loading=\"lazy\" decoding=\"async\" class=\"alignnone size-full wp-image-208908\" src=\"https:\/\/www.tgrthaber.com\/mavikadin\/wp-content\/uploads\/avokado-4-1.png\" alt=\"\" width=\"1208\" height=\"680\" title=\"\" srcset=\"https:\/\/www.tgrthaber.com\/mavikadin\/wp-content\/uploads\/avokado-4-1.png 1208w, https:\/\/www.tgrthaber.com\/mavikadin\/wp-content\/uploads\/avokado-4-1-300x169.png 300w, https:\/\/www.tgrthaber.com\/mavikadin\/wp-content\/uploads\/avokado-4-1-1024x576.png 1024w, https:\/\/www.tgrthaber.com\/mavikadin\/wp-content\/uploads\/avokado-4-1-768x432.png 768w\" sizes=\"(max-width: 1208px) 100vw, 1208px\" \/><\/p>\n<hr \/>\n<p>6. Ya\u015flanma Belirtilerini Azalt\u0131r<br \/>\nCilde bir\u00e7ok i\u00e7 ve d\u0131\u015f etken k\u00f6t\u00fc etki yapabilir. Ciltteki ya\u015flanma belirtilerini en aza indirmek i\u00e7in avokadodan yararlanabilirsiniz.<\/p>\n<p>7. Esnekli\u011fi Art\u0131r\u0131r<br \/>\nAvokado t\u00fcketimi ve topikal uygulamas\u0131n\u0131n cilt elastikiyetini ve s\u0131k\u0131l\u0131\u011f\u0131n\u0131 art\u0131rmaya yard\u0131mc\u0131 oldu\u011funu g\u00f6stermi\u015ftir.<\/p>\n<p>8. Koyu Lekeleri Azalt\u0131r<br \/>\nAvokado cildi ayd\u0131nlat\u0131r. Avokado, C vitamini ve d\u00fczensiz, hiperpigmentli ciltler i\u00e7in en etkili bile\u015fenlerden biri olan niasinamid i\u00e7erir.<br \/>\nUV filtreleyici bile\u015fenleri, antioksidan koyu lekelerin olu\u015fumuna katk\u0131da bulunan g\u00fcne\u015f hasar\u0131n\u0131 azalt\u0131r.<\/p>\n<p>9. Sedef Hastal\u0131\u011f\u0131 ve Egzamaya \u0130yi Gelir<br \/>\nEgzama, sedef hastal\u0131\u011f\u0131, ka\u015f\u0131nt\u0131, k\u0131zar\u0131kl\u0131k ve \u00e7atlak cilt gibi rahats\u0131z edici semptomla seyreden yayg\u0131n cilt rahats\u0131zl\u0131klar\u0131d\u0131r<br \/>\nAvokadodaki y\u00fcksek lipit i\u00e7eri\u011fi iltihapl\u0131 cildi yat\u0131\u015ft\u0131rmaya yard\u0131mc\u0131 olur. Antioksidanlar h\u00fccreleri oksidatif stresten korur.<\/p>\n<p><img loading=\"lazy\" decoding=\"async\" class=\"alignnone size-full wp-image-208910\" src=\"https:\/\/www.tgrthaber.com\/mavikadin\/wp-content\/uploads\/avokado-2.png\" alt=\"\" width=\"1208\" height=\"680\" title=\"\" srcset=\"https:\/\/www.tgrthaber.com\/mavikadin\/wp-content\/uploads\/avokado-2.png 1208w, https:\/\/www.tgrthaber.com\/mavikadin\/wp-content\/uploads\/avokado-2-300x169.png 300w, https:\/\/www.tgrthaber.com\/mavikadin\/wp-content\/uploads\/avokado-2-1024x576.png 1024w, https:\/\/www.tgrthaber.com\/mavikadin\/wp-content\/uploads\/avokado-2-768x432.png 768w\" sizes=\"(max-width: 1208px) 100vw, 1208px\" \/><\/p>\n<hr \/>\n<p>10. \u00d6l\u00fc Deri H\u00fccrelerini Temizler<br \/>\n\u00d6l\u00fc deri h\u00fccrelerinin birikmesi, kuru ve sorunlu bir cilde yol a\u00e7ar.<br \/>\nAvokadoda bulunan antioksidanlar ve mineraller onu etkili bir peeling maddesine d\u00f6n\u00fc\u015ft\u00fcr\u00fcr.<\/p>\n<p>11. Sivilceleri Azaltabilir<br \/>\nAvokado peeling ve nemlendirici \u00f6zellikleri nedeniyle s\u0131k s\u0131k cilt i\u00e7in kullan\u0131l\u0131r.<br \/>\nAyn\u0131 zamanda y\u00fcksek lipit i\u00e7eri\u011fi avokadoyu komedojenik yapar.<br \/>\nBaz\u0131 akne hastalar\u0131na iyi gelebilen avokado baz\u0131 ki\u015filerde \u015fiddetli akneye neden olabilir.<br \/>\nAkne tipinize uygun \u00fcr\u00fcn ya da tedavi hakk\u0131nda cilt bak\u0131m uzman\u0131n\u0131za dan\u0131\u015fman\u0131zda fayda vard\u0131r.<\/p>\n<p>12. Genel Cilt Sa\u011fl\u0131\u011f\u0131n\u0131 Korur<br \/>\nCildinizin durumu \u00e7e\u015fitli fakt\u00f6rlere g\u00f6re de\u011fi\u015fir. Nem seviyesinden bariyer b\u00fct\u00fcnl\u00fc\u011f\u00fcne, kolajen ve elastin rezervleri, ya\u015fam tarz\u0131 al\u0131\u015fkanl\u0131klar\u0131, h\u00fccre yenilenmesi gibi durumlarda \u00f6zel bir cilt bak\u0131m rutini gerekebilir.<\/p>\n<p>Avokado, hem topikal hem de cildi g\u00fczelle\u015ftiren bile\u015fenleri sayesinde olduk\u00e7a besleyicidir.<\/p>\n<p>&nbsp;<\/p>\n","protected":false},"excerpt":{"rendered":"<p>Cildi s\u0131k\u0131la\u015ft\u0131ran avokado tarifini 2 g\u00fcnde bir s\u00fcrerseniz fark\u0131 g\u00f6receksiniz. Cildi do\u011fal olarak parlatan bu tarifi mutlaka denemelisiniz.<\/p>\n","protected":false},"author":5,"featured_media":208911,"comment_status":"closed","ping_status":"closed","sticky":false,"template":"","format":"standard","meta":{"rank_math_lock_modified_date":false,"footnotes":""},"categories":[95],"tags":[1494,15082,22185,106],"class_list":["post-208904","post","type-post","status-publish","format-standard","has-post-thumbnail","hentry","category-guzellik","tag-avokado","tag-bakim","tag-cilt-bakim","tag-guzellik"],"_links":{"self":[{"href":"https:\/\/www.tgrthaber.com\/mavikadin\/wp-json\/wp\/v2\/posts\/208904"}],"collection":[{"href":"https:\/\/www.tgrthaber.com\/mavikadin\/wp-json\/wp\/v2\/posts"}],"about":[{"href":"https:\/\/www.tgrthaber.com\/mavikadin\/wp-json\/wp\/v2\/types\/post"}],"author":[{"embeddable":true,"href":"https:\/\/www.tgrthaber.com\/mavikadin\/wp-json\/wp\/v2\/users\/5"}],"replies":[{"embeddable":true,"href":"https:\/\/www.tgrthaber.com\/mavikadin\/wp-json\/wp\/v2\/comments?post=208904"}],"version-history":[{"count":1,"href":"https:\/\/www.tgrthaber.com\/mavikadin\/wp-json\/wp\/v2\/posts\/208904\/revisions"}],"predecessor-version":[{"id":208912,"href":"https:\/\/www.tgrthaber.com\/mavikadin\/wp-json\/wp\/v2\/posts\/208904\/revisions\/208912"}],"wp:featuredmedia":[{"embeddable":true,"href":"https:\/\/www.tgrthaber.com\/mavikadin\/wp-json\/wp\/v2\/media\/208911"}],"wp:attachment":[{"href":"https:\/\/www.tgrthaber.com\/mavikadin\/wp-json\/wp\/v2\/media?parent=208904"}],"wp:term":[{"taxonomy":"category","embeddable":true,"href":"https:\/\/www.tgrthaber.com\/mavikadin\/wp-json\/wp\/v2\/categories?post=208904"},{"taxonomy":"post_tag","embeddable":true,"href":"https:\/\/www.tgrthaber.com\/mavikadin\/wp-json\/wp\/v2\/tags?post=208904"}],"curies":[{"name":"wp","href":"https:\/\/api.w.org\/{rel}","templated":true}]}}