{"id":208949,"date":"2025-07-22T18:37:08","date_gmt":"2025-07-22T15:37:08","guid":{"rendered":"https:\/\/www.tgrthaber.com\/mavikadin\/?p=208949"},"modified":"2025-07-22T18:37:07","modified_gmt":"2025-07-22T15:37:07","slug":"avatar-3-ates-ve-kul-ne-zaman-cikacak-avatar-3-ates-ve-kul-konusu-ne-olacak","status":"publish","type":"post","link":"https:\/\/www.tgrthaber.com\/mavikadin\/avatar-3-ates-ve-kul-ne-zaman-cikacak-avatar-3-ates-ve-kul-konusu-ne-olacak\/","title":{"rendered":"Avatar 3 Ate\u015f ve K\u00fcl ne zaman \u00e7\u0131kacak? Avatar 3 Ate\u015f ve k\u00fcl konusu ne olacak?"},"content":{"rendered":"<p>James Cameron imzal\u0131 bilim kurgu serisi Avatar, \u00fc\u00e7\u00fcnc\u00fc filmle sinema d\u00fcnyas\u0131na geri d\u00f6n\u00fcyor. Serinin yeni filmi Avatar: Fire and Ash (Ate\u015f ve K\u00fcl) i\u00e7in ilk resmi afi\u015f yay\u0131nland\u0131 ve vizyon tarihi netle\u015fti. Peki Avatar 3 ne zaman \u00e7\u0131kacak? Fragman ne zaman yay\u0131nlanacak? \u0130\u015fte yeni filmle ilgili t\u00fcm detaylar\u2026<\/p>\n<h3>AVATAR 3 ATE\u015e VE K\u00dcL NE ZAMAN \u00c7IKACAK?<\/h3>\n<p>2009\u2019da yay\u0131nlanan ilk film ve 2022\u2019de vizyona giren Avatar: The Way of Water\u2019\u0131n ard\u0131ndan serinin \u00fc\u00e7\u00fcnc\u00fc filmi Avatar: Fire and Ash, 19 Aral\u0131k 2025 tarihinde vizyona girecek. Film, IMAX 1.85:1 format\u0131nda, y\u00fcksek \u00e7\u00f6z\u00fcn\u00fcrl\u00fckte ve 3D teknolojisiyle g\u00f6sterime girecek.<\/p>\n<p><img loading=\"lazy\" decoding=\"async\" class=\"alignnone size-full wp-image-208956\" src=\"https:\/\/www.tgrthaber.com\/mavikadin\/wp-content\/uploads\/4-1309.png\" alt=\"\" width=\"1208\" height=\"680\" title=\"\" srcset=\"https:\/\/www.tgrthaber.com\/mavikadin\/wp-content\/uploads\/4-1309.png 1208w, https:\/\/www.tgrthaber.com\/mavikadin\/wp-content\/uploads\/4-1309-300x169.png 300w, https:\/\/www.tgrthaber.com\/mavikadin\/wp-content\/uploads\/4-1309-1024x576.png 1024w, https:\/\/www.tgrthaber.com\/mavikadin\/wp-content\/uploads\/4-1309-768x432.png 768w\" sizes=\"(max-width: 1208px) 100vw, 1208px\" \/><\/p>\n<hr \/>\n<h3>AVATAR 3&#8217;\u00dcN KONUSU NE OLACAK?<\/h3>\n<p>Yeni film, Pandora gezegeninin daha \u00f6nce hi\u00e7 ke\u015ffedilmemi\u015f bir b\u00f6lgesine odaklan\u0131yor. Bu kez su halk\u0131 de\u011fil, ate\u015f temelli \u201cAsh People\u201d (K\u00fcl Halk\u0131) ile tan\u0131\u015faca\u011f\u0131z. Avatar 3, ilk kez Na\u2019viler aras\u0131nda ya\u015fanacak b\u00fcy\u00fck bir i\u00e7 \u00e7at\u0131\u015fmay\u0131 i\u015fliyor. \u0130nsanlar\u0131n d\u0131\u015f\u0131nda, Pandora\u2019n\u0131n kendi i\u00e7 dinamikleri ve sava\u015flar\u0131 bu filmde \u00f6n plana \u00e7\u0131kacak.<\/p>\n<p><img loading=\"lazy\" decoding=\"async\" class=\"alignnone size-full wp-image-208957\" src=\"https:\/\/www.tgrthaber.com\/mavikadin\/wp-content\/uploads\/5-853.png\" alt=\"\" width=\"1208\" height=\"680\" title=\"\" srcset=\"https:\/\/www.tgrthaber.com\/mavikadin\/wp-content\/uploads\/5-853.png 1208w, https:\/\/www.tgrthaber.com\/mavikadin\/wp-content\/uploads\/5-853-300x169.png 300w, https:\/\/www.tgrthaber.com\/mavikadin\/wp-content\/uploads\/5-853-1024x576.png 1024w, https:\/\/www.tgrthaber.com\/mavikadin\/wp-content\/uploads\/5-853-768x432.png 768w\" sizes=\"(max-width: 1208px) 100vw, 1208px\" \/><\/p>\n<hr \/>\n<p>Filmin k\u00f6t\u00fc karakteri Varang, Ash People\u2019\u0131n lideri olarak tan\u0131t\u0131l\u0131yor ve karaktere Game of Thrones dizisinden tan\u0131d\u0131\u011f\u0131m\u0131z Oona Chaplin hayat veriyor.<\/p>\n<p><img loading=\"lazy\" decoding=\"async\" class=\"alignnone size-full wp-image-208952\" src=\"https:\/\/www.tgrthaber.com\/mavikadin\/wp-content\/uploads\/1-1531.png\" alt=\"\" width=\"1208\" height=\"680\" title=\"\" srcset=\"https:\/\/www.tgrthaber.com\/mavikadin\/wp-content\/uploads\/1-1531.png 1208w, https:\/\/www.tgrthaber.com\/mavikadin\/wp-content\/uploads\/1-1531-300x169.png 300w, https:\/\/www.tgrthaber.com\/mavikadin\/wp-content\/uploads\/1-1531-1024x576.png 1024w, https:\/\/www.tgrthaber.com\/mavikadin\/wp-content\/uploads\/1-1531-768x432.png 768w\" sizes=\"(max-width: 1208px) 100vw, 1208px\" \/><\/p>\n<hr \/>\n<h3>AVATAR ATE\u015e VE K\u00dcL AF\u0130\u015e\u0130 YAYINLANDI MI?<\/h3>\n<p>Yay\u0131nlanan ilk afi\u015fte, Varang karakteri \u00f6n planda. K\u0131z\u0131l ve siyah tonlar\u0131n hakim oldu\u011fu tasar\u0131m, serinin bu filmde \u00e7ok daha karanl\u0131k bir atmosferde ilerleyece\u011fini g\u00f6steriyor. Pandora\u2019n\u0131n al\u0131\u015f\u0131k oldu\u011fumuz mavi-ye\u015fil do\u011fas\u0131n\u0131n yerini, k\u00fcl, lav ve ate\u015fin ald\u0131\u011f\u0131 bir evren bizleri bekliyor.<\/p>\n<p><img loading=\"lazy\" decoding=\"async\" class=\"alignnone size-full wp-image-208958\" src=\"https:\/\/www.tgrthaber.com\/mavikadin\/wp-content\/uploads\/6-375.png\" alt=\"\" width=\"1208\" height=\"680\" title=\"\" srcset=\"https:\/\/www.tgrthaber.com\/mavikadin\/wp-content\/uploads\/6-375.png 1208w, https:\/\/www.tgrthaber.com\/mavikadin\/wp-content\/uploads\/6-375-300x169.png 300w, https:\/\/www.tgrthaber.com\/mavikadin\/wp-content\/uploads\/6-375-1024x576.png 1024w, https:\/\/www.tgrthaber.com\/mavikadin\/wp-content\/uploads\/6-375-768x432.png 768w\" sizes=\"(max-width: 1208px) 100vw, 1208px\" \/><\/p>\n<hr \/>\n<h3>AVATAR 3 FRAGMANI NE ZAMAN YAYINLANACAK?<\/h3>\n<p>Resmi a\u00e7\u0131klamaya g\u00f6re Avatar: Fire and Ash fragman\u0131, ilk olarak The Fantastic Four: First Steps filminin sinema g\u00f6steriminden \u00f6nce yay\u0131nlanacak. Fragman\u0131n dijital platformlara ne zaman y\u00fcklenece\u011fi hen\u00fcz belli de\u011fil, ancak ilk etapta yaln\u0131zca sinema salonlar\u0131nda 3D format\u0131nda izlenebilecek.<\/p>\n<p><img loading=\"lazy\" decoding=\"async\" class=\"alignnone size-full wp-image-208955\" src=\"https:\/\/www.tgrthaber.com\/mavikadin\/wp-content\/uploads\/3-1569.png\" alt=\"\" width=\"1208\" height=\"680\" title=\"\" srcset=\"https:\/\/www.tgrthaber.com\/mavikadin\/wp-content\/uploads\/3-1569.png 1208w, https:\/\/www.tgrthaber.com\/mavikadin\/wp-content\/uploads\/3-1569-300x169.png 300w, https:\/\/www.tgrthaber.com\/mavikadin\/wp-content\/uploads\/3-1569-1024x576.png 1024w, https:\/\/www.tgrthaber.com\/mavikadin\/wp-content\/uploads\/3-1569-768x432.png 768w\" sizes=\"(max-width: 1208px) 100vw, 1208px\" \/><\/p>\n<hr \/>\n<h3>JAKE VE NEYT\u0130R\u0130 GER\u0130 D\u00d6N\u00dcYOR<\/h3>\n<p>\u00dc\u00e7\u00fcnc\u00fc filmde de Sam Worthington (Jake Sully) ve Zoe Salda\u00f1a (Neytiri) ba\u015frollerde yer al\u0131yor. Ancak bu kez ikili, sadece insan tehdidine kar\u015f\u0131 de\u011fil, kendi topluluklar\u0131 i\u00e7inde do\u011fan karma\u015f\u0131k bir sava\u015f\u0131n da merkezinde yer alacak.<\/p>\n","protected":false},"excerpt":{"rendered":"<p>James Cameron\u2019un y\u0131llard\u0131r merakla beklenen \u00fc\u00e7\u00fcnc\u00fc Avatar filmi i\u00e7in ilk resmi ad\u0131m at\u0131ld\u0131. \u201cAvatar: Fire and Ash\u201d (Ate\u015f ve K\u00fcl) ismiyle duyurulan film, hem konusu hem de g\u00f6rsel d\u00fcnyas\u0131yla dikkat \u00e7ekiyor. Yay\u0131nlanan afi\u015fin ard\u0131ndan vizyon tarihi de netle\u015fti. \u0130\u015fte Avatar 3 hakk\u0131nda bilinen her \u015fey\u2026<\/p>\n","protected":false},"author":28,"featured_media":208954,"comment_status":"closed","ping_status":"closed","sticky":false,"template":"","format":"standard","meta":{"rank_math_lock_modified_date":true,"footnotes":""},"categories":[602],"tags":[29125,29126,29128,29127,2218],"class_list":["post-208949","post","type-post","status-publish","format-standard","has-post-thumbnail","hentry","category-diziler","tag-avatar-3","tag-avatar-3-ates-ve-kul","tag-avatar-3-ates-ve-kul-fragman","tag-avatar-3-ates-ve-kul-ne-zaman","tag-magazin-haberleri"],"_links":{"self":[{"href":"https:\/\/www.tgrthaber.com\/mavikadin\/wp-json\/wp\/v2\/posts\/208949"}],"collection":[{"href":"https:\/\/www.tgrthaber.com\/mavikadin\/wp-json\/wp\/v2\/posts"}],"about":[{"href":"https:\/\/www.tgrthaber.com\/mavikadin\/wp-json\/wp\/v2\/types\/post"}],"author":[{"embeddable":true,"href":"https:\/\/www.tgrthaber.com\/mavikadin\/wp-json\/wp\/v2\/users\/28"}],"replies":[{"embeddable":true,"href":"https:\/\/www.tgrthaber.com\/mavikadin\/wp-json\/wp\/v2\/comments?post=208949"}],"version-history":[{"count":2,"href":"https:\/\/www.tgrthaber.com\/mavikadin\/wp-json\/wp\/v2\/posts\/208949\/revisions"}],"predecessor-version":[{"id":208966,"href":"https:\/\/www.tgrthaber.com\/mavikadin\/wp-json\/wp\/v2\/posts\/208949\/revisions\/208966"}],"wp:featuredmedia":[{"embeddable":true,"href":"https:\/\/www.tgrthaber.com\/mavikadin\/wp-json\/wp\/v2\/media\/208954"}],"wp:attachment":[{"href":"https:\/\/www.tgrthaber.com\/mavikadin\/wp-json\/wp\/v2\/media?parent=208949"}],"wp:term":[{"taxonomy":"category","embeddable":true,"href":"https:\/\/www.tgrthaber.com\/mavikadin\/wp-json\/wp\/v2\/categories?post=208949"},{"taxonomy":"post_tag","embeddable":true,"href":"https:\/\/www.tgrthaber.com\/mavikadin\/wp-json\/wp\/v2\/tags?post=208949"}],"curies":[{"name":"wp","href":"https:\/\/api.w.org\/{rel}","templated":true}]}}