{"id":209028,"date":"2025-07-22T22:03:08","date_gmt":"2025-07-22T19:03:08","guid":{"rendered":"https:\/\/www.tgrthaber.com\/mavikadin\/?p=209028"},"modified":"2025-07-22T22:03:08","modified_gmt":"2025-07-22T19:03:08","slug":"masterchefe-veda-eden-rukiye-kimdir-kac-yasinda-rukiye-ozturk-masterchef-turkiyeden-neden-ayrildi","status":"publish","type":"post","link":"https:\/\/www.tgrthaber.com\/mavikadin\/masterchefe-veda-eden-rukiye-kimdir-kac-yasinda-rukiye-ozturk-masterchef-turkiyeden-neden-ayrildi\/","title":{"rendered":"MasterChef&#8217;e veda eden Rukiye kimdir ka\u00e7 ya\u015f\u0131nda? Rukiye \u00d6zt\u00fcrk MasterChef T\u00fcrkiye&#8217;den neden ayr\u0131ld\u0131?"},"content":{"rendered":"<p>MasterChef T\u00fcrkiye 2025 sezonu, her b\u00f6l\u00fcmde izleyicileri ekranlara kitlemeyi ba\u015far\u0131yor. 22 Temmuz gecesi ya\u015fananlar ise \u015fefler ba\u015fta olmak \u00fczere, ekran ba\u015f\u0131ndakiler de adeta \u015foka soktu. Yar\u0131\u015fmadan kendi iste\u011fi ile ayr\u0131lmak istedi\u011fini s\u00f6yleyen Rukiye \u00d6zt\u00fcrk, bir anda sosyal medyan\u0131n en \u00e7ok konu\u015fulan ismi oldu. Rukiye \u00d6zt\u00fcrk&#8217;\u00fcn yar\u0131\u015fmay\u0131 b\u0131rakmas\u0131n\u0131n hemen ard\u0131ndan, &#8216;Rukiye \u00d6zt\u00fcrk kimdir, ka\u00e7 ya\u015f\u0131nda?&#8217;, &#8216;Rukiye \u00d6zt\u00fcrk ne i\u015f yap\u0131yor?&#8217;, &#8216;MasterChef Rukiye neden yar\u0131\u015fmadan ayr\u0131ld\u0131?&#8217; tarz\u0131nda sorular arama trendlerinde yerini ald\u0131. Peki MasterChef Rukiye \u00d6zt\u00fcrk kimdir, neden MasterChef&#8217;e veda etti? Rukiye \u00d6zt\u00fcrk MasterChef&#8217;ten elendi mi? \u0130\u015fte merak edilen t\u00fcm sorular\u0131n cevaplar\u0131&#8230;<\/p>\n<h3>MASTERCHEF&#8217;E VEDA EDEN RUK\u0130YE K\u0130MD\u0130R KA\u00c7 YA\u015eINDA?<\/h3>\n<p>MasterChef T\u00fcrkiye 2025 sezonunun dikkat \u00e7eken yar\u0131\u015fmac\u0131lar\u0131ndan olan Rukiye \u00d6zt\u00fcrk Kastamonulu. MasterChef Rukiye Kastamonu&#8217;nun Abana il\u00e7esinde ya\u015f\u0131yor.<\/p>\n<p><img loading=\"lazy\" decoding=\"async\" class=\"alignnone wp-image-209021\" src=\"https:\/\/www.tgrthaber.com\/mavikadin\/wp-content\/uploads\/haber-737313-300x169.webp\" alt=\"\" width=\"1208\" height=\"680\" title=\"\" srcset=\"https:\/\/www.tgrthaber.com\/mavikadin\/wp-content\/uploads\/haber-737313-300x169.webp 300w, https:\/\/www.tgrthaber.com\/mavikadin\/wp-content\/uploads\/haber-737313-1024x576.webp 1024w, https:\/\/www.tgrthaber.com\/mavikadin\/wp-content\/uploads\/haber-737313-768x432.webp 768w, https:\/\/www.tgrthaber.com\/mavikadin\/wp-content\/uploads\/haber-737313.webp 1280w\" sizes=\"(max-width: 1208px) 100vw, 1208px\" \/><\/p>\n<hr \/>\n<p>27 ya\u015f\u0131nda olan Rukiye \u00d6zt\u00fcrk, profesyonel bir a\u015f\u00e7\u0131. Ayn\u0131 zmanda bir kafenin i\u015fletmeli\u011fini de yapt\u0131\u011f\u0131 bilinen Rukiye \u00d6zt\u00fcrk, mutfakta ge\u00e7irdi\u011fi t\u00fcm eme\u011fi ve birikimi MasterChef&#8217;e ta\u015f\u0131m\u0131\u015f bir isim olark \u00f6ne \u00e7\u0131k\u0131yor. MasterChef 2025 kadrosunda yedeklerde yar\u0131\u015fan Rukiye \u00d6zt\u00fcrk, mutfaktaki sakinli\u011fi ve disiplinli \u00e7al\u0131\u015fmas\u0131yla k\u0131sa s\u00fcrede izleyicinin ve \u015feflerin dikkatini \u00e7ekmi\u015fti.<\/p>\n<p><img loading=\"lazy\" decoding=\"async\" class=\"alignnone wp-image-209045\" src=\"https:\/\/www.tgrthaber.com\/mavikadin\/wp-content\/uploads\/687d73c6d34e5a8273a0684e-300x170.webp\" alt=\"\" width=\"1208\" height=\"683\" title=\"\" srcset=\"https:\/\/www.tgrthaber.com\/mavikadin\/wp-content\/uploads\/687d73c6d34e5a8273a0684e-300x170.webp 300w, https:\/\/www.tgrthaber.com\/mavikadin\/wp-content\/uploads\/687d73c6d34e5a8273a0684e-768x434.webp 768w, https:\/\/www.tgrthaber.com\/mavikadin\/wp-content\/uploads\/687d73c6d34e5a8273a0684e.webp 800w\" sizes=\"(max-width: 1208px) 100vw, 1208px\" \/><\/p>\n<hr \/>\n<h3>RUK\u0130YE \u00d6ZT\u00dcRK MASTERCHEF&#8217;TEN NEDEN AYRILDI?<\/h3>\n<p>Zorlu eleme etaplar\u0131n\u0131 atlatan Rukiye \u00d6zt\u00fcrk, MasterChef T\u00fcrkiye&#8217;ye 22 Temmuz 2025&#8217;te yay\u0131nlanan b\u00f6l\u00fcmle veda etti. Herkesi \u015fa\u015fk\u0131na \u00e7eviren karar sonras\u0131 \u00f6nl\u00fc\u011f\u00fcn\u00fc \u00e7\u0131kar\u0131p st\u00fcdyoyu terk eden Rukiye, &#8216;Bazen pes etmek laz\u0131m&#8217; diyerek ekranlara damga vurdu.<\/p>\n<p><img loading=\"lazy\" decoding=\"async\" class=\"alignnone wp-image-209046\" src=\"https:\/\/www.tgrthaber.com\/mavikadin\/wp-content\/uploads\/1752767983-300x169.webp\" alt=\"\" width=\"1208\" height=\"680\" title=\"\" srcset=\"https:\/\/www.tgrthaber.com\/mavikadin\/wp-content\/uploads\/1752767983-300x169.webp 300w, https:\/\/www.tgrthaber.com\/mavikadin\/wp-content\/uploads\/1752767983-768x432.webp 768w, https:\/\/www.tgrthaber.com\/mavikadin\/wp-content\/uploads\/1752767983.webp 800w\" sizes=\"(max-width: 1208px) 100vw, 1208px\" \/><\/p>\n<hr \/>\n<p>Rukiye \u00d6zt\u00fcrk, MasterChef yolculu\u011funa \u015fu s\u00f6zlerle veda etti, &#8216;Ben buraya gelirken bir hedefim vard\u0131, oda yukar\u0131 \u00e7\u0131kmak. 5 kere yar\u0131\u015ft\u0131\u011f\u0131m halde hala ana kadroya giremedim. Benim kendime bir s\u00f6z\u00fcm vard\u0131. \u015eimdi onu ger\u00e7ekle\u015ftirmem gerek. Bazen pes etmek gerekiyor. Olmay\u0131nca olmuyor. Hepinize te\u015fekk\u00fcr ediyorum ama art\u0131k devam etmek istemiyorum.&#8217; Rukiye \u00d6zt\u00fcrk duygusal bir kararla kendi iste\u011fiyle b\u00f6ylece MasterChef T\u00fcrkiye 2025 sezonuna veda eden isim oldu.<\/p>\n<p><img loading=\"lazy\" decoding=\"async\" class=\"alignnone wp-image-209047\" src=\"https:\/\/www.tgrthaber.com\/mavikadin\/wp-content\/uploads\/22-temmuz-2025-masterchef-ana-kadroya-giren-10-isim-kim-oldu-17531583362453-1-300x169.jpg\" alt=\"\" width=\"1208\" height=\"680\" title=\"\" srcset=\"https:\/\/www.tgrthaber.com\/mavikadin\/wp-content\/uploads\/22-temmuz-2025-masterchef-ana-kadroya-giren-10-isim-kim-oldu-17531583362453-1-300x169.jpg 300w, https:\/\/www.tgrthaber.com\/mavikadin\/wp-content\/uploads\/22-temmuz-2025-masterchef-ana-kadroya-giren-10-isim-kim-oldu-17531583362453-1-1024x576.jpg 1024w, https:\/\/www.tgrthaber.com\/mavikadin\/wp-content\/uploads\/22-temmuz-2025-masterchef-ana-kadroya-giren-10-isim-kim-oldu-17531583362453-1-768x432.jpg 768w, https:\/\/www.tgrthaber.com\/mavikadin\/wp-content\/uploads\/22-temmuz-2025-masterchef-ana-kadroya-giren-10-isim-kim-oldu-17531583362453-1.jpg 1280w\" sizes=\"(max-width: 1208px) 100vw, 1208px\" \/><\/p>\n<hr \/>\n<h3>MASTERCHEF T\u00dcRK\u0130YE SER\u00dcVEN\u0130 KISA S\u00dcRD\u00dc<\/h3>\n<p>Rukiye \u00d6zt\u00fcrk&#8217;\u00fcn, ilk turda kuzu pirzola, barbek\u00fc soslu bulgur pilav\u0131 ve garnit\u00fcr e\u015fli\u011finde g\u00fczel bir sunumla haz\u0131rlad\u0131\u011f\u0131 taba\u011f\u0131, \u015feflerden evet oyu alm\u0131\u015f ve Rukiye \u00d6zt\u00fcrk ikinci tura ge\u00e7mi\u015fti.<\/p>\n<p><img loading=\"lazy\" decoding=\"async\" class=\"alignnone wp-image-209022\" src=\"https:\/\/www.tgrthaber.com\/mavikadin\/wp-content\/uploads\/68793671de416d36a62a8a3a-300x169.webp\" alt=\"\" width=\"1208\" height=\"679\" title=\"\" srcset=\"https:\/\/www.tgrthaber.com\/mavikadin\/wp-content\/uploads\/68793671de416d36a62a8a3a-300x169.webp 300w, https:\/\/www.tgrthaber.com\/mavikadin\/wp-content\/uploads\/68793671de416d36a62a8a3a.webp 740w\" sizes=\"(max-width: 1208px) 100vw, 1208px\" \/><\/p>\n<hr \/>\n<p>K\u00f6pe\u011fi Alex&#8217;e olan d\u00fc\u015fk\u00fcnl\u00fc\u011f\u00fc ile de tan\u0131nan Rukiye \u00d6zt\u00fcrk, k\u00f6pe\u011fiyle konu\u015farak, selam g\u00f6ndermeyi ihmal etmemi\u015f, o anlar ise sosyal medyada \u00e7ok konu\u015fulmu\u015ftu.<\/p>\n","protected":false},"excerpt":{"rendered":"<p>MasterChef T\u00fcrkiye 2025&#8217;te ya\u015fanan bir veda herkesi \u015fa\u015f\u0131rtt\u0131. Yedek yar\u0131\u015fmac\u0131larda yar\u0131\u015fan Rukiye \u00d6zt\u00fcrk&#8217;\u00fcn bu ani vedas\u0131 sonras\u0131 sosyal medya kullan\u0131c\u0131lar\u0131 &#8216;MasterChef Rukiye kimdir, ka\u00e7 ya\u015f\u0131nda?&#8217; &#8216;Rukiye \u00d6zt\u00fcrk neden MasterChef&#8217;e veda etti?&#8217; tarz\u0131nda sorular\u0131n pe\u015fine d\u00fc\u015ft\u00fc. Peki MasterChef T\u00fcrkiye 2025 sezonunda yar\u0131\u015fan Rukiye \u00d6zt\u00fcrk kimdir, ka\u00e7 ya\u015f\u0131nda? Rukiye \u00d6zt\u00fcrk MasterChef&#8217;e neden veda etti? \u0130\u015fte merak edilen t\u00fcm detaylar&#8230;<\/p>\n","protected":false},"author":35,"featured_media":209048,"comment_status":"closed","ping_status":"closed","sticky":false,"template":"","format":"standard","meta":{"rank_math_lock_modified_date":false,"footnotes":""},"categories":[491],"tags":[3374,1120,29146,23930,29145,29147],"class_list":["post-209028","post","type-post","status-publish","format-standard","has-post-thumbnail","hentry","category-biyografi","tag-biyografi","tag-masterchef","tag-masterchef-rukiye-neden-ayrildi","tag-masterchef-turkiye-2025","tag-rukiye-ozturk","tag-rukiye-ozturk-kimdir"],"_links":{"self":[{"href":"https:\/\/www.tgrthaber.com\/mavikadin\/wp-json\/wp\/v2\/posts\/209028"}],"collection":[{"href":"https:\/\/www.tgrthaber.com\/mavikadin\/wp-json\/wp\/v2\/posts"}],"about":[{"href":"https:\/\/www.tgrthaber.com\/mavikadin\/wp-json\/wp\/v2\/types\/post"}],"author":[{"embeddable":true,"href":"https:\/\/www.tgrthaber.com\/mavikadin\/wp-json\/wp\/v2\/users\/35"}],"replies":[{"embeddable":true,"href":"https:\/\/www.tgrthaber.com\/mavikadin\/wp-json\/wp\/v2\/comments?post=209028"}],"version-history":[{"count":1,"href":"https:\/\/www.tgrthaber.com\/mavikadin\/wp-json\/wp\/v2\/posts\/209028\/revisions"}],"predecessor-version":[{"id":209049,"href":"https:\/\/www.tgrthaber.com\/mavikadin\/wp-json\/wp\/v2\/posts\/209028\/revisions\/209049"}],"wp:featuredmedia":[{"embeddable":true,"href":"https:\/\/www.tgrthaber.com\/mavikadin\/wp-json\/wp\/v2\/media\/209048"}],"wp:attachment":[{"href":"https:\/\/www.tgrthaber.com\/mavikadin\/wp-json\/wp\/v2\/media?parent=209028"}],"wp:term":[{"taxonomy":"category","embeddable":true,"href":"https:\/\/www.tgrthaber.com\/mavikadin\/wp-json\/wp\/v2\/categories?post=209028"},{"taxonomy":"post_tag","embeddable":true,"href":"https:\/\/www.tgrthaber.com\/mavikadin\/wp-json\/wp\/v2\/tags?post=209028"}],"curies":[{"name":"wp","href":"https:\/\/api.w.org\/{rel}","templated":true}]}}