{"id":209061,"date":"2025-07-22T23:01:12","date_gmt":"2025-07-22T20:01:12","guid":{"rendered":"https:\/\/www.tgrthaber.com\/mavikadin\/?p=209061"},"modified":"2025-07-22T23:01:12","modified_gmt":"2025-07-22T20:01:12","slug":"haevy-metal-yildizi-ozzy-osbourne-kimdir-neden-oldu","status":"publish","type":"post","link":"https:\/\/www.tgrthaber.com\/mavikadin\/haevy-metal-yildizi-ozzy-osbourne-kimdir-neden-oldu\/","title":{"rendered":"Haevy metal y\u0131ld\u0131z\u0131 Ozzy Osbourne kimdir? Neden \u00f6ld\u00fc?"},"content":{"rendered":"<p>Rock d\u00fcnyas\u0131na ad\u0131n\u0131 yazd\u0131ran ve s\u00f6ylemleriyle dikkat \u00e7eken Ozzy Osbourne \u00f6l\u00fcm\u00fcyle hayat\u0131na dair bir\u00e7ok \u015fey merak konusu oldu. \u00dcnl\u00fc solistin m\u00fczik kariyerinden aile ya\u015fant\u0131s\u0131na grubu Black Sabbath nas\u0131l kat\u0131ld\u0131\u011f\u0131, konserlere neden bir s\u00fcre ara verdi\u011fi ve hastal\u0131\u011f\u0131n\u0131n ne oldu\u011fu ara\u015ft\u0131r\u0131l\u0131yor. Peki, Ozzy Osbourne kimdir? Neden \u00f6ld\u00fc?<\/p>\n<h3>OZZY OSBOURNE K\u0130MD\u0130R?<\/h3>\n<p>3 Aral\u0131k 1948 y\u0131l\u0131nda Ozzy Osbourne, \u0130ngiltere&#8217;nin Birmingham, Aston \u015fehrinde b\u00fcy\u00fcd\u00fc. \u0130ngiltere\u2019nin sava\u015f d\u00f6neminde d\u00fcnyaya gelen Ozzy Osbourne \u00e7ocukluk y\u0131llar\u0131n\u0131 yoksulluklarla ge\u00e7irdi. Ozzy, Aston&#8217;da bir fabrikada \u00e7al\u0131\u015farak b\u00fcy\u00fcd\u00fc. \u00dcnl\u00fc solist o d\u00f6nemde hem \u00e7al\u0131\u015ft\u0131 hem de okulunu okumaya devam etti. Pes etmeden ya\u015fama tutunmaya \u00e7al\u0131\u015ft\u0131. 11 ya\u015f\u0131ndayken iki erkek \u00e7ocuk taraf\u0131ndan defalarca cinsel istismara u\u011frad\u0131. 2003&#8217;te Mirror&#8217;a verdi\u011fi r\u00f6portajda, &#8220;Korkun\u00e7tu&#8230; Sonsuza dek s\u00fcrecek gibiydi,&#8221; c\u00fcmleleriyle a\u00e7\u0131klam\u0131\u015ft\u0131. \u00dcnl\u00fc solist, h\u0131rs\u0131zl\u0131ktan da hapse at\u0131lm\u0131\u015ft\u0131. 2014&#8217;te, &#8220;Hi\u00e7 beceremedim. Lanet olas\u0131ca i\u015fe yaramaz,&#8221; diye itiraf etmi\u015fti.<\/p>\n<p><img loading=\"lazy\" decoding=\"async\" class=\"alignnone wp-image-209057 size-full\" src=\"https:\/\/www.tgrthaber.com\/mavikadin\/wp-content\/uploads\/Adsiz-tasarim-21-47.jpg\" alt=\"\" width=\"1208\" height=\"680\" title=\"\" srcset=\"https:\/\/www.tgrthaber.com\/mavikadin\/wp-content\/uploads\/Adsiz-tasarim-21-47.jpg 1208w, https:\/\/www.tgrthaber.com\/mavikadin\/wp-content\/uploads\/Adsiz-tasarim-21-47-300x169.jpg 300w, https:\/\/www.tgrthaber.com\/mavikadin\/wp-content\/uploads\/Adsiz-tasarim-21-47-1024x576.jpg 1024w, https:\/\/www.tgrthaber.com\/mavikadin\/wp-content\/uploads\/Adsiz-tasarim-21-47-768x432.jpg 768w\" sizes=\"(max-width: 1208px) 100vw, 1208px\" \/><\/p>\n<hr \/>\n<h3>OZZY OSBOURNE KAR\u0130YER\u0130<\/h3>\n<p>Ozzy Osbourne, ya\u015fad\u0131\u011f\u0131 zorluklar\u0131 anlatan s\u00f6zler yazmaya ba\u015flad\u0131 ve bunlar\u0131 m\u00fczi\u011fe \u00e7evirdi. Black Sabbath, 13 \u015eubat 1970 y\u0131l\u0131nda piyasaya \u00e7\u0131kt\u0131 ve de Amerikan m\u00fczik listelerinde 8. s\u0131raya kadar y\u00fckseldi. War Pigs adl\u0131 ikinci alb\u00fcmleri Vietnam Sava\u015f\u0131&#8217;n\u0131 yerdi\u011finden alb\u00fcm\u00fcn ad\u0131, m\u00fczik \u015firketinin bask\u0131s\u0131 \u00fczerine Paranoid Park&#8217;e \u00e7evrildi. Paranoid, 4 milyondan fazla kopya satt\u0131 ve gruba ilk Amerika turnesinin kap\u0131s\u0131n\u0131 a\u00e7t\u0131. Ozzy Osburne, Paranoid alb\u00fcmle beraber \u015fark\u0131c\u0131l\u0131k ve s\u00f6z yazarl\u0131\u011f\u0131 konusunda heavy metalin en etkili isimlerinden birisi haline geldi. Technical Esctasy, Black Sabbath&#8217;\u0131n Amerika listelerinde ilk 50&#8217;ye giremeyen ilk alb\u00fcm\u00fc olmu\u015ftu. Ozzy Osbourne ve grup aras\u0131nda ya\u015fan\u0131lan \u00e7\u0131kmazlar sebebiyle 1979 y\u0131l\u0131nda gruptan ayr\u0131ld\u0131.<\/p>\n<p><img loading=\"lazy\" decoding=\"async\" class=\"alignnone wp-image-209051 size-full\" src=\"https:\/\/www.tgrthaber.com\/mavikadin\/wp-content\/uploads\/ozz-osbourne-oldu.jpg\" alt=\"\" width=\"1208\" height=\"680\" title=\"\" srcset=\"https:\/\/www.tgrthaber.com\/mavikadin\/wp-content\/uploads\/ozz-osbourne-oldu.jpg 1208w, https:\/\/www.tgrthaber.com\/mavikadin\/wp-content\/uploads\/ozz-osbourne-oldu-300x169.jpg 300w, https:\/\/www.tgrthaber.com\/mavikadin\/wp-content\/uploads\/ozz-osbourne-oldu-1024x576.jpg 1024w, https:\/\/www.tgrthaber.com\/mavikadin\/wp-content\/uploads\/ozz-osbourne-oldu-768x432.jpg 768w\" sizes=\"(max-width: 1208px) 100vw, 1208px\" \/><\/p>\n<hr \/>\n<p>Osbourne, ara verdi\u011fi m\u00fczik d\u00fcnyas\u0131na 2013&#8217;te ABD ve \u0130ngiltere listelerinde zirveye \u00e7\u0131kan 13 alb\u00fcm\u00fcyle Black Sabbath gruba geri d\u00f6nerek turneye \u00e7\u0131kt\u0131. 4 \u015eubat 2017&#8217;de Birmingham&#8217;da son konserini verdi.<\/p>\n<p><img loading=\"lazy\" decoding=\"async\" class=\"alignnone wp-image-209052 size-full\" src=\"https:\/\/www.tgrthaber.com\/mavikadin\/wp-content\/uploads\/Ozzy-Osbourne.jpg\" alt=\"\" width=\"1208\" height=\"680\" title=\"\" srcset=\"https:\/\/www.tgrthaber.com\/mavikadin\/wp-content\/uploads\/Ozzy-Osbourne.jpg 1208w, https:\/\/www.tgrthaber.com\/mavikadin\/wp-content\/uploads\/Ozzy-Osbourne-300x169.jpg 300w, https:\/\/www.tgrthaber.com\/mavikadin\/wp-content\/uploads\/Ozzy-Osbourne-1024x576.jpg 1024w, https:\/\/www.tgrthaber.com\/mavikadin\/wp-content\/uploads\/Ozzy-Osbourne-768x432.jpg 768w\" sizes=\"(max-width: 1208px) 100vw, 1208px\" \/><\/p>\n<hr \/>\n<p>Osbourne tekrardan grupla yollar\u0131n\u0131 ay\u0131rd\u0131. ABD&#8217;de be\u015f kez platin plak kazanan Blizzard of Ozz ile 11 st\u00fcdyo alb\u00fcm\u00fc yay\u0131nlad\u0131. 2020&#8217;de Ordinary Man\u2019i \u00e7\u0131kard\u0131. Rahats\u0131zl\u0131klar\u0131ndan \u00f6t\u00fcr\u00fc emeklilik karar alan Ozzy Osbourne, 5 y\u0131l aran\u0131n ard\u0131ndan yeniden konser verdi. Temmuz 2025 y\u0131l\u0131nda Birmingham&#8217;daki Villa Park&#8217;ta d\u00fczenlenen Back to the Beginning konseriydi. Osbourne, yarasa fig\u00fcrl\u00fc bir tahtta oturarak sahne alm\u0131\u015ft\u0131.<\/p>\n<p><img loading=\"lazy\" decoding=\"async\" class=\"alignnone wp-image-209063 size-full\" src=\"https:\/\/www.tgrthaber.com\/mavikadin\/wp-content\/uploads\/Adsiz-tasarim-20-54.jpg\" alt=\"\" width=\"1208\" height=\"680\" title=\"\" srcset=\"https:\/\/www.tgrthaber.com\/mavikadin\/wp-content\/uploads\/Adsiz-tasarim-20-54.jpg 1208w, https:\/\/www.tgrthaber.com\/mavikadin\/wp-content\/uploads\/Adsiz-tasarim-20-54-300x169.jpg 300w, https:\/\/www.tgrthaber.com\/mavikadin\/wp-content\/uploads\/Adsiz-tasarim-20-54-1024x576.jpg 1024w, https:\/\/www.tgrthaber.com\/mavikadin\/wp-content\/uploads\/Adsiz-tasarim-20-54-768x432.jpg 768w\" sizes=\"(max-width: 1208px) 100vw, 1208px\" \/><\/p>\n<hr \/>\n<h3>OZZY OSBOURNE EVL\u0130 M\u0130 KA\u00c7 \u00c7OCU\u011eU VAR?<\/h3>\n<p>Osbourne&#8217;un e\u015fi Sharon&#8217;dan iki \u00e7ocu\u011fu daha var &#8211; 33 ya\u015f\u0131ndaki Jack ve 35 ya\u015f\u0131ndaki Aimee &#8211; ve ilk e\u015fi Thelma&#8217;dan Jessica ve Louis. Thelma ile evlili\u011fi alkol ba\u011f\u0131ml\u0131l\u0131\u011f\u0131 nedeniyle k\u00f6t\u00fcle\u015fmi\u015fti ve daha sonra Jessica ve Louis&#8217;in do\u011fumunu hat\u0131rlayamad\u0131\u011f\u0131n\u0131 itiraf etti.<\/p>\n<p><img loading=\"lazy\" decoding=\"async\" class=\"alignnone wp-image-209064 size-full\" src=\"https:\/\/www.tgrthaber.com\/mavikadin\/wp-content\/uploads\/Adsiz-tasarim-22-39.jpg\" alt=\"\" width=\"1208\" height=\"680\" title=\"\" srcset=\"https:\/\/www.tgrthaber.com\/mavikadin\/wp-content\/uploads\/Adsiz-tasarim-22-39.jpg 1208w, https:\/\/www.tgrthaber.com\/mavikadin\/wp-content\/uploads\/Adsiz-tasarim-22-39-300x169.jpg 300w, https:\/\/www.tgrthaber.com\/mavikadin\/wp-content\/uploads\/Adsiz-tasarim-22-39-1024x576.jpg 1024w, https:\/\/www.tgrthaber.com\/mavikadin\/wp-content\/uploads\/Adsiz-tasarim-22-39-768x432.jpg 768w\" sizes=\"(max-width: 1208px) 100vw, 1208px\" \/><\/p>\n<hr \/>\n<h3>OZZY OSBOURNE NEDEN \u00d6LD\u00dc?<\/h3>\n<p>Ozzy Osbourne, 2003 y\u0131l\u0131nda Buckinghamshire&#8217;daki evinde ge\u00e7irdi\u011fi ATV kazas\u0131nda boynunu, k\u00f6pr\u00fcc\u00fck kemi\u011fini ve kaburgalar\u0131n\u0131 k\u0131rm\u0131\u015ft\u0131. \u0130lk e\u015fi Sharon verdi\u011fi bir s\u00f6yle\u015fi de bir bu\u00e7uk dakika boyunca nefes almay\u0131 b\u0131rakt\u0131\u011f\u0131n\u0131 ve nabz\u0131n\u0131n olmad\u0131\u011f\u0131n\u0131 s\u00f6yledi. Kaza nedeniyle neredeyse fel\u00e7 ge\u00e7irdi\u011fi a\u00e7\u0131klad\u0131.<\/p>\n<p>2005 y\u0131l\u0131nda, Ozzy Osbourne\u2019in v\u00fccudunda titremeler meydana geldi ve Parkin sendromu te\u015fhisi kondu. Ozzy, ge\u00e7irdi\u011fi hastal\u0131klarla ilgili &#8220;\u00fc\u00e7 ameliyat, k\u00f6k h\u00fccre tedavileri, bitmek bilmeyen fizik tedavi seanslar\u0131 ve son olarak \u00e7\u0131\u011f\u0131r a\u00e7an Cybernics (HAL) tedavisi&#8221;nden bahsetti.<\/p>\n","protected":false},"excerpt":{"rendered":"<p>76 ya\u015f\u0131nda hayat\u0131n\u0131 kaybeden \u0130ngiliz \u015fark\u0131c\u0131 ve s\u00f6z yazar\u0131 heavy metal grubunun y\u0131ld\u0131z\u0131 Ozzy Osbourne ge\u00e7irdi\u011fi rahats\u0131zlar sonucunda hayata veda etti. Son zamanlarda hastal\u0131klar\u0131n\u0131n verdi\u011fi ac\u0131lara dayanamayan \u00fcnl\u00fc solist en son Temmuz ay\u0131nda konser vermi\u015fti. \u00d6l\u00fcm\u00fcn\u00fcn ard\u0131ndan hayat\u0131na dair detaylar merak konusu oldu. Peki, Ozzy Osbourne kimdir? Neden \u00f6ld\u00fc? <\/p>\n","protected":false},"author":10,"featured_media":209062,"comment_status":"closed","ping_status":"closed","sticky":false,"template":"","format":"standard","meta":{"rank_math_lock_modified_date":false,"footnotes":""},"categories":[491],"tags":[3374,29148,29154,29153,29150,29152,29151],"class_list":["post-209061","post","type-post","status-publish","format-standard","has-post-thumbnail","hentry","category-biyografi","tag-biyografi","tag-ozzy-osbourne","tag-ozzy-osbourne-cocugu","tag-ozzy-osbourne-evli-mi","tag-ozzy-osbourne-hastaligi","tag-ozzy-osbourne-kariyeri","tag-ozzy-osbourne-kim"],"_links":{"self":[{"href":"https:\/\/www.tgrthaber.com\/mavikadin\/wp-json\/wp\/v2\/posts\/209061"}],"collection":[{"href":"https:\/\/www.tgrthaber.com\/mavikadin\/wp-json\/wp\/v2\/posts"}],"about":[{"href":"https:\/\/www.tgrthaber.com\/mavikadin\/wp-json\/wp\/v2\/types\/post"}],"author":[{"embeddable":true,"href":"https:\/\/www.tgrthaber.com\/mavikadin\/wp-json\/wp\/v2\/users\/10"}],"replies":[{"embeddable":true,"href":"https:\/\/www.tgrthaber.com\/mavikadin\/wp-json\/wp\/v2\/comments?post=209061"}],"version-history":[{"count":2,"href":"https:\/\/www.tgrthaber.com\/mavikadin\/wp-json\/wp\/v2\/posts\/209061\/revisions"}],"predecessor-version":[{"id":209066,"href":"https:\/\/www.tgrthaber.com\/mavikadin\/wp-json\/wp\/v2\/posts\/209061\/revisions\/209066"}],"wp:featuredmedia":[{"embeddable":true,"href":"https:\/\/www.tgrthaber.com\/mavikadin\/wp-json\/wp\/v2\/media\/209062"}],"wp:attachment":[{"href":"https:\/\/www.tgrthaber.com\/mavikadin\/wp-json\/wp\/v2\/media?parent=209061"}],"wp:term":[{"taxonomy":"category","embeddable":true,"href":"https:\/\/www.tgrthaber.com\/mavikadin\/wp-json\/wp\/v2\/categories?post=209061"},{"taxonomy":"post_tag","embeddable":true,"href":"https:\/\/www.tgrthaber.com\/mavikadin\/wp-json\/wp\/v2\/tags?post=209061"}],"curies":[{"name":"wp","href":"https:\/\/api.w.org\/{rel}","templated":true}]}}