{"id":209116,"date":"2025-07-23T01:01:05","date_gmt":"2025-07-22T22:01:05","guid":{"rendered":"https:\/\/www.tgrthaber.com\/mavikadin\/?p=209116"},"modified":"2025-07-23T01:01:05","modified_gmt":"2025-07-22T22:01:05","slug":"pedro-pascal-ve-vanessa-kirby-fantastik-dortlu-ilk-adimlar-filminin-basrolunde-yer-aliyor","status":"publish","type":"post","link":"https:\/\/www.tgrthaber.com\/mavikadin\/pedro-pascal-ve-vanessa-kirby-fantastik-dortlu-ilk-adimlar-filminin-basrolunde-yer-aliyor\/","title":{"rendered":"Pedro Pascal ve Vanessa Kirby Fantastik D\u00f6rtl\u00fc \u0130lk Ad\u0131mlar filminin ba\u015frol\u00fcnde yer al\u0131yor!"},"content":{"rendered":"<p>Marvel yap\u0131m \u015firketi 2025 y\u0131l\u0131 i\u00e7erisinde sinema sekt\u00f6r\u00fcne bir\u00e7ok film yay\u0131nlad\u0131. Yeni sezon sinema filmleri aras\u0131nda istedi\u011fi ba\u015far\u0131y\u0131 bir t\u00fcrl\u00fc edemedi. Y\u00f6netmen Matt Shakman&#8217;\u0131n y\u00f6netti\u011fi Fantastik D\u00f6rtl\u00fc \u0130lk Ad\u0131mlar filminde Ebon Moss-Bachrach ve Joseph Quinn de rol al\u0131yor. Birbirinden iddial\u0131 oyuncular\u0131n kadrosunda bulundu\u011fu Fantastik D\u00f6rtl\u00fc \u0130lk Ad\u0131mlar filmi 25 Temmuz 2025 Cuma g\u00fcn\u00fc vizyona giriyor.<\/p>\n<h3>FANTAST\u0130K D\u00d6RTL\u00dc \u0130LK ADIMLAR F\u0130LM\u0130 KONUSU<\/h3>\n<p>Parlak bilim insan\u0131 Reed (Pascal), diplomat kar\u0131s\u0131 Sue (Kirby), Reed&#8217;in en iyi arkada\u015f\u0131 Ben (Moss-Bachrach) ve Sue&#8217;nun k\u00fc\u00e7\u00fck karde\u015fi Johnny&#8217;nin (Joseph Quinn) bir uzay g\u00f6revi s\u0131ras\u0131nda kozmik \u0131\u015f\u0131nlara maruz kalmalar\u0131 ve bunun sonucunda s\u00fcper g\u00fc\u00e7ler edinmeleri sonucu alternatif bir ger\u00e7eklikte D\u00fcnya&#8217;da ge\u00e7iyor.<\/p>\n<p><img loading=\"lazy\" decoding=\"async\" class=\"alignnone wp-image-209120 size-full\" src=\"https:\/\/www.tgrthaber.com\/mavikadin\/wp-content\/uploads\/Adsiz-tasarim-24-33.jpg\" alt=\"\" width=\"1208\" height=\"680\" title=\"\" srcset=\"https:\/\/www.tgrthaber.com\/mavikadin\/wp-content\/uploads\/Adsiz-tasarim-24-33.jpg 1208w, https:\/\/www.tgrthaber.com\/mavikadin\/wp-content\/uploads\/Adsiz-tasarim-24-33-300x169.jpg 300w, https:\/\/www.tgrthaber.com\/mavikadin\/wp-content\/uploads\/Adsiz-tasarim-24-33-1024x576.jpg 1024w, https:\/\/www.tgrthaber.com\/mavikadin\/wp-content\/uploads\/Adsiz-tasarim-24-33-768x432.jpg 768w\" sizes=\"(max-width: 1208px) 100vw, 1208px\" \/><\/p>\n<hr \/>\n<p>D\u00f6rt y\u0131l sonra, Fantastik D\u00f6rtl\u00fc (s\u0131ras\u0131yla Bay Fantastik, G\u00f6r\u00fcnmez Kad\u0131n, \u015eey ve \u0130nsan Me\u015falesi) gezegenin sevilen koruyucular\u0131 olurlar. Reed ve Sue ilk \u00e7ocuklar\u0131n\u0131 d\u00fcnyaya getirmek \u00fczereyken, u\u011fursuz G\u00fcm\u00fc\u015f S\u00f6rf\u00e7\u00fc (Julia Garner) onlar\u0131 ziyaret eder ve bir mesaj getirir. Efendisi tanr\u0131 Galactus (Ralph Ineson), D\u00fcnya&#8217;y\u0131 yutmak \u00fczere yoldad\u0131r. Galactus&#8217;u durdurabilecek tek \u015fey, bebeklerini ona vermeleridir.<\/p>\n<p><img loading=\"lazy\" decoding=\"async\" class=\"alignnone wp-image-209124 size-full\" src=\"https:\/\/www.tgrthaber.com\/mavikadin\/wp-content\/uploads\/Adsiz-tasarim-35-42.jpg\" alt=\"\" width=\"1208\" height=\"680\" title=\"\" srcset=\"https:\/\/www.tgrthaber.com\/mavikadin\/wp-content\/uploads\/Adsiz-tasarim-35-42.jpg 1208w, https:\/\/www.tgrthaber.com\/mavikadin\/wp-content\/uploads\/Adsiz-tasarim-35-42-300x169.jpg 300w, https:\/\/www.tgrthaber.com\/mavikadin\/wp-content\/uploads\/Adsiz-tasarim-35-42-1024x576.jpg 1024w, https:\/\/www.tgrthaber.com\/mavikadin\/wp-content\/uploads\/Adsiz-tasarim-35-42-768x432.jpg 768w\" sizes=\"(max-width: 1208px) 100vw, 1208px\" \/><\/p>\n<hr \/>\n<h3>FANTAST\u0130K D\u00d6RTL\u00dc \u0130LK ADIMLAR F\u0130LM\u0130 OYUNCU KADROSU<\/h3>\n<ul>\n<li>Pedro Pascal<\/li>\n<li>Vanessa Kirby<\/li>\n<li>Ebon Moss-Bachrach<\/li>\n<li>Joseph Quinn<\/li>\n<li>Ralph Ineson<\/li>\n<\/ul>\n<p><img loading=\"lazy\" decoding=\"async\" class=\"alignnone wp-image-209127 size-full\" src=\"https:\/\/www.tgrthaber.com\/mavikadin\/wp-content\/uploads\/Adsiz-tasarim-39-30.jpg\" alt=\"\" width=\"1208\" height=\"680\" title=\"\" srcset=\"https:\/\/www.tgrthaber.com\/mavikadin\/wp-content\/uploads\/Adsiz-tasarim-39-30.jpg 1208w, https:\/\/www.tgrthaber.com\/mavikadin\/wp-content\/uploads\/Adsiz-tasarim-39-30-300x169.jpg 300w, https:\/\/www.tgrthaber.com\/mavikadin\/wp-content\/uploads\/Adsiz-tasarim-39-30-1024x576.jpg 1024w, https:\/\/www.tgrthaber.com\/mavikadin\/wp-content\/uploads\/Adsiz-tasarim-39-30-768x432.jpg 768w\" sizes=\"(max-width: 1208px) 100vw, 1208px\" \/><\/p>\n<hr \/>\n<ul>\n<li>Julia Garner<\/li>\n<li>Natasha Lyonne<\/li>\n<li>Paul Walter Hauser<\/li>\n<li>Sarah Nyles<\/li>\n<li>Mark Gatiss<\/li>\n<\/ul>\n<p><img loading=\"lazy\" decoding=\"async\" class=\"alignnone wp-image-209128 size-full\" src=\"https:\/\/www.tgrthaber.com\/mavikadin\/wp-content\/uploads\/Adsiz-tasarim-36-38.jpg\" alt=\"\" width=\"1208\" height=\"680\" title=\"\" srcset=\"https:\/\/www.tgrthaber.com\/mavikadin\/wp-content\/uploads\/Adsiz-tasarim-36-38.jpg 1208w, https:\/\/www.tgrthaber.com\/mavikadin\/wp-content\/uploads\/Adsiz-tasarim-36-38-300x169.jpg 300w, https:\/\/www.tgrthaber.com\/mavikadin\/wp-content\/uploads\/Adsiz-tasarim-36-38-1024x576.jpg 1024w, https:\/\/www.tgrthaber.com\/mavikadin\/wp-content\/uploads\/Adsiz-tasarim-36-38-768x432.jpg 768w\" sizes=\"(max-width: 1208px) 100vw, 1208px\" \/><\/p>\n<hr \/>\n<h3>FANTAST\u0130K D\u00d6RTL\u00dc \u0130LK ADIMLAR F\u0130LM\u0130 NE ZAMAN \u00c7IKACAK?<\/h3>\n<p>Josh Friedman, Eric Pearson, Jeff Kaplan, Ian Springer, Stan Lee ve Jack Kirby taraf\u0131ndan senaryosu yaz\u0131lan filmin y\u00f6netmen koltu\u011funda Matt Shakman oturmaktad\u0131r. Yap\u0131mc\u0131l\u0131\u011f\u0131n\u0131 Kevin Feige \u00fcstlendi\u011fi ve yap\u0131m \u015firketi ise\u00a0 Kevin Feige Productions ait olan Fantastik D\u00f6rtl\u00fc ilk ad\u0131mlar filmi 25 Temmuz 2025 Cuma g\u00fcn\u00fc vizyona girecek.<\/p>\n<p><img loading=\"lazy\" decoding=\"async\" class=\"alignnone wp-image-209129 size-full\" src=\"https:\/\/www.tgrthaber.com\/mavikadin\/wp-content\/uploads\/Adsiz-tasarim-40-35.jpg\" alt=\"\" width=\"1208\" height=\"680\" title=\"\" srcset=\"https:\/\/www.tgrthaber.com\/mavikadin\/wp-content\/uploads\/Adsiz-tasarim-40-35.jpg 1208w, https:\/\/www.tgrthaber.com\/mavikadin\/wp-content\/uploads\/Adsiz-tasarim-40-35-300x169.jpg 300w, https:\/\/www.tgrthaber.com\/mavikadin\/wp-content\/uploads\/Adsiz-tasarim-40-35-1024x576.jpg 1024w, https:\/\/www.tgrthaber.com\/mavikadin\/wp-content\/uploads\/Adsiz-tasarim-40-35-768x432.jpg 768w\" sizes=\"(max-width: 1208px) 100vw, 1208px\" \/><\/p>\n<hr \/>\n<p>1 saat 55 dakika s\u00fcrecek olan Fantastik D\u00f6rtl\u00fc ilk ad\u0131mlar filmin gi\u015fe say\u0131s\u0131n\u0131n ne olaca\u011f\u0131 merak ediliyor.<\/p>\n","protected":false},"excerpt":{"rendered":"<p>Marvel yap\u0131m \u015firketinin \u00fcstlendi\u011fi Fantastik D\u00f6rtl\u00fc \u0130lk ad\u0131mlar filmi 25 Temmuz 2025 y\u0131l\u0131nda vizyona girecek. Marvel \u015firketi taraf\u0131ndan sinema severlerle bulu\u015fturulan filmin gi\u015fe say\u0131s\u0131 ne kadar olaca\u011f\u0131 merak konusu oldu. Ba\u015frollerinde Pedro Pascal ve Vanessa Kirb gibi usta isimler yer al\u0131yor. <\/p>\n","protected":false},"author":10,"featured_media":209123,"comment_status":"closed","ping_status":"closed","sticky":false,"template":"","format":"standard","meta":{"rank_math_lock_modified_date":false,"footnotes":""},"categories":[602],"tags":[29168,29169,29170,29171,5621],"class_list":["post-209116","post","type-post","status-publish","format-standard","has-post-thumbnail","hentry","category-diziler","tag-fantastik-dortlu-ilk-adimlar","tag-fantastik-dortlu-ilk-adimlar-filmini-konusu","tag-fantastik-dortlu-ilk-adimlar-filminin-oyuncu-kadrosu","tag-fantastik-dortlu-ilk-adimlar-filminin-yayin-tarihi","tag-sinema"],"_links":{"self":[{"href":"https:\/\/www.tgrthaber.com\/mavikadin\/wp-json\/wp\/v2\/posts\/209116"}],"collection":[{"href":"https:\/\/www.tgrthaber.com\/mavikadin\/wp-json\/wp\/v2\/posts"}],"about":[{"href":"https:\/\/www.tgrthaber.com\/mavikadin\/wp-json\/wp\/v2\/types\/post"}],"author":[{"embeddable":true,"href":"https:\/\/www.tgrthaber.com\/mavikadin\/wp-json\/wp\/v2\/users\/10"}],"replies":[{"embeddable":true,"href":"https:\/\/www.tgrthaber.com\/mavikadin\/wp-json\/wp\/v2\/comments?post=209116"}],"version-history":[{"count":1,"href":"https:\/\/www.tgrthaber.com\/mavikadin\/wp-json\/wp\/v2\/posts\/209116\/revisions"}],"predecessor-version":[{"id":209130,"href":"https:\/\/www.tgrthaber.com\/mavikadin\/wp-json\/wp\/v2\/posts\/209116\/revisions\/209130"}],"wp:featuredmedia":[{"embeddable":true,"href":"https:\/\/www.tgrthaber.com\/mavikadin\/wp-json\/wp\/v2\/media\/209123"}],"wp:attachment":[{"href":"https:\/\/www.tgrthaber.com\/mavikadin\/wp-json\/wp\/v2\/media?parent=209116"}],"wp:term":[{"taxonomy":"category","embeddable":true,"href":"https:\/\/www.tgrthaber.com\/mavikadin\/wp-json\/wp\/v2\/categories?post=209116"},{"taxonomy":"post_tag","embeddable":true,"href":"https:\/\/www.tgrthaber.com\/mavikadin\/wp-json\/wp\/v2\/tags?post=209116"}],"curies":[{"name":"wp","href":"https:\/\/api.w.org\/{rel}","templated":true}]}}