{"id":209239,"date":"2025-07-23T11:54:21","date_gmt":"2025-07-23T08:54:21","guid":{"rendered":"https:\/\/www.tgrthaber.com\/mavikadin\/?p=209239"},"modified":"2025-07-23T11:54:21","modified_gmt":"2025-07-23T08:54:21","slug":"kan-dolasimini-duzenleyen-dogal-ilac-buharda-seftali-karisimi","status":"publish","type":"post","link":"https:\/\/www.tgrthaber.com\/mavikadin\/kan-dolasimini-duzenleyen-dogal-ilac-buharda-seftali-karisimi\/","title":{"rendered":"Kan dola\u015f\u0131m\u0131n\u0131 d\u00fczenleyen do\u011fal ila\u00e7! Buharda \u015feftali kar\u0131\u015f\u0131m\u0131"},"content":{"rendered":"<p>Kan dola\u015f\u0131m\u0131 v\u00fccudumuz i\u00e7in olduk\u00e7a \u00f6nemli bir sistemdir. Kan dola\u015f\u0131m\u0131n\u0131 do\u011fal yollarla d\u00fczene sokmak ise tamamen bizim elimizdedir. Sizde do\u011fal yollarla kan dola\u015f\u0131m\u0131n\u0131 d\u00fczenlemek istiyorsan\u0131z, do\u011fru yerdesiniz. Buharda \u015feftali kar\u0131\u015f\u0131m\u0131 ile kan dola\u015f\u0131m\u0131n\u0131z\u0131 d\u00fczenleyebilir ve kendinizi daha sa\u011fl\u0131kl\u0131 hissedebilirsiniz. Buharda \u015feftali kar\u0131\u015f\u0131m\u0131 yapman\u0131n tam zaman\u0131! \u0130\u015fte kan dola\u015f\u0131m\u0131n\u0131 d\u00fczenleyen do\u011fal ila\u00e7\u2026<\/p>\n<h3>KAN DOLA\u015eIMI NED\u0130R?<\/h3>\n<p>Kan\u0131n kalpten pompaland\u0131ktan sonra kalbe geri d\u00f6nmesine kan dola\u015f\u0131m\u0131 ad\u0131 verilir. Kan dola\u015f\u0131m\u0131 \u015f\u00fcphesiz sa\u011fl\u0131\u011f\u0131m\u0131z i\u00e7in \u00e7ok \u00f6nemlidir. V\u00fccuttaki dola\u015f\u0131m sistemi kalp ve kan damarlar\u0131ndan meydana gelir. Bu noktada kalbim g\u00f6revi atardamar ve toplardamarlar\u0131n geni\u015f, karma\u015f\u0131k a\u011f\u0131ndan v\u00fccuda kan pompalamakt\u0131r.<\/p>\n<p><img loading=\"lazy\" decoding=\"async\" class=\"alignnone wp-image-209249\" src=\"https:\/\/www.tgrthaber.com\/mavikadin\/wp-content\/uploads\/kan-dolasimi-9-1024x576.jpg\" alt=\"Kan dola\u015f\u0131m\u0131n\u0131 d\u00fczenleyen do\u011fal ila\u00e7! Buharda \u015feftali kar\u0131\u015f\u0131m\u0131\" width=\"1208\" height=\"680\" title=\"\" srcset=\"https:\/\/www.tgrthaber.com\/mavikadin\/wp-content\/uploads\/kan-dolasimi-9-1024x576.jpg 1024w, https:\/\/www.tgrthaber.com\/mavikadin\/wp-content\/uploads\/kan-dolasimi-9-300x169.jpg 300w, https:\/\/www.tgrthaber.com\/mavikadin\/wp-content\/uploads\/kan-dolasimi-9-768x432.jpg 768w, https:\/\/www.tgrthaber.com\/mavikadin\/wp-content\/uploads\/kan-dolasimi-9.jpg 1208w\" sizes=\"(max-width: 1208px) 100vw, 1208px\" \/><\/p>\n<hr \/>\n<p>Kan ise v\u00fccudun dokular\u0131na, organlar\u0131na ve kaslar\u0131na oksijen ve besin ta\u015f\u0131yarak g\u00f6revini ger\u00e7ekle\u015ftirir. Kan\u0131n v\u00fccudun \u00e7e\u015fitli noktalar\u0131na oksijen ve besin ta\u015f\u0131mas\u0131, s\u00fcrecin bir par\u00e7as\u0131d\u0131r. Ger\u00e7ekle\u015fen t\u00fcm bu sisteme ise dola\u015f\u0131m ad\u0131 verilir. Kan dola\u015f\u0131m\u0131 v\u00fccudumuz ve sa\u011fl\u0131\u011f\u0131m\u0131z i\u00e7in olduk\u00e7a \u00f6nemlidir.<\/p>\n<h3>KAN DOLA\u015eIMI NEDEN \u00d6NEML\u0130D\u0130R?<\/h3>\n<p>Kan dola\u015f\u0131m\u0131n\u0131n temel par\u00e7alar\u0131ndan biri kalp ve kan damarlar\u0131d\u0131r. Bu iki \u00f6nemli par\u00e7a kan\u0131n v\u00fccutta hareket etmesinde \u00f6nemli bir rol oynar. Kan dola\u015f\u0131m\u0131, h\u00fccrelerin ihtiya\u00e7lar\u0131n\u0131n kar\u015f\u0131lanmas\u0131 ve fazla at\u0131klar\u0131n v\u00fccuttan at\u0131lmas\u0131 i\u00e7in son derece \u00f6nemlidir.<\/p>\n<p><img loading=\"lazy\" decoding=\"async\" class=\"alignnone wp-image-209250\" src=\"https:\/\/www.tgrthaber.com\/mavikadin\/wp-content\/uploads\/kan-dolasimi-4-1024x576.jpg\" alt=\"Kan dola\u015f\u0131m\u0131n\u0131 d\u00fczenleyen do\u011fal ila\u00e7! Buharda \u015feftali kar\u0131\u015f\u0131m\u0131\" width=\"1208\" height=\"680\" title=\"\" srcset=\"https:\/\/www.tgrthaber.com\/mavikadin\/wp-content\/uploads\/kan-dolasimi-4-1024x576.jpg 1024w, https:\/\/www.tgrthaber.com\/mavikadin\/wp-content\/uploads\/kan-dolasimi-4-300x169.jpg 300w, https:\/\/www.tgrthaber.com\/mavikadin\/wp-content\/uploads\/kan-dolasimi-4-768x432.jpg 768w, https:\/\/www.tgrthaber.com\/mavikadin\/wp-content\/uploads\/kan-dolasimi-4.jpg 1208w\" sizes=\"(max-width: 1208px) 100vw, 1208px\" \/><\/p>\n<hr \/>\n<p>Kan dola\u015f\u0131m\u0131, kan\u0131n v\u00fccutta dola\u015fmas\u0131n\u0131 sa\u011flar. Kan dola\u015f\u0131m\u0131 ayn\u0131 zamanda organlara, kaslara ve dokulara oksijen ve besin ta\u015f\u0131r. Bununla birlikte kan dola\u015f\u0131m sayesinde karbondioksit at\u0131klar v\u00fccuttan d\u0131\u015far\u0131 at\u0131l\u0131r.<\/p>\n<h3>KAN DOLA\u015eIMINI D\u00dcZENLEYEN DO\u011eAL \u0130LA\u00c7!<\/h3>\n<p>Kan dola\u015f\u0131m\u0131, sa\u011fl\u0131\u011f\u0131m\u0131z i\u00e7in olduk\u00e7a \u00f6nemlidir. Fakat kan dola\u015f\u0131m\u0131, her bireyde ayn\u0131 h\u0131zda ve d\u00fczende ger\u00e7ekle\u015fmeyebilir. Kan dola\u015f\u0131m\u0131n\u0131n iyile\u015ftirilmesi ve d\u00fczenlenmesi birey taraf\u0131ndan da olu\u015fabilir. Dengeli ve d\u00fczenli beslenme kan dola\u015f\u0131m\u0131n\u0131 h\u0131zland\u0131ran ve d\u00fczenleyen en \u00f6nemli etkenlerden biridir.<\/p>\n<p><img loading=\"lazy\" decoding=\"async\" class=\"alignnone wp-image-209251\" src=\"https:\/\/www.tgrthaber.com\/mavikadin\/wp-content\/uploads\/kan-dolasimi-8-1024x576.jpg\" alt=\"Kan dola\u015f\u0131m\u0131n\u0131 d\u00fczenleyen do\u011fal ila\u00e7! Buharda \u015feftali kar\u0131\u015f\u0131m\u0131\" width=\"1208\" height=\"680\" title=\"\" srcset=\"https:\/\/www.tgrthaber.com\/mavikadin\/wp-content\/uploads\/kan-dolasimi-8-1024x576.jpg 1024w, https:\/\/www.tgrthaber.com\/mavikadin\/wp-content\/uploads\/kan-dolasimi-8-300x169.jpg 300w, https:\/\/www.tgrthaber.com\/mavikadin\/wp-content\/uploads\/kan-dolasimi-8-768x432.jpg 768w, https:\/\/www.tgrthaber.com\/mavikadin\/wp-content\/uploads\/kan-dolasimi-8.jpg 1208w\" sizes=\"(max-width: 1208px) 100vw, 1208px\" \/><\/p>\n<hr \/>\n<p>Kan dola\u015f\u0131m\u0131n\u0131 destekleyen bir\u00e7ok besin kayna\u011f\u0131 bulunmaktad\u0131r. Orman meyveleri, \u0131spanak ve bitter \u00e7ikolata gibi antioksidan a\u00e7\u0131s\u0131ndan zengin besinler kan dola\u015f\u0131m\u0131n\u0131 ve damar sa\u011fl\u0131\u011f\u0131n\u0131 destekler. Bunun yan\u0131 s\u0131ra yeterli miktarda s\u0131v\u0131 al\u0131m\u0131 da kan dola\u015f\u0131m\u0131 i\u00e7in olduk\u00e7a \u00f6nemlidir.<\/p>\n<p>Sa\u011fl\u0131kl\u0131 ve dengeli beslenmek, kan dola\u015f\u0131m\u0131n\u0131 d\u00fczenlemede ve iyile\u015ftirmede \u00f6nemli rol oynar. Fiziksel aktivite de kan dola\u015f\u0131m\u0131n\u0131 d\u00fczenleyen bir di\u011fer g\u00fc\u00e7l\u00fc yard\u0131mc\u0131lar aras\u0131nda bulunur. D\u00fczenli egzersiz yapma, kalbi g\u00fc\u00e7lendirir ve v\u00fccuttaki kan dola\u015f\u0131m\u0131n\u0131 d\u00fczenler.<\/p>\n<p><img loading=\"lazy\" decoding=\"async\" class=\"alignnone wp-image-209252\" src=\"https:\/\/www.tgrthaber.com\/mavikadin\/wp-content\/uploads\/kan-dolasimi-3-1024x576.jpg\" alt=\"Kan dola\u015f\u0131m\u0131n\u0131 d\u00fczenleyen do\u011fal ila\u00e7! Buharda \u015feftali kar\u0131\u015f\u0131m\u0131\" width=\"1208\" height=\"680\" title=\"\" srcset=\"https:\/\/www.tgrthaber.com\/mavikadin\/wp-content\/uploads\/kan-dolasimi-3-1024x576.jpg 1024w, https:\/\/www.tgrthaber.com\/mavikadin\/wp-content\/uploads\/kan-dolasimi-3-300x169.jpg 300w, https:\/\/www.tgrthaber.com\/mavikadin\/wp-content\/uploads\/kan-dolasimi-3-768x432.jpg 768w, https:\/\/www.tgrthaber.com\/mavikadin\/wp-content\/uploads\/kan-dolasimi-3.jpg 1208w\" sizes=\"(max-width: 1208px) 100vw, 1208px\" \/><\/p>\n<hr \/>\n<p>Bu tarz dikkat edilmesi gereken konular\u0131n yan\u0131 s\u0131ra baz\u0131 do\u011fal ila\u00e7lar da kan dola\u015f\u0131m\u0131n\u0131 d\u00fczenlemeye yard\u0131mc\u0131 olur. Kan dola\u015f\u0131m\u0131n\u0131 d\u00fczenleyen bir\u00e7ok sa\u011fl\u0131kl\u0131 besin kayna\u011f\u0131 bulunur. Kan dola\u015f\u0131m\u0131n\u0131 d\u00fczenleyen \u00f6nemli besin kaynaklar\u0131 aras\u0131nda \u015feftali de yer al\u0131r. Sizde buharda \u015feftali kar\u0131\u015f\u0131m\u0131 ile kan dola\u015f\u0131m\u0131n\u0131z\u0131 d\u00fczenleyebilir ve kendinizi daha sa\u011fl\u0131kl\u0131 hissedebilirsiniz.<\/p>\n<h3>BUHARDA \u015eEFTAL\u0130 KARI\u015eIMI!<\/h3>\n<p>Buharda \u015feftali kar\u0131\u015f\u0131m\u0131n\u0131n kan dola\u015f\u0131m\u0131n\u0131 d\u00fczenledi\u011fini biliyor muydunuz? Siz de kan dola\u015f\u0131m\u0131n\u0131z\u0131n daha d\u00fczenli bir \u015fekilde i\u015flemesini istiyorsan\u0131z mutlaka bu do\u011fal ilaca bir \u015fans vermelisiniz. S\u00fcrekli ila\u00e7 t\u00fcketmekten s\u0131k\u0131ld\u0131ysan\u0131z ve kan dola\u015f\u0131m\u0131n\u0131z\u0131n d\u00fczelmesi i\u00e7in do\u011fal bir ila\u00e7 aray\u0131\u015f\u0131 i\u00e7erisindeyseniz do\u011fru yerdesiniz.<\/p>\n<p><img loading=\"lazy\" decoding=\"async\" class=\"alignnone wp-image-209253\" src=\"https:\/\/www.tgrthaber.com\/mavikadin\/wp-content\/uploads\/kan-dolasimi-7-1024x576.jpg\" alt=\"Kan dola\u015f\u0131m\u0131n\u0131 d\u00fczenleyen do\u011fal ila\u00e7! Buharda \u015feftali kar\u0131\u015f\u0131m\u0131\" width=\"1208\" height=\"680\" title=\"\" srcset=\"https:\/\/www.tgrthaber.com\/mavikadin\/wp-content\/uploads\/kan-dolasimi-7-1024x576.jpg 1024w, https:\/\/www.tgrthaber.com\/mavikadin\/wp-content\/uploads\/kan-dolasimi-7-300x169.jpg 300w, https:\/\/www.tgrthaber.com\/mavikadin\/wp-content\/uploads\/kan-dolasimi-7-768x432.jpg 768w, https:\/\/www.tgrthaber.com\/mavikadin\/wp-content\/uploads\/kan-dolasimi-7.jpg 1208w\" sizes=\"(max-width: 1208px) 100vw, 1208px\" \/><\/p>\n<hr \/>\n<p>Buharda \u015feftali kar\u0131\u015f\u0131m\u0131 ile kan dola\u015f\u0131m\u0131n\u0131z\u0131 d\u00fczenlemeye haz\u0131r olun! Tam da \u015feftali mevsimi gelmi\u015fken bu do\u011fal ila\u00e7 sayesinde kan dola\u015f\u0131m\u0131n\u0131z\u0131 d\u00fczenleyebilir ve sa\u011fl\u0131\u011f\u0131n\u0131z\u0131 destekleyebilirsiniz. Peki, buharda \u015feftali kar\u0131\u015f\u0131m\u0131 nas\u0131l yap\u0131l\u0131r?<\/p>\n<p>\u015eeftalinin birbirinden g\u00fczel faydalar\u0131n\u0131n oldu\u011funu biliyoruz. Yaz aylar\u0131n\u0131n vazge\u00e7ilmez meyveleri aras\u0131nda yer alan \u015feftali, sa\u011fl\u0131\u011f\u0131m\u0131z a\u00e7s\u0131ndan da olduk\u00e7a \u00f6nemli bir besin kayna\u011f\u0131 olarak kar\u015f\u0131m\u0131za \u00e7\u0131k\u0131yor. \u015eeftali t\u00fcketimi kaynatma, buharda pi\u015firme ve pi\u015firme teknikleri gibi bir\u00e7ok y\u00f6ntemle ger\u00e7ekle\u015febiliyor.<\/p>\n<p><img loading=\"lazy\" decoding=\"async\" class=\"alignnone wp-image-209254\" src=\"https:\/\/www.tgrthaber.com\/mavikadin\/wp-content\/uploads\/kan-dolasimi-6-1024x576.jpg\" alt=\"Kan dola\u015f\u0131m\u0131n\u0131 d\u00fczenleyen do\u011fal ila\u00e7! Buharda \u015feftali kar\u0131\u015f\u0131m\u0131\" width=\"1208\" height=\"680\" title=\"\" srcset=\"https:\/\/www.tgrthaber.com\/mavikadin\/wp-content\/uploads\/kan-dolasimi-6-1024x576.jpg 1024w, https:\/\/www.tgrthaber.com\/mavikadin\/wp-content\/uploads\/kan-dolasimi-6-300x169.jpg 300w, https:\/\/www.tgrthaber.com\/mavikadin\/wp-content\/uploads\/kan-dolasimi-6-768x432.jpg 768w, https:\/\/www.tgrthaber.com\/mavikadin\/wp-content\/uploads\/kan-dolasimi-6.jpg 1208w\" sizes=\"(max-width: 1208px) 100vw, 1208px\" \/><\/p>\n<hr \/>\n<h3>BUHARDA \u015eEFTAL\u0130 KARI\u015eIMI NASIL YAPILIR?<\/h3>\n<p><strong>Malzemeler;<\/strong><\/p>\n<p>2 adet olgun \u015feftali<\/p>\n<p>1 \u00e7ay ka\u015f\u0131\u011f\u0131 tar\u00e7\u0131n (\u0130ste\u011fe ba\u011fl\u0131)<\/p>\n<p><strong>Haz\u0131rlan\u0131\u015f\u0131;<\/strong><\/p>\n<p>\u015eeftalilerinizi g\u00fczelce soyun.<\/p>\n<p>Daha sonra uygun bir kaba \u015feftalilerinizi al\u0131n ve yakla\u015f\u0131k 8-10 dakika kadar pi\u015firin.<\/p>\n<p>Buharda pi\u015fen \u015feftalilerinizi kaseye al\u0131n. \u00dczerine iste\u011fe ba\u011fl\u0131 tar\u00e7\u0131n serpin ve afiyetle yiyin.<\/p>\n<p>\u015eifa olsun.<\/p>\n","protected":false},"excerpt":{"rendered":"<p>Sizde kan dola\u015f\u0131m\u0131n\u0131 d\u00fczenleyen do\u011fal bir ila\u00e7 ar\u0131yorsan\u0131z, do\u011fru yerdesiniz. Buharda \u015feftali kar\u0131\u015f\u0131m\u0131yla kan dola\u015f\u0131m\u0131n\u0131z\u0131 d\u00fczenlemeye haz\u0131r olun! \u0130\u015fte detaylar\u2026<\/p>\n","protected":false},"author":26,"featured_media":209248,"comment_status":"closed","ping_status":"closed","sticky":false,"template":"","format":"standard","meta":{"rank_math_lock_modified_date":false,"footnotes":""},"categories":[1991],"tags":[29188,29187,173,16668,7291],"class_list":["post-209239","post","type-post","status-publish","format-standard","has-post-thumbnail","hentry","category-saglik","tag-buharda-seftali","tag-kan-dolasimi","tag-saglik","tag-saglik-haberleri","tag-seftali"],"_links":{"self":[{"href":"https:\/\/www.tgrthaber.com\/mavikadin\/wp-json\/wp\/v2\/posts\/209239"}],"collection":[{"href":"https:\/\/www.tgrthaber.com\/mavikadin\/wp-json\/wp\/v2\/posts"}],"about":[{"href":"https:\/\/www.tgrthaber.com\/mavikadin\/wp-json\/wp\/v2\/types\/post"}],"author":[{"embeddable":true,"href":"https:\/\/www.tgrthaber.com\/mavikadin\/wp-json\/wp\/v2\/users\/26"}],"replies":[{"embeddable":true,"href":"https:\/\/www.tgrthaber.com\/mavikadin\/wp-json\/wp\/v2\/comments?post=209239"}],"version-history":[{"count":2,"href":"https:\/\/www.tgrthaber.com\/mavikadin\/wp-json\/wp\/v2\/posts\/209239\/revisions"}],"predecessor-version":[{"id":209256,"href":"https:\/\/www.tgrthaber.com\/mavikadin\/wp-json\/wp\/v2\/posts\/209239\/revisions\/209256"}],"wp:featuredmedia":[{"embeddable":true,"href":"https:\/\/www.tgrthaber.com\/mavikadin\/wp-json\/wp\/v2\/media\/209248"}],"wp:attachment":[{"href":"https:\/\/www.tgrthaber.com\/mavikadin\/wp-json\/wp\/v2\/media?parent=209239"}],"wp:term":[{"taxonomy":"category","embeddable":true,"href":"https:\/\/www.tgrthaber.com\/mavikadin\/wp-json\/wp\/v2\/categories?post=209239"},{"taxonomy":"post_tag","embeddable":true,"href":"https:\/\/www.tgrthaber.com\/mavikadin\/wp-json\/wp\/v2\/tags?post=209239"}],"curies":[{"name":"wp","href":"https:\/\/api.w.org\/{rel}","templated":true}]}}