{"id":209496,"date":"2025-07-23T17:46:10","date_gmt":"2025-07-23T14:46:10","guid":{"rendered":"https:\/\/www.tgrthaber.com\/mavikadin\/?p=209496"},"modified":"2025-07-24T19:25:15","modified_gmt":"2025-07-24T16:25:15","slug":"next-nedir-ve-kime-ait-next-hesap-nasil-acilir","status":"publish","type":"post","link":"https:\/\/www.tgrthaber.com\/mavikadin\/next-nedir-ve-kime-ait-next-hesap-nasil-acilir\/","title":{"rendered":"Next nedir ve kime ait? Next hesap nas\u0131l a\u00e7\u0131l\u0131r?"},"content":{"rendered":"<p class=\"p1\">Baykar Y\u00f6netim Kurulu Ba\u015fkan\u0131 Sel\u00e7uk Bayraktar, TEKNOFEST giri\u015fimcisi gen\u00e7ler taraf\u0131ndan geli\u015ftirilen sosyal medya uygulamas\u0131 Next sosyal\u2019i duyurdu. Kullan\u0131ma a\u00e7\u0131lan yeni platformun duyurulmas\u0131yla birlikte kullan\u0131c\u0131lar Next nedir ve kime ait? Next hesap nas\u0131l a\u00e7\u0131l\u0131r? sorular\u0131n\u0131n cevaplar\u0131n\u0131 ara\u015ft\u0131rmaya ba\u015flad\u0131.<\/p>\n<h3 class=\"p1\"><b>NEXT NED\u0130R K\u0130ME A\u0130T? <\/b><\/h3>\n<p class=\"p1\">Sel\u00e7uk Bayraktar, TEKNOFEST giri\u015fimcileri taraf\u0131ndan geli\u015ftirilen yeni sosyal medya uygulamas\u0131 Next Sosyal\u2019i duyurdu. Bu yeni platform reklam ve sans\u00fcr i\u00e7ermiyor. Kullan\u0131c\u0131lara hem \u00f6zg\u00fcr hem de g\u00fcvenli bir deneyim sunmay\u0131 hedefleyen Next uygulamas\u0131 sosyal medyan\u0131n da g\u00fcndeminde yer ald\u0131. Kullan\u0131c\u0131lar \u00fccretli mi \u00fccretsiz mi sorular\u0131n\u0131n cevaplar\u0131n\u0131 merak ediyor.<\/p>\n<p><img loading=\"lazy\" decoding=\"async\" class=\"alignnone wp-image-209508 size-full\" src=\"https:\/\/www.tgrthaber.com\/mavikadin\/wp-content\/uploads\/Ekran-Resmi-2025-07-23-17.39.17.png\" alt=\"\" width=\"990\" height=\"568\" title=\"\" srcset=\"https:\/\/www.tgrthaber.com\/mavikadin\/wp-content\/uploads\/Ekran-Resmi-2025-07-23-17.39.17.png 990w, https:\/\/www.tgrthaber.com\/mavikadin\/wp-content\/uploads\/Ekran-Resmi-2025-07-23-17.39.17-300x172.png 300w, https:\/\/www.tgrthaber.com\/mavikadin\/wp-content\/uploads\/Ekran-Resmi-2025-07-23-17.39.17-768x441.png 768w\" sizes=\"(max-width: 990px) 100vw, 990px\" \/><\/p>\n<hr \/>\n<p class=\"p1\">NEXT Teknofest Sosyal&#8217;de haber teknoloji ya\u015fam ve g\u00fcndem odakl\u0131 i\u00e7erik payla\u015f\u0131mlar\u0131 yer alacak. Bunun yan\u0131 s\u0131ra,<span class=\"Apple-converted-space\">\u00a0 <\/span>T\u00fcrkiye Teknoloji Tak\u0131m\u0131 Vakf\u0131 (T3 Vakf\u0131) ve Baykar i\u015fbirli\u011fiyle geli\u015ftirilen T\u00fcrk\u00e7e b\u00fcy\u00fck dil modeli T3 AI&#8217;y\u0131 da kullanabilecek. <b> <\/b>T\u00fcrk\u00e7e dil modeli, kendisini etiketleyerek yap\u0131lan payla\u015f\u0131mlara h\u0131zl\u0131 bir \u015fekilde cevap vererek kullan\u0131c\u0131larla etkile\u015fime ge\u00e7iyor. T3 Vakf\u0131 M\u00fctevelli Heyeti Ba\u015fkan\u0131 Sel\u00e7uk Bayraktar, platformun yerli giri\u015fimciler taraf\u0131ndan geli\u015ftirildi\u011fini ve genel kullan\u0131ma art\u0131k a\u00e7\u0131k oldu\u011funu duyurdu.<\/p>\n<p><img loading=\"lazy\" decoding=\"async\" class=\"alignnone wp-image-209514 \" src=\"https:\/\/www.tgrthaber.com\/mavikadin\/wp-content\/uploads\/Ekran-Resmi-2025-07-23-17.39.32.png\" alt=\"\" width=\"990\" height=\"512\" title=\"\" srcset=\"https:\/\/www.tgrthaber.com\/mavikadin\/wp-content\/uploads\/Ekran-Resmi-2025-07-23-17.39.32.png 944w, https:\/\/www.tgrthaber.com\/mavikadin\/wp-content\/uploads\/Ekran-Resmi-2025-07-23-17.39.32-300x155.png 300w, https:\/\/www.tgrthaber.com\/mavikadin\/wp-content\/uploads\/Ekran-Resmi-2025-07-23-17.39.32-768x397.png 768w\" sizes=\"(max-width: 990px) 100vw, 990px\" \/><\/p>\n<hr \/>\n<p class=\"p1\">Bu sosyal medya uygulamas\u0131 TEKNOFEST giri\u015fimcileri taraf\u0131ndan geli\u015ftirilen bir uygulamad\u0131r. Kullan\u0131c\u0131lar\u0131na hem reklams\u0131z hem sans\u00fcrs\u00fcz hem de etkile\u015fimli bir deneyim sunmas\u0131yla dikkat \u00e7ekmektedir. Platformun kurulma amac\u0131, , gen\u00e7 ve dinamik bir toplulu\u011fun \u00f6zg\u00fcrce fikirlerini payla\u015fabilece\u011fi bir sosyal alan olu\u015fturmakt\u0131r.<\/p>\n<h3>NEXT HESAP NASIL A\u00c7ILIR?<\/h3>\n<p class=\"p1\">Telefonunuza Android veya iOS \u00fczerinden NEXT Sosyal uygulamas\u0131n\u0131 indirip hesab\u0131n\u0131z\u0131 a\u00e7abilirsiniz. Giri\u015f Yap&#8221; butonuna t\u0131klad\u0131ktan sonra TEKNOFEST Sosyal sunucusunu se\u00e7ip &#8220;T3 SSO ile Devam Et&#8221; se\u00e7ene\u011fine t\u0131klay\u0131n.A\u00e7\u0131lan ekranda &#8220;Kay\u0131t Ol&#8221; butonuna t\u0131klay\u0131n, formu doldurup &#8220;Hesap Olu\u015ftur&#8221; deyin. Telefonunuza g\u00f6nderilen SMS kodu ile do\u011frulama yap\u0131n.<\/p>\n<p><img loading=\"lazy\" decoding=\"async\" class=\"alignnone wp-image-209517 size-large\" src=\"https:\/\/www.tgrthaber.com\/mavikadin\/wp-content\/uploads\/Ekran-Resmi-2025-07-23-17.39.42-1024x639.png\" alt=\"\" width=\"1024\" height=\"639\" title=\"\" srcset=\"https:\/\/www.tgrthaber.com\/mavikadin\/wp-content\/uploads\/Ekran-Resmi-2025-07-23-17.39.42-1024x639.png 1024w, https:\/\/www.tgrthaber.com\/mavikadin\/wp-content\/uploads\/Ekran-Resmi-2025-07-23-17.39.42-300x187.png 300w, https:\/\/www.tgrthaber.com\/mavikadin\/wp-content\/uploads\/Ekran-Resmi-2025-07-23-17.39.42-768x479.png 768w, https:\/\/www.tgrthaber.com\/mavikadin\/wp-content\/uploads\/Ekran-Resmi-2025-07-23-17.39.42.png 1090w\" sizes=\"(max-width: 1024px) 100vw, 1024px\" \/><\/p>\n<hr \/>\n<h3 class=\"p1\">NEXT TEKNOFEST SOSYAL \u00dcCRETL\u0130 M\u0130?<\/h3>\n<p class=\"p1\">Hay\u0131r, Next Teknofest Sosyal tamamen \u00fccretsiz bir platformdur.<\/p>\n<p><img loading=\"lazy\" decoding=\"async\" class=\"alignnone wp-image-209519 \" src=\"https:\/\/www.tgrthaber.com\/mavikadin\/wp-content\/uploads\/Ekran-Resmi-2025-07-23-17.39.47.png\" alt=\"\" width=\"985\" height=\"659\" title=\"\" srcset=\"https:\/\/www.tgrthaber.com\/mavikadin\/wp-content\/uploads\/Ekran-Resmi-2025-07-23-17.39.47.png 912w, https:\/\/www.tgrthaber.com\/mavikadin\/wp-content\/uploads\/Ekran-Resmi-2025-07-23-17.39.47-300x201.png 300w, https:\/\/www.tgrthaber.com\/mavikadin\/wp-content\/uploads\/Ekran-Resmi-2025-07-23-17.39.47-768x514.png 768w\" sizes=\"(max-width: 985px) 100vw, 985px\" \/><\/p>\n<hr \/>\n<h3>SEL\u00c7UK BAYRAKTAR K\u0130MD\u0130R?<\/h3>\n<p class=\"p2\">Sel\u00e7uk Bayraktar,<span class=\"Apple-converted-space\">\u00a0 <\/span>1979\u2019da \u0130stanbul Sar\u0131yer\u2019de d\u00fcnyaya gelmi\u015ftir. T\u00fcrkiye&#8217;nin ilk milli S\/\u0130HA sistemlerinin ve ilk milli insans\u0131z sava\u015f u\u00e7a\u011f\u0131n\u0131n mimar\u0131d\u0131r. \u0130lkokulu Sar\u0131yer ilk\u00f6\u011fretim\u2019de tamamlayan Bayraktar,<span class=\"Apple-converted-space\">\u00a0 <\/span>1997 y\u0131l\u0131nda Robert Kolej&#8217;den mezun olmu\u015ftur. \u0130T\u00dc Elektronik ve Haberle\u015fme M\u00fchendisli\u011fi b\u00f6l\u00fcm\u00fcnde lisans \u00f6\u011frenimini tamamlayan isim, \u00dcniversite e\u011fitimi esnas\u0131nda University of Pennsylvania&#8217;n\u0131n (UPenn) GRASP laboratuvar\u0131ndan staj kabul\u00fc alm\u0131\u015ft\u0131r. Y\u00fcksek lisans e\u011fitimlerini 2002-2004 aras\u0131nda Elektrik M\u00fchendisli\u011fi B\u00f6l\u00fcm\u00fcnde UPenn&#8217;de s\u00fcrd\u00fcrm\u00fc\u015ft\u00fcr.<\/p>\n<p><img loading=\"lazy\" decoding=\"async\" class=\"alignnone wp-image-209520 size-full\" src=\"https:\/\/www.tgrthaber.com\/mavikadin\/wp-content\/uploads\/Ekran-Resmi-2025-07-23-17.41.42.png\" alt=\"\" width=\"980\" height=\"584\" title=\"\" srcset=\"https:\/\/www.tgrthaber.com\/mavikadin\/wp-content\/uploads\/Ekran-Resmi-2025-07-23-17.41.42.png 980w, https:\/\/www.tgrthaber.com\/mavikadin\/wp-content\/uploads\/Ekran-Resmi-2025-07-23-17.41.42-300x179.png 300w, https:\/\/www.tgrthaber.com\/mavikadin\/wp-content\/uploads\/Ekran-Resmi-2025-07-23-17.41.42-768x458.png 768w\" sizes=\"(max-width: 980px) 100vw, 980px\" \/><\/p>\n<hr \/>\n<p class=\"p1\">Y\u00fcksek lisans e\u011fitiminde g\u00f6sterdi\u011fi ba\u015far\u0131l\u0131 performans\u0131 nedeniyle MIT (Massachusetts Institute of Technology)&#8217;de burslu olarak y\u00fcksek lisans-doktora teklif alm\u0131\u015ft\u0131r. MIT&#8217;deki e\u011fitimi s\u00fcrecinde \u0130nsans\u0131z Helikopter Sistemlerine agresif manevra yapma kabiliyet kazand\u0131racak otomatik u\u00e7u\u015f kontrol algoritmalar\u0131 alan\u0131nda \u00e7al\u0131\u015fmalar y\u00fcr\u00fctm\u00fc\u015ft\u00fcr. \u0130kinci y\u00fcksek lisans\u0131n\u0131 2006&#8217;da MIT Havac\u0131l\u0131k ve Uzay M\u00fchendisli\u011fi b\u00f6l\u00fcm\u00fcnde yapm\u0131\u015ft\u0131r. 2007 y\u0131l\u0131ndan bu yana Baykar b\u00fcnyesinde Teknoloji Liderli\u011fi (CTO) g\u00f6revini<span class=\"Apple-converted-space\">\u00a0 <\/span>devam ettirmektedir.<\/p>\n<p><img loading=\"lazy\" decoding=\"async\" class=\"alignnone wp-image-209522 \" src=\"https:\/\/www.tgrthaber.com\/mavikadin\/wp-content\/uploads\/Ekran-Resmi-2025-07-23-17.41.47.png\" alt=\"\" width=\"994\" height=\"589\" title=\"\" srcset=\"https:\/\/www.tgrthaber.com\/mavikadin\/wp-content\/uploads\/Ekran-Resmi-2025-07-23-17.41.47.png 938w, https:\/\/www.tgrthaber.com\/mavikadin\/wp-content\/uploads\/Ekran-Resmi-2025-07-23-17.41.47-300x178.png 300w, https:\/\/www.tgrthaber.com\/mavikadin\/wp-content\/uploads\/Ekran-Resmi-2025-07-23-17.41.47-768x455.png 768w\" sizes=\"(max-width: 994px) 100vw, 994px\" \/><\/p>\n<hr \/>\n<h3 class=\"p1\">Patentleri:<\/h3>\n<p class=\"p1\">Hava Ara\u00e7lar\u0131 \u0130\u00e7in Otomatik \u0130ni\u015f-Kalk\u0131\u015f Sistemi (T\u00fcrk Patent Enstit\u00fcs\u00fc 2015\/07928)<\/p>\n<p class=\"p1\">De\u011fi\u015fen \u00c7al\u0131\u015fma \u015eartlar\u0131n\u0131 Alg\u0131layabilen Elektromekanik Servo Motor Kontroll\u00fc Eyleyici Sistemi Ve Kontrol Metodu (T\u00fcrk Patent Enstit\u00fcs\u00fc 2015\/14111)<\/p>\n<p class=\"p1\">\u00dc\u00e7 Yedekli U\u00e7u\u015f Kontrol Sistemi (T\u00fcrk Patent Enstit\u00fcs\u00fc Ref: PT2015-00693)<\/p>\n<p class=\"p1\">Ekg Cihaz\u0131 (T\u00fcrk Patent Enstit\u00fcs\u00fc Ref: PT2015-00693)<\/p>\n","protected":false},"excerpt":{"rendered":"<p>Baykar Y\u00f6netim Kurulu Ba\u015fkan\u0131 Sel\u00e7uk Bayraktar, TEKNOFEST giri\u015fimcileri taraf\u0131ndan geli\u015ftirilen Next Sosyal platformunun art\u0131k genel kullan\u0131ma a\u00e7\u0131ld\u0131\u011f\u0131n\u0131 duyurdu. Yapay zeka destekli bu yerli ve milli platform kullan\u0131c\u0131lar\u0131n daha \u015fimdiden dikkatlerini \u00fczerine \u00e7ekti. Peki, &#8216;Next nedir ve kime ait? Next hesap nas\u0131l a\u00e7\u0131l\u0131r?&#8217; \u0130\u015fte cevab\u0131&#8230; <\/p>\n","protected":false},"author":16,"featured_media":209528,"comment_status":"closed","ping_status":"closed","sticky":false,"template":"","format":"standard","meta":{"rank_math_lock_modified_date":false,"footnotes":""},"categories":[78],"tags":[247,16916,29245,29244,29243],"class_list":["post-209496","post","type-post","status-publish","format-standard","has-post-thumbnail","hentry","category-yasam","tag-kesfet","tag-kesfet-haberleri","tag-next-hesap-nasil-acilir","tag-next-kime-ait","tag-next-nedir"],"_links":{"self":[{"href":"https:\/\/www.tgrthaber.com\/mavikadin\/wp-json\/wp\/v2\/posts\/209496"}],"collection":[{"href":"https:\/\/www.tgrthaber.com\/mavikadin\/wp-json\/wp\/v2\/posts"}],"about":[{"href":"https:\/\/www.tgrthaber.com\/mavikadin\/wp-json\/wp\/v2\/types\/post"}],"author":[{"embeddable":true,"href":"https:\/\/www.tgrthaber.com\/mavikadin\/wp-json\/wp\/v2\/users\/16"}],"replies":[{"embeddable":true,"href":"https:\/\/www.tgrthaber.com\/mavikadin\/wp-json\/wp\/v2\/comments?post=209496"}],"version-history":[{"count":1,"href":"https:\/\/www.tgrthaber.com\/mavikadin\/wp-json\/wp\/v2\/posts\/209496\/revisions"}],"predecessor-version":[{"id":209527,"href":"https:\/\/www.tgrthaber.com\/mavikadin\/wp-json\/wp\/v2\/posts\/209496\/revisions\/209527"}],"wp:featuredmedia":[{"embeddable":true,"href":"https:\/\/www.tgrthaber.com\/mavikadin\/wp-json\/wp\/v2\/media\/209528"}],"wp:attachment":[{"href":"https:\/\/www.tgrthaber.com\/mavikadin\/wp-json\/wp\/v2\/media?parent=209496"}],"wp:term":[{"taxonomy":"category","embeddable":true,"href":"https:\/\/www.tgrthaber.com\/mavikadin\/wp-json\/wp\/v2\/categories?post=209496"},{"taxonomy":"post_tag","embeddable":true,"href":"https:\/\/www.tgrthaber.com\/mavikadin\/wp-json\/wp\/v2\/tags?post=209496"}],"curies":[{"name":"wp","href":"https:\/\/api.w.org\/{rel}","templated":true}]}}