{"id":209622,"date":"2025-07-24T00:24:23","date_gmt":"2025-07-23T21:24:23","guid":{"rendered":"https:\/\/www.tgrthaber.com\/mavikadin\/?p=209622"},"modified":"2025-07-24T00:27:34","modified_gmt":"2025-07-23T21:27:34","slug":"masterchef-ana-kadroya-giren-11-yarismaci-sezer-dirican-kimdir-kac-yasinda-ne-is-yapiyor","status":"publish","type":"post","link":"https:\/\/www.tgrthaber.com\/mavikadin\/masterchef-ana-kadroya-giren-11-yarismaci-sezer-dirican-kimdir-kac-yasinda-ne-is-yapiyor\/","title":{"rendered":"MasterChef ana kadroya giren 11. yar\u0131\u015fmac\u0131 Sezer Dirican kimdir ka\u00e7 ya\u015f\u0131nda ne i\u015f yap\u0131yor?"},"content":{"rendered":"<p>TV8 ekranlar\u0131n\u0131n sevilen program\u0131 MasterChef T\u00fcrkiye&#8217;de ana kadro heyecan\u0131 devam ediyor. Son olarak kadroya 10. isim olarak kat\u0131lan \u00c7a\u011flar \u00d6z olmu\u015ftu. Yapt\u0131\u011f\u0131 ba\u015far\u0131l\u0131 tabakla ana kadroya giren \u00c7a\u011flar, \u015feflerin be\u011fenisini kazanarak MasterChef hayallerine devam etmi\u015fti. D\u00fcn ak\u015fam yay\u0131nlanan programda ana kadroya giren yedek yar\u0131\u015fmac\u0131lar a\u00e7\u0131kland\u0131. Bu ak\u015fam ise ana kadroya giren 11. yar\u0131\u015fmac\u0131 belli oldu. Yapt\u0131\u011f\u0131 ba\u015far\u0131l\u0131 tabakla \u015feflerin be\u011fenisini kazanan Sezer Dirican ana kadroya giren 11. yar\u0131\u015fmac\u0131 oldu. Sezer Dirican&#8217;\u0131n ana kadroda yer almas\u0131yla birlikte hayat\u0131 da merak edildi. Peki MasterChef 23 Temmuz 2025 ana kadroya giren 11. yar\u0131\u015fmac\u0131 Sezer Dirican kimdir, ka\u00e7 ya\u015f\u0131nda, ne i\u015f yap\u0131yor? \u0130\u015fte hayat\u0131na dair merak edilenler&#8230;<\/p>\n<h3>MASTERCHEF ANA KADRO HEYECANI DEVAM ED\u0130YOR<\/h3>\n<p>Ekranlar\u0131n ilgilye seyredilen yar\u0131\u015fma program\u0131 MasterChef T\u00fcrkiye&#8217;de yar\u0131\u015fmac\u0131lar ana kadroya girebilmek i\u00e7in adeta ter d\u00f6k\u00fcyor. 3. grubun dahil oldu\u011fu yar\u0131\u015fmaya yeni isimler kat\u0131ld\u0131. D\u00fcn ak\u015fam programda ana kadroya giren yedek yar\u0131\u015fmac\u0131lar a\u00e7\u0131klanm\u0131\u015ft\u0131. Son olarak 10. isim olan \u00c7a\u011flar \u00d6z kadroya ismini yazd\u0131rm\u0131\u015ft\u0131. Bu ak\u015fam ise ana kadroya giren 11. yar\u0131\u015fmac\u0131 a\u00e7\u0131kland\u0131. Sezer Dirican&#8217;\u0131n ba\u015far\u0131l\u0131 taba\u011f\u0131 \u015fefler taraf\u0131ndan be\u011fenilince kadroya al\u0131nd\u0131. Sezer Dirican&#8217;\u0131n ana kadroda yer almas\u0131yla birlikte hayat\u0131 da merak edildi.<\/p>\n<p><img loading=\"lazy\" decoding=\"async\" class=\"alignnone wp-image-209631 \" src=\"https:\/\/www.tgrthaber.com\/mavikadin\/wp-content\/uploads\/Ekran-Resmi-2025-07-23-18.37.38-1.png\" alt=\"\" width=\"990\" height=\"660\" title=\"\" srcset=\"https:\/\/www.tgrthaber.com\/mavikadin\/wp-content\/uploads\/Ekran-Resmi-2025-07-23-18.37.38-1.png 882w, https:\/\/www.tgrthaber.com\/mavikadin\/wp-content\/uploads\/Ekran-Resmi-2025-07-23-18.37.38-1-300x200.png 300w, https:\/\/www.tgrthaber.com\/mavikadin\/wp-content\/uploads\/Ekran-Resmi-2025-07-23-18.37.38-1-768x512.png 768w\" sizes=\"(max-width: 990px) 100vw, 990px\" \/><\/p>\n<hr \/>\n<h3>MASTERCHEF ANA KADROYA G\u0130REN 11. YARI\u015eMACI SEZER D\u0130R\u0130CAN K\u0130MD\u0130R KA\u00c7 YA\u015eINDA NE \u0130\u015e YAPIYOR?<\/h3>\n<p>MasterChef ana kadroya giren 11. yar\u0131\u015fmac\u0131 Sezer Dirican, \u00a01995 do\u011fumlu. Sekt\u00f6rde 7 y\u0131ld\u0131r aktif olarak \u00e7al\u0131\u015fan yar\u0131\u015fmac\u0131 bu ak\u015fam \u00f6zg\u00fcnl\u00fck etab\u0131nda haz\u0131rlad\u0131\u011f\u0131 kirazla yapt\u0131\u011f\u0131 tatl\u0131yla \u015fefleri mest etti. Aslen Amasyal\u0131 ola yar\u0131\u015fmac\u0131<span class=\"Apple-converted-space\">\u00a0 <\/span>restoran ve kafelerde &#8216;Ched De Partie&#8217; pozisyonunda \u00e7al\u0131\u015fm\u0131\u015ft\u0131r.<\/p>\n<p><img loading=\"lazy\" decoding=\"async\" class=\"alignnone wp-image-209749 size-full\" src=\"https:\/\/www.tgrthaber.com\/mavikadin\/wp-content\/uploads\/Ekran-Resmi-2025-07-24-00.19.12.png\" alt=\"\" width=\"1006\" height=\"640\" title=\"\" srcset=\"https:\/\/www.tgrthaber.com\/mavikadin\/wp-content\/uploads\/Ekran-Resmi-2025-07-24-00.19.12.png 1006w, https:\/\/www.tgrthaber.com\/mavikadin\/wp-content\/uploads\/Ekran-Resmi-2025-07-24-00.19.12-300x191.png 300w, https:\/\/www.tgrthaber.com\/mavikadin\/wp-content\/uploads\/Ekran-Resmi-2025-07-24-00.19.12-768x489.png 768w\" sizes=\"(max-width: 1006px) 100vw, 1006px\" \/><\/p>\n<hr \/>\n<h3 class=\"p1\">MASTERCHEF 2025<span class=\"Apple-converted-space\">\u00a0 <\/span>ANA KADROYA G\u0130REN YARI\u015eMACILAR K\u0130MLER?<\/h3>\n<p class=\"p1\">Furkan<\/p>\n<p class=\"p1\">Eyl\u00fcl<\/p>\n<p class=\"p1\">\u00c7a\u011fatay<\/p>\n<p class=\"p1\">Onur<\/p>\n<p><img loading=\"lazy\" decoding=\"async\" class=\"alignnone wp-image-209632 size-large\" src=\"https:\/\/www.tgrthaber.com\/mavikadin\/wp-content\/uploads\/Ekran-Resmi-2025-07-23-18.41.20-1024x587.png\" alt=\"\" width=\"1024\" height=\"587\" title=\"\" srcset=\"https:\/\/www.tgrthaber.com\/mavikadin\/wp-content\/uploads\/Ekran-Resmi-2025-07-23-18.41.20-1024x587.png 1024w, https:\/\/www.tgrthaber.com\/mavikadin\/wp-content\/uploads\/Ekran-Resmi-2025-07-23-18.41.20-300x172.png 300w, https:\/\/www.tgrthaber.com\/mavikadin\/wp-content\/uploads\/Ekran-Resmi-2025-07-23-18.41.20-768x440.png 768w, https:\/\/www.tgrthaber.com\/mavikadin\/wp-content\/uploads\/Ekran-Resmi-2025-07-23-18.41.20.png 1030w\" sizes=\"(max-width: 1024px) 100vw, 1024px\" \/><\/p>\n<hr \/>\n<p class=\"p1\">Hilal<\/p>\n<p class=\"p1\">Sercan<\/p>\n<p class=\"p1\">Ayla<\/p>\n<p class=\"p1\">\u0130hsan<\/p>\n<p class=\"p1\">Ayten<\/p>\n<p class=\"p1\">\u00c7a\u011flar<\/p>\n<p><img loading=\"lazy\" decoding=\"async\" class=\"alignnone wp-image-209633 size-large\" src=\"https:\/\/www.tgrthaber.com\/mavikadin\/wp-content\/uploads\/Ekran-Resmi-2025-07-23-20.23.55-1024x609.png\" alt=\"\" width=\"1024\" height=\"609\" title=\"\" srcset=\"https:\/\/www.tgrthaber.com\/mavikadin\/wp-content\/uploads\/Ekran-Resmi-2025-07-23-20.23.55-1024x609.png 1024w, https:\/\/www.tgrthaber.com\/mavikadin\/wp-content\/uploads\/Ekran-Resmi-2025-07-23-20.23.55-300x179.png 300w, https:\/\/www.tgrthaber.com\/mavikadin\/wp-content\/uploads\/Ekran-Resmi-2025-07-23-20.23.55-768x457.png 768w, https:\/\/www.tgrthaber.com\/mavikadin\/wp-content\/uploads\/Ekran-Resmi-2025-07-23-20.23.55-1536x914.png 1536w, https:\/\/www.tgrthaber.com\/mavikadin\/wp-content\/uploads\/Ekran-Resmi-2025-07-23-20.23.55.png 1862w\" sizes=\"(max-width: 1024px) 100vw, 1024px\" \/><\/p>\n<hr \/>\n<h3 class=\"p1\">MASTERCHEF ANA KADROYA G\u0130REN YEDEK YARI\u015eMACILAR K\u0130MLER?<\/h3>\n<p class=\"p1\">Elif<\/p>\n<p class=\"p1\">Bilal<\/p>\n<p class=\"p1\">Meryem<\/p>\n<p class=\"p1\">Do\u011fan<\/p>\n<p class=\"p1\">Nisa,<\/p>\n<p class=\"p1\">\u00a0Bar\u0131\u015f<\/p>\n<p class=\"p1\">Alperen<\/p>\n<p class=\"p1\">Deniz<\/p>\n<p><img loading=\"lazy\" decoding=\"async\" class=\"alignnone wp-image-209634 size-large\" src=\"https:\/\/www.tgrthaber.com\/mavikadin\/wp-content\/uploads\/Ekran-Resmi-2025-07-23-20.24.58-1024x625.png\" alt=\"\" width=\"1024\" height=\"625\" title=\"\" srcset=\"https:\/\/www.tgrthaber.com\/mavikadin\/wp-content\/uploads\/Ekran-Resmi-2025-07-23-20.24.58-1024x625.png 1024w, https:\/\/www.tgrthaber.com\/mavikadin\/wp-content\/uploads\/Ekran-Resmi-2025-07-23-20.24.58-300x183.png 300w, https:\/\/www.tgrthaber.com\/mavikadin\/wp-content\/uploads\/Ekran-Resmi-2025-07-23-20.24.58-768x468.png 768w, https:\/\/www.tgrthaber.com\/mavikadin\/wp-content\/uploads\/Ekran-Resmi-2025-07-23-20.24.58.png 1046w\" sizes=\"(max-width: 1024px) 100vw, 1024px\" \/><\/p>\n<hr \/>\n<h3>MASTERCHEF T\u00dcRK\u0130YE&#8217;YE NASIL BA\u015eVURULUR?<\/h3>\n<p>MasterChef T\u00fcrkiye&#8217;nin bu sezon i\u00e7in ba\u015fvurular\u0131 bitti. Yeni sezona kat\u0131lmak isteyen yar\u0131\u015fmac\u0131 adaylar\u0131 TV8&#8217;in resmi internet sitesinde yer alan formu eksiksiz bir \u015fekilde doldurarak kadroda yer alabilir. Bunun yan\u0131 s\u0131ra yar\u0131\u015fmac\u0131 adaylar\u0131n\u0131n kendilerini tan\u0131tt\u0131klar\u0131 bir videonun da siteye y\u00fcklenmesi gerekiyor. Bu video \u00f6zellikle \u00f6n elemelerde olduk\u00e7a \u00f6nem ta\u015f\u0131yor.<\/p>\n","protected":false},"excerpt":{"rendered":"<p>MasterChef yeni sezonu heyecanla devam ediyor. D\u00fcn ak\u015fam yedek yar\u0131\u015fmac\u0131lar\u0131n a\u00e7\u0131kland\u0131\u011f\u0131 programda bu ak\u015fam ana kadroya giren 11. isim belli oldu. Sezer Dirican&#8217;\u0131n ana kadroya giren 11. yar\u0131\u015fmac\u0131 olmas\u0131yla birlikte hayat\u0131 merak edildi. Peki MasterChef ana kadroya giren 11. yar\u0131\u015fmac\u0131 Sezer Dirican kimdir, ka\u00e7 ya\u015f\u0131nda, ne i\u015f yap\u0131yor? \u0130\u015fte detaylar&#8230; <\/p>\n","protected":false},"author":16,"featured_media":209750,"comment_status":"closed","ping_status":"closed","sticky":false,"template":"","format":"standard","meta":{"rank_math_lock_modified_date":false,"footnotes":""},"categories":[491],"tags":[3374,16521,29308,29307,29309],"class_list":["post-209622","post","type-post","status-publish","format-standard","has-post-thumbnail","hentry","category-biyografi","tag-biyografi","tag-biyografi-haberleri","tag-masterchef-ana-kadroya-giren-11-yarismaci-sezer-dirican-kac-yasinda","tag-masterchef-ana-kadroya-giren-11-yarismaci-sezer-dirican-kimdir","tag-masterchef-ana-kadroya-giren-11-yarismaci-sezer-dirican-ne-is-yapiyor"],"_links":{"self":[{"href":"https:\/\/www.tgrthaber.com\/mavikadin\/wp-json\/wp\/v2\/posts\/209622"}],"collection":[{"href":"https:\/\/www.tgrthaber.com\/mavikadin\/wp-json\/wp\/v2\/posts"}],"about":[{"href":"https:\/\/www.tgrthaber.com\/mavikadin\/wp-json\/wp\/v2\/types\/post"}],"author":[{"embeddable":true,"href":"https:\/\/www.tgrthaber.com\/mavikadin\/wp-json\/wp\/v2\/users\/16"}],"replies":[{"embeddable":true,"href":"https:\/\/www.tgrthaber.com\/mavikadin\/wp-json\/wp\/v2\/comments?post=209622"}],"version-history":[{"count":3,"href":"https:\/\/www.tgrthaber.com\/mavikadin\/wp-json\/wp\/v2\/posts\/209622\/revisions"}],"predecessor-version":[{"id":209761,"href":"https:\/\/www.tgrthaber.com\/mavikadin\/wp-json\/wp\/v2\/posts\/209622\/revisions\/209761"}],"wp:featuredmedia":[{"embeddable":true,"href":"https:\/\/www.tgrthaber.com\/mavikadin\/wp-json\/wp\/v2\/media\/209750"}],"wp:attachment":[{"href":"https:\/\/www.tgrthaber.com\/mavikadin\/wp-json\/wp\/v2\/media?parent=209622"}],"wp:term":[{"taxonomy":"category","embeddable":true,"href":"https:\/\/www.tgrthaber.com\/mavikadin\/wp-json\/wp\/v2\/categories?post=209622"},{"taxonomy":"post_tag","embeddable":true,"href":"https:\/\/www.tgrthaber.com\/mavikadin\/wp-json\/wp\/v2\/tags?post=209622"}],"curies":[{"name":"wp","href":"https:\/\/api.w.org\/{rel}","templated":true}]}}